{"id":205150,"date":"2026-01-14T21:27:07","date_gmt":"2026-01-14T21:27:07","guid":{"rendered":"https:\/\/www.europesays.com\/pl\/205150\/"},"modified":"2026-01-14T21:27:07","modified_gmt":"2026-01-14T21:27:07","slug":"schreiber-pokazala-jak-wygladala-10-lat-temu-inna-kobieta","status":"publish","type":"post","link":"https:\/\/www.europesays.com\/pl\/205150\/","title":{"rendered":"Schreiber pokaza\u0142a, jak wygl\u0105da\u0142a 10 lat temu. &#8222;INNA KOBIETA&#8221;"},"content":{"rendered":"<p>Od kilku dni w\u00a0internecie kr\u00f3luje trend <a href=\"https:\/\/www.pudelek.pl\/2016challenge-by-pudelek-tak-wygladaly-gwiazdy-dekade-temu-poznajecie-stare-zdjecia-7242939258644992g\" rel=\"noopener noreferrer nofollow\" target=\"_blank\">#2016challenge.<\/a> W zwi\u0105zku z\u00a0tym Instagram zalewaj\u0105 zdj\u0119cia sprzed dekady. Chc\u0105ce by\u0107 na czasie gwiazdki ochoczo wspominaj\u0105 rok 2016 i\u00a0pokazuj\u0105, jak w\u00f3wczas wygl\u0105da\u0142y. Jak mo\u017cna si\u0119 domy\u015bli\u0107, wi\u0119kszo\u015b\u0107 z\u00a0nich dzi\u015b zupe\u0142nie nie przypomina samych siebie z\u00a0tamtego okresu. O\u00a0wrzucenie archiwalnych fotografii pokusi\u0142y si\u0119 ju\u017c m.in. <a href=\"https:\/\/www.pudelek.pl\/caroline-derpienski-odkopala-zdjecia-sprzed-10-lat-i-zwrocila-sie-do-hejterow-gdzie-te-operacje-plastyczne-co-mi-wmawiacie-foto-7241531158190592a\" rel=\"noopener noreferrer nofollow\" target=\"_blank\">Caroline Derpienski<\/a>, <a href=\"https:\/\/www.pudelek.pl\/dominika-serowska-odgrzebala-swoje-fotki-sprzed-10-lat-robione-kalkulatorem-stare-zdjecia-7242633967721440g\" rel=\"noopener noreferrer nofollow\" target=\"_blank\">Dominika Serowska<\/a> czy \u017cona <a href=\"https:\/\/www.pudelek.pl\/tag\/jakub+rze%C5%BAniczak\/\" rel=\"noopener noreferrer nofollow\" target=\"_blank\">Jakuba Rze\u017aniczaka<\/a> &#8211; Paulina Rze\u017aniczak.<\/p>\n<p>Tak Wersow, Wieniawa i\u00a0Kubicka wygl\u0105da\u0142y 10\u00a0lat temu. Poznajecie? <\/p>\n<p>Internetowemu trendowi uleg\u0142a tak\u017ce Marianna Schreiber. Celebrytka, kt\u00f3ra uwielbia chwali\u0107 si\u0119 tym, jak\u0105 metamorfoz\u0119 przesz\u0142a, z\u00a0pewno\u015bci\u0105 z\u00a0rado\u015bci\u0105 wykona\u0142a kola\u017c ukazuj\u0105cy j\u0105 aktualnie oraz 10 lat temu. Na starym kadrze widzimy Mariann\u0119 jako brunetk\u0119. W\u00a0oczy rzucaj\u0105 si\u0119 tak\u017ce jej mocno zarysowane brwi.<\/p>\n<p>S\u0105dz\u0105c po komentarzach, internauci s\u0105 podzieleni, w\u00a0sprawie tego, kiedy freak fighterka wygl\u0105da\u0142a korzystniej.<\/p>\n<p>Ale glow up; O wow! Jak dwie inne osoby; Kochana, zmiana na du\u017cy plus; Teraz milion razy lepiej; Zupe\u0142nie inna kobieta; Teraz milion dolar\u00f3w; Coraz m\u0142odsza; Nie do wiary, lata na plus &#8211; pisali wielbiciele jej przemiany.<\/p>\n<p>By\u0142o dobrze; Ciemne w\u0142osy s\u0105 dla ciebie top; Po prawej lepiej moim zdaniem. Usta znacznie \u0142adniejszy kszta\u0142t; Czarna te\u017c \u0142adnie &#8211; czytamy w\u00a0komentarzach tych, kt\u00f3rzy woleli j\u0105 w\u00a0poprzednim wcieleniu.<\/p>\n<p>Przypominamy, \u017ce w\u00a0ostatnich latach celebrytka przesz\u0142a sporo mniej b\u0105d\u017a bardziej inwazyjnych zabieg\u00f3w. Schreiber ma na swoim koncie m.in. korekt\u0119 nosa czy powi\u0119kszenie biustu.<\/p>\n","protected":false},"excerpt":{"rendered":"Od kilku dni w\u00a0internecie kr\u00f3luje trend #2016challenge. W zwi\u0105zku z\u00a0tym Instagram zalewaj\u0105 zdj\u0119cia sprzed dekady. Chc\u0105ce by\u0107 na&hellip;\n","protected":false},"author":2,"featured_media":205151,"comment_status":"","ping_status":"","sticky":false,"template":"","format":"standard","meta":{"footnotes":""},"categories":[22],"tags":[122,42,38,40,39,41,123],"class_list":{"0":"post-205150","1":"post","2":"type-post","3":"status-publish","4":"format-standard","5":"has-post-thumbnail","7":"category-rozrywka","8":"tag-entertainment","9":"tag-pl","10":"tag-poland","11":"tag-polish","12":"tag-polska","13":"tag-polski","14":"tag-rozrywka"},"share_on_mastodon":{"url":"https:\/\/pubeurope.com\/@pl\/115895575966245625","error":""},"_links":{"self":[{"href":"https:\/\/www.europesays.com\/pl\/wp-json\/wp\/v2\/posts\/205150","targetHints":{"allow":["GET"]}}],"collection":[{"href":"https:\/\/www.europesays.com\/pl\/wp-json\/wp\/v2\/posts"}],"about":[{"href":"https:\/\/www.europesays.com\/pl\/wp-json\/wp\/v2\/types\/post"}],"author":[{"embeddable":true,"href":"https:\/\/www.europesays.com\/pl\/wp-json\/wp\/v2\/users\/2"}],"replies":[{"embeddable":true,"href":"https:\/\/www.europesays.com\/pl\/wp-json\/wp\/v2\/comments?post=205150"}],"version-history":[{"count":0,"href":"https:\/\/www.europesays.com\/pl\/wp-json\/wp\/v2\/posts\/205150\/revisions"}],"wp:featuredmedia":[{"embeddable":true,"href":"https:\/\/www.europesays.com\/pl\/wp-json\/wp\/v2\/media\/205151"}],"wp:attachment":[{"href":"https:\/\/www.europesays.com\/pl\/wp-json\/wp\/v2\/media?parent=205150"}],"wp:term":[{"taxonomy":"category","embeddable":true,"href":"https:\/\/www.europesays.com\/pl\/wp-json\/wp\/v2\/categories?post=205150"},{"taxonomy":"post_tag","embeddable":true,"href":"https:\/\/www.europesays.com\/pl\/wp-json\/wp\/v2\/tags?post=205150"}],"curies":[{"name":"wp","href":"https:\/\/api.w.org\/{rel}","templated":true}]}}