{"id":205321,"date":"2026-01-14T23:04:11","date_gmt":"2026-01-14T23:04:11","guid":{"rendered":"https:\/\/www.europesays.com\/pl\/205321\/"},"modified":"2026-01-14T23:04:11","modified_gmt":"2026-01-14T23:04:11","slug":"real-madryt-wyeliminowany-z-pucharu-krola-fatalny-debiut-trenera","status":"publish","type":"post","link":"https:\/\/www.europesays.com\/pl\/205321\/","title":{"rendered":"Real Madryt wyeliminowany z Pucharu Kr\u00f3la. Fatalny debiut trenera"},"content":{"rendered":"<p class=\"typography ids-typeset-body ids-typeset-body--preset-large link paragraph ids-paragraph ids-paragraph--default\">Alvaro Arbeloa debiutowa\u0142 tym spotkaniem w roli pierwszego trenera Realu. Kilkadziesi\u0105t godzin wcze\u015bniej zast\u0105pi\u0142 w trybie nag\u0142ym Xabiego Alonso, zwolnionego po przegranym finale Superpucharu Hiszpanii. Starcie z drugoligowcem wydawa\u0142o si\u0119 idealn\u0105 okazj\u0105 do zaliczenia premiery. Przynajmniej w teorii.<\/p>\n<p class=\"typography ids-typeset-body ids-typeset-body--preset-large link paragraph ids-paragraph ids-paragraph--default\">Albacete, niewielkie miasto na po\u0142udniowym wschodzie Hiszpanii, jest spragnione wielkiego futbolu. Miejscowa dru\u017cyna w La Liga nie gra od ponad 20 lat. Przyjazd ekipy z Madrytu by\u0142 dla lokals\u00f3w \u015bwi\u0119tem.<\/p>\n<p>Puchar Kr\u00f3la. Real ju\u017c za burt\u0105. Alvaro Arbeloa zaliczy\u0142 debiut jak koszmar na jawie<\/p>\n<p class=\"typography ids-typeset-body ids-typeset-body--preset-large link paragraph ids-paragraph ids-paragraph--default\">Nieznaczna przewaga optyczna &#8222;Los Blancos&#8221; w pierwszej ods\u0142onie nie mia\u0142a \u017cadnego znaczenia. Nie prze\u0142o\u017cy\u0142a si\u0119 bowiem na obj\u0119cie prowadzenia. Gospodarze bronili si\u0119 kurczowo, ale skutecznie.<\/p>\n<p class=\"typography ids-typeset-body ids-typeset-body--preset-large link paragraph ids-paragraph ids-paragraph--default\">Poziom spotkania nie m\u00f3g\u0142 zachwyci\u0107. Real chcia\u0142 rzuci\u0107 na kolana ni\u017cej notowanego rywala jak najmniejszym nak\u0142adem si\u0142. Efekt? Kunktatorska postawa zem\u015bci\u0142a si\u0119 jeszcze przed przerw\u0105.<\/p>\n<p class=\"typography ids-typeset-body ids-typeset-body--preset-large link paragraph ids-paragraph ids-paragraph--default\">Kiedy wydawa\u0142o si\u0119, \u017ce do przerwy utrzyma si\u0119 bezbramkowy remis, pad\u0142y dwa ciosy. Niespodziewanie jako pierwsi uderzyli ci, kt\u00f3rzy skazywani byli na po\u017carcie.<\/p>\n<p class=\"typography ids-typeset-body ids-typeset-body--preset-large link paragraph ids-paragraph ids-paragraph--default\">By\u0142a 42. minuta, gdy pi\u0142k\u0119 centrowan\u0105 z kornera uderzy\u0142 na pi\u0105tym metrze Javier Villar. Trafi\u0142 nieczysto, potykaj\u0105c si\u0119 przy strzale. Mimo to futbol\u00f3wka trafi\u0142a pod poprzeczk\u0119 i by\u0142o 1:0!<\/p>\n<p class=\"typography ids-typeset-body ids-typeset-body--preset-large link paragraph ids-paragraph ids-paragraph--default\">Na trybunach zapanowa\u0142a euforia, ale zosta\u0142a ugaszona ju\u017c po sze\u015bciu minutach. Wyr\u00f3wnuj\u0105ca bramka te\u017c pad\u0142a po rzucie ro\u017cnym. Strza\u0142 Deana Huijsena stoj\u0105cy mi\u0119dzy s\u0142upkami Raul Liozain zdo\u0142a\u0142 jeszcze odbi\u0107, ale wobec dobitki Franca Mastantuono by\u0142 ju\u017c bezradny.<\/p>\n<p class=\"typography ids-typeset-body ids-typeset-body--preset-large link paragraph ids-paragraph ids-paragraph--default\">Po zmianie stron boiskowe wydarzenia toczy\u0142y si\u0119 wed\u0142ug tego samego scenariusza. &#8222;Kr\u00f3lewscy&#8221; konstruowali kolejne ataki, a defensywa Albecete seryjnie je neutralizowa\u0142a. \u017badna ze stron nie stworzy\u0142a sobie stuprocentowej okazji do zdobycia gola.<\/p>\n<p class=\"typography ids-typeset-body ids-typeset-body--preset-large link paragraph ids-paragraph ids-paragraph--default\">W poprzedniej rundzie gospodarze wyeliminowali Celt\u0119 Vigo po rzutach karnych. Zanosi\u0142o si\u0119 na dogrywk\u0119 r\u00f3wnie\u017c w tym spotkaniu. Wystarczy\u0142 jednak jeden b\u0142\u0105d w polu karnym Realu, by po raz kolejny zapachnia\u0142o sensacj\u0105.<\/p>\n<p class=\"typography ids-typeset-body ids-typeset-body--preset-large link paragraph ids-paragraph ids-paragraph--default\">Jeszcze raz bramk\u0119 poprzedzi\u0142o do\u015brodkowanie z rzutu ro\u017cnego. Tym razem niefortunnie interweniowa\u0142 Gonzalo Garcia, zagrywaj\u0105c pi\u0142k\u0119 pod nogi Jefte Betancora. Ten przymierzy\u0142 bez zastanowienia i zrobi\u0142o si\u0119 2:1!<\/p>\n<p class=\"typography ids-typeset-body ids-typeset-body--preset-large link paragraph ids-paragraph ids-paragraph--default\">By\u0142a 82. minuta. Wicemistrzowie Hiszpanii mieli bardzo niewiele czasu, by doprowadzi\u0107 do wyr\u00f3wnania. W dodatku grali bez Kyliana Mbappe, kt\u00f3ry w takich sytuacjach okazywa\u0142 si\u0119 zwykle wybawicielem.<\/p>\n<p class=\"typography ids-typeset-body ids-typeset-body--preset-large link paragraph ids-paragraph ids-paragraph--default\">Mimo absencji Francuza cel zosta\u0142 osi\u0105gni\u0119ty. W pierwszej minucie doliczonego czasu gry\u00a0po kolejnym kornerze g\u0142ow\u0105 trafi\u0142 do siatki Gonzalo Garcia. Publika pogr\u0105\u017cy\u0142a si\u0119 w rozpaczy, ale&#8230; nie na d\u0142ugo.<\/p>\n<p class=\"typography ids-typeset-body ids-typeset-body--preset-large link paragraph ids-paragraph ids-paragraph--default\">Tu\u017c przed ko\u0144cowym gwizdkiem zab\u00f3jcz\u0105 kontr\u0119 gospodarzy sfinalizowa\u0142 na raty Betancor. Real za burt\u0105 Copa del Rey po 1\/8 fina\u0142u! Na krajowym podw\u00f3rku do zdobycia pozostaje mu ju\u017c tylko &#8211; bagatela &#8211; tytu\u0142 mistrzowski.<\/p>\n<p>Real Madryt &#8211; Real Betis. Skr\u00f3t meczu. WIDEO (Eleven Sports)Eleven SportsEleven Sports<\/p>\n<p><img decoding=\"async\" class=\"ids-image-holder__img\" loading=\"lazy\" alt=\"Zawodnik w niebieskim stroju drybluje pi\u0142k\u0119, pr\u00f3buj\u0105c min\u0105\u0107 przeciwnik\u00f3w w bia\u0142ych koszulkach. W tle widoczni s\u0105 kolejni pi\u0142karze oraz s\u0119dzia, a trybuny wype\u0142nione s\u0105 kibicami.\" title=\"Vinicius Junior (przy pi\u0142ce) bez wsparcia kontuzjowanego Kyliana Mbappe okaza\u0142 si\u0119 w starciu z II-ligowcem bezradny\" width=\"3392\" height=\"2262\" src=\"https:\/\/www.europesays.com\/pl\/wp-content\/uploads\/2026\/01\/000M78I8P4JC5MPS-C323-F4.webp.webp\"\/><\/p>\n<p>Vinicius Junior (przy pi\u0142ce) bez wsparcia kontuzjowanego Kyliana Mbappe okaza\u0142 si\u0119 w starciu z II-ligowcem bezradnyManuPAP<\/p>\n<p><img decoding=\"async\" class=\"ids-image-holder__img\" loading=\"lazy\" alt=\"M\u0119\u017cczyzna o ciemnych w\u0142osach i brodzie w ciemnym p\u0142aszczu, id\u0105cy obok konstrukcji z logo z czerwonym okr\u0119giem i bia\u0142ymi literami, najprawdopodobniej w otoczeniu stadionu lub budynku sportowego.\" title=\"Alvaro Arbeloa zaliczy\u0142 wyj\u0105tkowo bolesny falstart\u00a0\" width=\"4256\" height=\"2832\" src=\"https:\/\/www.europesays.com\/pl\/wp-content\/uploads\/2026\/01\/000M78HEQ24FSRG0-C323-F4.webp.webp\"\/><\/p>\n<p>Alvaro Arbeloa zaliczy\u0142 wyj\u0105tkowo bolesny falstart\u00a0ManuPAP<\/p>\n<p><a class=\"ids-undecorated-link source ids-page-info--source__link\" href=\"https:\/\/www.interia.pl\" rel=\"nofollow noopener\" target=\"_blank\"><img decoding=\"async\" class=\"ids-image-holder__img\" loading=\"lazy\" alt=\"\" title=\"\" height=\"24px\" src=\"https:\/\/www.europesays.com\/pl\/wp-content\/uploads\/2026\/01\/1768417092_915_0009A60QQ5I2TYF7-C202-F4.webp.webp\"\/><\/a><\/p>\n<p>Masz sugestie, uwagi albo widzisz b\u0142\u0105d? Napisz do nas<\/p>\n","protected":false},"excerpt":{"rendered":"Alvaro Arbeloa debiutowa\u0142 tym spotkaniem w roli pierwszego trenera Realu. Kilkadziesi\u0105t godzin wcze\u015bniej zast\u0105pi\u0142 w trybie nag\u0142ym Xabiego&hellip;\n","protected":false},"author":2,"featured_media":205322,"comment_status":"","ping_status":"","sticky":false,"template":"","format":"standard","meta":{"footnotes":""},"categories":[24],"tags":[42,38,40,39,41,127,126],"class_list":{"0":"post-205321","1":"post","2":"type-post","3":"status-publish","4":"format-standard","5":"has-post-thumbnail","7":"category-sport","8":"tag-pl","9":"tag-poland","10":"tag-polish","11":"tag-polska","12":"tag-polski","13":"tag-sport","14":"tag-sports"},"share_on_mastodon":{"url":"https:\/\/pubeurope.com\/@pl\/115895957246867948","error":""},"_links":{"self":[{"href":"https:\/\/www.europesays.com\/pl\/wp-json\/wp\/v2\/posts\/205321","targetHints":{"allow":["GET"]}}],"collection":[{"href":"https:\/\/www.europesays.com\/pl\/wp-json\/wp\/v2\/posts"}],"about":[{"href":"https:\/\/www.europesays.com\/pl\/wp-json\/wp\/v2\/types\/post"}],"author":[{"embeddable":true,"href":"https:\/\/www.europesays.com\/pl\/wp-json\/wp\/v2\/users\/2"}],"replies":[{"embeddable":true,"href":"https:\/\/www.europesays.com\/pl\/wp-json\/wp\/v2\/comments?post=205321"}],"version-history":[{"count":0,"href":"https:\/\/www.europesays.com\/pl\/wp-json\/wp\/v2\/posts\/205321\/revisions"}],"wp:featuredmedia":[{"embeddable":true,"href":"https:\/\/www.europesays.com\/pl\/wp-json\/wp\/v2\/media\/205322"}],"wp:attachment":[{"href":"https:\/\/www.europesays.com\/pl\/wp-json\/wp\/v2\/media?parent=205321"}],"wp:term":[{"taxonomy":"category","embeddable":true,"href":"https:\/\/www.europesays.com\/pl\/wp-json\/wp\/v2\/categories?post=205321"},{"taxonomy":"post_tag","embeddable":true,"href":"https:\/\/www.europesays.com\/pl\/wp-json\/wp\/v2\/tags?post=205321"}],"curies":[{"name":"wp","href":"https:\/\/api.w.org\/{rel}","templated":true}]}}