{"id":205323,"date":"2026-01-14T23:05:10","date_gmt":"2026-01-14T23:05:10","guid":{"rendered":"https:\/\/www.europesays.com\/pl\/205323\/"},"modified":"2026-01-14T23:05:10","modified_gmt":"2026-01-14T23:05:10","slug":"zwiastun-3-sezonu-euforii-hitowy-serial-hbo-powraca-po-latach","status":"publish","type":"post","link":"https:\/\/www.europesays.com\/pl\/205323\/","title":{"rendered":"Zwiastun 3. sezonu Euforii. Hitowy serial HBO powraca po latach!"},"content":{"rendered":"<p>                    <img loading=\"lazy\" decoding=\"async\" width=\"800\" height=\"383\" alt=\"Euforia - sezon 3\" src=\"https:\/\/cdn1.naekranie.pl\/media%2Fcache%2Farticle-cover%2F2025%2F12%2Fzendaya_693c47e738ed2.webp\" class=\"cover-fit img-fluid exclude-from-sen-gallery\" style=\"aspect-ratio: 1.7780678851175\" onerror=\"this.onerror=null;this.src=\" https:=\"\"\/><\/p>\n<p>                            fot. HBO<\/p>\n<p>HBO opublikowa\u0142o zwiastun 3. sezonu Euforii.\u00a0Serial powraca na ekrany po ponad czterech latach. Za sterami serialu powraca w roli scenarzysty i showrunnera tw\u00f3rca tego serialu, Sam Levinson. By\u0142 moment, gdy fani ju\u017c stracili nadziej\u0119 na kontynuacj\u0119, ale ta jednak powsta\u0142\u0105 i ju\u017c nied\u0142ugo pojawi si\u0119 na ekranach. Pierwszy zwiastun ods\u0142ania karty.<\/p>\n<p>Euforia &#8211; zwiastun 3. sezonu<\/p>\n<p>Euforia &#8211; co wiemy o 3. sezonie?<\/p>\n<p>Chocia\u017c nie pojawi\u0142 si\u0119 jeszcze oficjalny opis fabu\u0142y &#8211; znamy losy niekt\u00f3rych postaci. Wiadomo, \u017ce nast\u0105pi przeskok czasowy o 5 lat. Rue jest zad\u0142u\u017cona u Laurie i pr\u00f3buje znale\u017a\u0107 spos\u00f3b, by sp\u0142aci\u0107 po\u017cyczk\u0119. Cassie i Nate s\u0105 zar\u0119czeni i planuj\u0105 \u015blub.\u00a0Jules jest w szkole artystycznej i stresuje si\u0119 karier\u0105 malarki. Maddy przenios\u0142a si\u0119 do Hollywood i pracuje w agencji aktorskiej. Sharon Stone pojawi si\u0119 go\u015bcinnie w roli showrunnerki serialu, kt\u00f3ra zatrudnia Lexi jako asystentk\u0119.<\/p>\n<p>Euforia &#8211; obsada 3. sezonu<\/p>\n<p>W g\u0142\u00f3wnej obsadzie znale\u017ali si\u0119 mi\u0119dzy innymi: Zendaya, Hunter Schafer, Eric Dane, Jacob Elordi, Sydney Sweeney, Colman Domingo, Alexa Demie, Maude Apatow, Martha Kelly, Chloe Cherry, Dominic Fike, Nika King, Alanna Ubach, Daeg Faerch, Melvin \u201eBonez\u201d Estes, Paula Marshall, Sophia Rose Wilson oraz Zak Steiner. Go\u015bcinnie pojawi\u0105 si\u0119: Rosal\u00eda, Trisha Paytas, Natasha Lyonne, Danielle Deadwyler, Eli Roth, Marshawn Lynch, Adewale Akinnuoye-Agbaje, Toby Wallace, Darrell Britt-Gibson, Kadeem Hardison, Priscilla Delgado, James Landry H\u00e9bert, Anna Van Patten, Asante Blackk, Bella Podaras, Bill Bodner, Cailyn Rice, Colleen Camp, Gideon Adlon, Hemky Madera, Homer Gere, Jack Topalian, Jessica Blair Herman, Kwame Patterson, Madison Thompson, Matthew Willig, Rebecca Pidgeon oraz Sam Trammell.<\/p>\n<p>Premiera 3. sezonu serialu\u00a0<a class=\"swap-title\" title=\"Euforia\" href=\"https:\/\/naekranie.pl\/seriale\/euphoria\" target=\"_blank\" rel=\"noreferrer noopener nofollow\">Euforia<\/a> na HBO Max zosta\u0142a zaplanowana na 12 kwietnia 2026 roku.\u00a0<\/p>\n<p>Euforia &#8211; zdj\u0119cia z 3. sezonu<\/p>\n","protected":false},"excerpt":{"rendered":"fot. HBO HBO opublikowa\u0142o zwiastun 3. sezonu Euforii.\u00a0Serial powraca na ekrany po ponad czterech latach. Za sterami serialu&hellip;\n","protected":false},"author":2,"featured_media":205324,"comment_status":"","ping_status":"","sticky":false,"template":"","format":"standard","meta":{"footnotes":""},"categories":[22],"tags":[122,42,38,40,39,41,123],"class_list":{"0":"post-205323","1":"post","2":"type-post","3":"status-publish","4":"format-standard","5":"has-post-thumbnail","7":"category-rozrywka","8":"tag-entertainment","9":"tag-pl","10":"tag-poland","11":"tag-polish","12":"tag-polska","13":"tag-polski","14":"tag-rozrywka"},"share_on_mastodon":{"url":"https:\/\/pubeurope.com\/@pl\/115895961073230394","error":""},"_links":{"self":[{"href":"https:\/\/www.europesays.com\/pl\/wp-json\/wp\/v2\/posts\/205323","targetHints":{"allow":["GET"]}}],"collection":[{"href":"https:\/\/www.europesays.com\/pl\/wp-json\/wp\/v2\/posts"}],"about":[{"href":"https:\/\/www.europesays.com\/pl\/wp-json\/wp\/v2\/types\/post"}],"author":[{"embeddable":true,"href":"https:\/\/www.europesays.com\/pl\/wp-json\/wp\/v2\/users\/2"}],"replies":[{"embeddable":true,"href":"https:\/\/www.europesays.com\/pl\/wp-json\/wp\/v2\/comments?post=205323"}],"version-history":[{"count":0,"href":"https:\/\/www.europesays.com\/pl\/wp-json\/wp\/v2\/posts\/205323\/revisions"}],"wp:featuredmedia":[{"embeddable":true,"href":"https:\/\/www.europesays.com\/pl\/wp-json\/wp\/v2\/media\/205324"}],"wp:attachment":[{"href":"https:\/\/www.europesays.com\/pl\/wp-json\/wp\/v2\/media?parent=205323"}],"wp:term":[{"taxonomy":"category","embeddable":true,"href":"https:\/\/www.europesays.com\/pl\/wp-json\/wp\/v2\/categories?post=205323"},{"taxonomy":"post_tag","embeddable":true,"href":"https:\/\/www.europesays.com\/pl\/wp-json\/wp\/v2\/tags?post=205323"}],"curies":[{"name":"wp","href":"https:\/\/api.w.org\/{rel}","templated":true}]}}