{"id":205423,"date":"2026-01-15T00:12:19","date_gmt":"2026-01-15T00:12:19","guid":{"rendered":"https:\/\/www.europesays.com\/pl\/205423\/"},"modified":"2026-01-15T00:12:19","modified_gmt":"2026-01-15T00:12:19","slug":"atak-nozem-we-wroclawiu-policja-zatrzymala-poszukiwana-15-latke","status":"publish","type":"post","link":"https:\/\/www.europesays.com\/pl\/205423\/","title":{"rendered":"Atak no\u017cem we Wroc\u0142awiu. Policja zatrzyma\u0142a poszukiwan\u0105 15-latk\u0119"},"content":{"rendered":"<ul class=\"list-summary__items summary\">\n<li>Jak dosz\u0142o do ataku na 77-latk\u0119 we Wroc\u0142awiu.<\/li>\n<li>Co ujawni\u0142o nagranie z monitoringu o poszukiwanej.<\/li>\n<li>Kt\u00f3re dzia\u0142ania podj\u0119\u0142a policja po incydencie przy ulicy Sztabowej.<\/li>\n<\/ul>\n<p>    <a name=\"eztoc36576446_0_3\" id=\"eztoc36576446_0_3\"\/>Wroc\u0142aw. Policja szuka m\u0142odej kobiety, mia\u0142a zaatakowa\u0107 77-latk\u0119<\/p>\n<p>Do zdarzenia dosz\u0142o w pi\u0105tek 9 stycznia ok. po\u0142udnia przy ulicy Sztabowej we Wroc\u0142awiu. Wed\u0142ug ustale\u0144 \u015bledczych m\u0142oda kobieta (z pocz\u0105tku jej wieku nie okre\u015blono) mia\u0142a kilka razy d\u017agn\u0105\u0107 no\u017cem 77-letni\u0105 seniork\u0119. W wyniku tego incydentu poszkodowana trafi\u0142a do szpitala, a\u00a0podejrzewana o ten czyn oddali\u0142a si\u0119 z miejsca.<\/p>\n<p>Komenda Miejska oraz Komenda Wojew\u00f3dzka Policji we Wroc\u0142awiu opublikowa\u0142y na swoich stronach internetowych komunikat w tej sprawie oraz wizerunek poszukiwanej w formie zdj\u0119\u0107 oraz nagra\u0144 wideo z kamer miejskiego monitoringu. Wida\u0107 na nich m\u0142od\u0105 kobiet\u0119 o ciemnych w\u0142osach, ubran\u0105 w granatow\u0105 kurtk\u0119 z kapturem, popielate spodnie oraz ciemnoniebieskie buty.\u00a0<\/p>\n<p>Ostatecznie, jak ustali\u0142o Radio ZET, jeszcze tego samego dnia sprawczyni ataku zosta\u0142a zatrzymana. Okazuje si\u0119, \u017ce ma ona zaledwie 15 lat. &#8222;Dziewczyna mia\u0142a zada\u0107 seniorce kilka cios\u00f3w no\u017cem, kiedy ta wysiada\u0142a z samochodu, motyw pozostaje nieznany&#8221; &#8211; informowa\u0142a reporterka Gra\u017cyna Waitr. 77-latka wysz\u0142a ju\u017c ze szpitala.<\/p>\n<p>Na razie policja prowadzi spraw\u0119 pod nadzorem prokuratury. 15-latk\u0105 ma si\u0119 r\u00f3wnie\u017c zaj\u0105\u0107 s\u0105d rodzinny. Ten mo\u017ce zdecydowa\u0107, czy b\u0119dzie odpowiada\u0107 karnie, czy te\u017c zastosowa\u0107 wobec niej \u015brodki wychowawcze.<\/p>\n<p>\u0179r\u00f3d\u0142o: Radio ZET\/wroclaw.policja.gov.pl\/Gra\u017cyna Wiatr<\/p>\n<p>By\u0142e\u015b \u015bwiadkiem czego\u015b niespodziewanego? Masz temat, kt\u00f3rym powinni\u015bmy si\u0119 zaj\u0105\u0107?<\/p>\n<p>Zg\u0142o\u015b spraw\u0119 przez <a href=\"https:\/\/wiadomosci.radiozet.pl\/czerwony-telefon\" target=\"_blank\" title=\"Czerwony telefon Radia Zet\" rel=\"nofollow noopener\">Czerwony telefon Radia ZET<\/a><\/p>\n","protected":false},"excerpt":{"rendered":"Jak dosz\u0142o do ataku na 77-latk\u0119 we Wroc\u0142awiu. Co ujawni\u0142o nagranie z monitoringu o poszukiwanej. Kt\u00f3re dzia\u0142ania podj\u0119\u0142a&hellip;\n","protected":false},"author":2,"featured_media":205424,"comment_status":"","ping_status":"","sticky":false,"template":"","format":"standard","meta":{"footnotes":""},"categories":[12],"tags":[744,32,33,36,37,27,34,35,28,31,25,5184,42,38,414,40,39,41,3991,5121,29,30,26,1853],"class_list":{"0":"post-205423","1":"post","2":"type-post","3":"status-publish","4":"format-standard","5":"has-post-thumbnail","7":"category-polska","8":"tag-atak","9":"tag-breaking-news","10":"tag-breakingnews","11":"tag-featured-news","12":"tag-featurednews","13":"tag-headlines","14":"tag-latest-news","15":"tag-latestnews","16":"tag-naglowki","17":"tag-najwazniejsze-artykuly","18":"tag-news","19":"tag-noz","20":"tag-pl","21":"tag-poland","22":"tag-policja","23":"tag-polish","24":"tag-polska","25":"tag-polski","26":"tag-poszukiwana","27":"tag-seniorzy","28":"tag-top-stories","29":"tag-topstories","30":"tag-wiadomosci","31":"tag-wroclaw"},"share_on_mastodon":{"url":"https:\/\/pubeurope.com\/@pl\/115896224693899045","error":""},"_links":{"self":[{"href":"https:\/\/www.europesays.com\/pl\/wp-json\/wp\/v2\/posts\/205423","targetHints":{"allow":["GET"]}}],"collection":[{"href":"https:\/\/www.europesays.com\/pl\/wp-json\/wp\/v2\/posts"}],"about":[{"href":"https:\/\/www.europesays.com\/pl\/wp-json\/wp\/v2\/types\/post"}],"author":[{"embeddable":true,"href":"https:\/\/www.europesays.com\/pl\/wp-json\/wp\/v2\/users\/2"}],"replies":[{"embeddable":true,"href":"https:\/\/www.europesays.com\/pl\/wp-json\/wp\/v2\/comments?post=205423"}],"version-history":[{"count":0,"href":"https:\/\/www.europesays.com\/pl\/wp-json\/wp\/v2\/posts\/205423\/revisions"}],"wp:featuredmedia":[{"embeddable":true,"href":"https:\/\/www.europesays.com\/pl\/wp-json\/wp\/v2\/media\/205424"}],"wp:attachment":[{"href":"https:\/\/www.europesays.com\/pl\/wp-json\/wp\/v2\/media?parent=205423"}],"wp:term":[{"taxonomy":"category","embeddable":true,"href":"https:\/\/www.europesays.com\/pl\/wp-json\/wp\/v2\/categories?post=205423"},{"taxonomy":"post_tag","embeddable":true,"href":"https:\/\/www.europesays.com\/pl\/wp-json\/wp\/v2\/tags?post=205423"}],"curies":[{"name":"wp","href":"https:\/\/api.w.org\/{rel}","templated":true}]}}