{"id":205513,"date":"2026-01-15T01:24:18","date_gmt":"2026-01-15T01:24:18","guid":{"rendered":"https:\/\/www.europesays.com\/pl\/205513\/"},"modified":"2026-01-15T01:24:18","modified_gmt":"2026-01-15T01:24:18","slug":"gol-bednarka-zdecydowal-o-losach-hitu-polak-poslal-giganta-na-kolana","status":"publish","type":"post","link":"https:\/\/www.europesays.com\/pl\/205513\/","title":{"rendered":"Gol Bednarka zdecydowa\u0142 o losach hitu. Polak pos\u0142a\u0142 giganta na kolana"},"content":{"rendered":"<p class=\"typography ids-typeset-body ids-typeset-body--preset-large link paragraph ids-paragraph ids-paragraph--default\">S\u0105 takie mecze, kt\u00f3re powoduj\u0105 u fan\u00f3w przyspieszone bicie serca. W Portugalii niew\u0105tpliwie tego typu efekty wywo\u0142uje s\u0142ynne &#8222;O Classico&#8221;, a wi\u0119c starcie FC Porto z Benfik\u0105 Lizbona. S\u0105 to bowiem dwie najbardziej utytu\u0142owane ekipy kraju, kt\u00f3re stale walcz\u0105 ze sob\u0105 o status dominatora portugalskiego futbolu.<\/p>\n<p class=\"typography ids-typeset-body ids-typeset-body--preset-large link paragraph ids-paragraph ids-paragraph--default\">Od pewnego czasu dru\u017cyna &#8222;Smok\u00f3w&#8221; jest niezwykle bliska sercom kibic\u00f3w z kraju nad Wis\u0142\u0105. Powodem takiego stanu rzeczy jest zakontraktowanie a\u017c trzech reprezentant\u00f3w Polski. Ju\u017c od pewnego czasu w dru\u017cynie znajduje si\u0119 bowiem Jan Bednarek oraz Jakub Kiwior. Raptem kilka dni temu szeregi zespo\u0142u zasili\u0142 r\u00f3wnie\u017c niekwestionowany talent rodzimego futbolu &#8211; Oskar Pietuszewski.<\/p>\n<p class=\"typography ids-typeset-body ids-typeset-body--preset-large link paragraph ids-paragraph ids-paragraph--default\">Wy\u017cej wymieniona tr\u00f3jka znalaz\u0142a si\u0119 w kadrze meczowej na \u015brodowe spotkanie z Benfik\u0105. By\u0142 to arcywa\u017cny mecz, bowiem do &#8222;O Classico&#8221; dosz\u0142o na etapie \u0107wier\u0107fina\u0142u tegorocznej edycji Taca de Portugal. Stwarza\u0142o to wi\u0119c niepowtarzaln\u0105 okazj\u0119 do wyeliminowania odwiecznych rywali z gry o upragnione trofeum.<\/p>\n<p>Bednarek zn\u00f3w to zrobi\u0142. Polak bohaterem pierwszej po\u0142owy portugalskiego hitu<\/p>\n<p class=\"typography ids-typeset-body ids-typeset-body--preset-large link paragraph ids-paragraph ids-paragraph--default\">Ju\u017c od samego pocz\u0105tku czu\u0107 by\u0142o ogromn\u0105 stawk\u0119 tego spotkania. Pi\u0142karze obu dru\u017cyn nie zamierzali obchodzi\u0107 si\u0119 delikatnie ze swoimi rywalami. To skutkowa\u0142o ogromn\u0105 ilo\u015bci\u0105 mniej, lub bardziej brutalnych przewinie\u0144. Jedno z nich zako\u0144czy\u0142o si\u0119 kilkuminutow\u0105 przerw\u0105 w grze, spowodowan\u0105 urazem Martima Fernandesa. Defensor FC Porto ostatecznie podni\u00f3s\u0142 si\u0119 jednak z murawy i kontynuowa\u0142 sw\u00f3j udzia\u0142 w tym arcywa\u017cnym meczu.<\/p>\n<p class=\"typography ids-typeset-body ids-typeset-body--preset-large link paragraph ids-paragraph ids-paragraph--default\">W ostatnim czasie Jan Bednarek wyr\u00f3s\u0142 na niekwestionowanego bohatera &#8222;Smok\u00f3w&#8221;. Zazwyczaj jego \u015bwietne wyst\u0119py skupia\u0142y si\u0119 jednak na wype\u0142nianiu obowi\u0105zk\u00f3w defensywnych. W starciu z Benfik\u0105 reprezentant Polski postanowi\u0142 popisa\u0107 si\u0119 r\u00f3wnie\u017c swoimi umiej\u0119tno\u015bciami w ataku. Po do\u015brodkowaniu z rzutu ro\u017cnego pi\u0142ka trafi\u0142a wprost na g\u0142ow\u0119 \u015bwietnie ustawionego Bednarka. Ten nie waha\u0142 si\u0119 ani chwili, oddaj\u0105c pewny strza\u0142 w kierunku bramki rywali. Golkiper z Lizbony nie mia\u0142 w tej sytuacji najmniejszych szans. Tym sposobem Jan Bednarek wyprowadzi\u0142 swoj\u0105 dru\u017cyn\u0119 na jednobramkowe prowadzenie w hitowym spotkaniu z odwiecznym rywalem.<\/p>\n<p class=\"typography ids-typeset-body ids-typeset-body--preset-large link paragraph ids-paragraph ids-paragraph--default\">Trafienie defensora z kraju nad Wis\u0142\u0105 wla\u0142o w serca jego koleg\u00f3w z dru\u017cyny pot\u0119\u017cne pok\u0142ady pewno\u015bci siebie. Dalsza cz\u0119\u015b\u0107 pierwszej po\u0142owy zdecydowanie nale\u017ca\u0142a do graczy FC Porto. Byli oni niezwykle szczelni w obronie, dzi\u0119ki czemu pi\u0142karze z Lizbony nie dali rady doprowadzi\u0107 do szybkiego wyr\u00f3wnania.<\/p>\n<p class=\"typography ids-typeset-body ids-typeset-body--preset-large link paragraph ids-paragraph ids-paragraph--default\">Atmosfera na murawie wci\u0105\u017c by\u0142a mocno napi\u0119ta. Niestety, tu\u017c przed przerw\u0105 dosz\u0142o do bardzo nieprzyjemnej sytuacji. Po jednym ze star\u0107 na muraw\u0119 pad\u0142 bowiem Richard Rios. 25-letni Kolumbijczyk wyra\u017anie sygnalizowa\u0142 b\u00f3l w okolicy barku. Interwencja medyczna wykluczy\u0142a dalszy udzia\u0142 pi\u0142karza w meczu. Jego miejsce zaj\u0105\u0142 Georgiy Sudakov.<\/p>\n<p class=\"typography ids-typeset-body ids-typeset-body--preset-large link paragraph ids-paragraph ids-paragraph--default\">Przykre wydarzenie nie da\u0142o jednak do my\u015blenia pi\u0142karzom obu dru\u017cyn. Raptem kilka chwil p\u00f3\u017aniej dosz\u0142o do ostrej szamotaniny w wyniku kt\u00f3rej \u017c\u00f3\u0142te kartoniki obejrzeli Amar Dedi\u0107, Vangelis Pavlidis oraz Samu Aghehowa. Taka sama kara spotka\u0142a r\u00f3wnie\u017c Jana Bednarka, kt\u00f3ry w p\u00f3\u017aniejszej akcji dopu\u015bci\u0142 si\u0119 faulu na rywalu.<\/p>\n<p class=\"typography ids-typeset-body ids-typeset-body--preset-large link paragraph ids-paragraph ids-paragraph--default\">Do przerwy zawodnicy Porto mieli jeszcze kilka okazji do podwy\u017cszenia swojego prowadzenia. \u017badna z wypracowanych akcji nie zako\u0144czy\u0142a si\u0119 jednak golem. Tym samym losy \u0107wier\u0107fina\u0142owego starcia Porto z Benfik\u0105 wci\u0105\u017c pozostawa\u0142y otwarte.<\/p>\n<p>Dwa upadki Jana Bednarka. Polak nie podejmowa\u0142 niepotrzebnego ryzyka<\/p>\n<p class=\"typography ids-typeset-body ids-typeset-body--preset-large link paragraph ids-paragraph ids-paragraph--default\">Zar\u00f3wno Jose Mourinho, jak r\u00f3wnie\u017c Francesco Farioli\u00a0nie zdecydowali si\u0119 na przeprowadzenie zmian w przerwie meczu. Pierwszy celny strza\u0142 w drugiej po\u0142owie spotkania odda\u0142 wspomniany wcze\u015bniej Pavlidis. Diogo Costa nie mia\u0142 jednak wi\u0119kszych problem\u00f3w ze z\u0142apaniem futbol\u00f3wki.<\/p>\n<p class=\"typography ids-typeset-body ids-typeset-body--preset-large link paragraph ids-paragraph ids-paragraph--default\">W okolicy 53. minuty byli\u015bmy \u015bwiadkami sytuacji, kt\u00f3ra wla\u0142a niepok\u00f3j w serca kibic\u00f3w z kraju nad Wis\u0142\u0105. Na muraw\u0119 samoczynnie upad\u0142 strzelec premierowego gola Jan Bednarek. Polak wskazywa\u0142 na mi\u0119sie\u0144 czworog\u0142owy, jednocze\u015bnie wysy\u0142aj\u0105c jednak uspokajaj\u0105ce sygna\u0142y w kierunku trenera. Na szcz\u0119\u015bcie Bednarek szybko powr\u00f3ci\u0142 po tym incydencie do gry.<\/p>\n<p class=\"typography ids-typeset-body ids-typeset-body--preset-large link paragraph ids-paragraph ids-paragraph--default\">W dalszej cz\u0119\u015bci meczu wspomniany Diogo Costa mia\u0142 kilka okazji do zaprezentowania swoich bramkarskich umiej\u0119tno\u015bci. Portugalski golkiper stawa\u0142 na wysoko\u015bci zadania, dzielnie broni\u0105c wypracowanego prowadzenia.<\/p>\n<p class=\"typography ids-typeset-body ids-typeset-body--preset-large link paragraph ids-paragraph ids-paragraph--default\">W 61. minucie dosz\u0142o do pierwszych zmian po stronie FC Porto. Na murawie zameldowali si\u0119 William Gomes oraz Rodrigo Mora. Boisko opu\u015bcili natomiast Borja Sainz i Gabri Veiga. Na \u0142awce rezerwowych wci\u0105\u017c pozostawa\u0142 trzeci reprezentant kraju nad Wis\u0142\u0105 Oskar Pietuszewski.<\/p>\n<p class=\"typography ids-typeset-body ids-typeset-body--preset-large link paragraph ids-paragraph ids-paragraph--default\">Mimo wprowadzenia \u015bwie\u017cej krwi, nieco wi\u0119ksz\u0105 inicjatyw\u0105 wykazali si\u0119 gracze Benfiki. Coraz cz\u0119\u015bciej meldowali si\u0119 oni pod polem karnym gospodarzy, pr\u00f3buj\u0105c zagrozi\u0107 ich prowadzeniu. Akcjom podopiecznych Mourinho brakowa\u0142o jednak nieco dok\u0142adno\u015bci, dzi\u0119ki czemu defensorzy Porto d\u0142ugo neutralizowali zagro\u017cenie.<\/p>\n<p class=\"typography ids-typeset-body ids-typeset-body--preset-large link paragraph ids-paragraph ids-paragraph--default\">Niestety, w okolicy 75. minuty meczu Jan Bednarek ponownie upad\u0142 na muraw\u0119. W kierunku Polaka natychmiast ruszy\u0142 zesp\u00f3\u0142 medyczny, wyposa\u017cony w nosze. Na szcz\u0119\u015bcie Bednarek ponownie wsta\u0142 o w\u0142asnych si\u0142ach. Polak wola\u0142 jednak nie ryzykowa\u0107 i chwil\u0119 p\u00f3\u017aniej opu\u015bci\u0142 plac gry, b\u0119d\u0105c zast\u0105pionym przez Alana Varel\u0119. Z boiska zszed\u0142 r\u00f3wnie\u017c Martim Fernandes, a w jego miejsce na murawie zameldowa\u0142 si\u0119 Alberto Costa.<\/p>\n<p class=\"typography ids-typeset-body ids-typeset-body--preset-large link paragraph ids-paragraph ids-paragraph--default\">Obraz tego meczu m\u00f3g\u0142 ulec ca\u0142kowitej zmianie tu\u017c przed doliczonym czasem gry. Pi\u0142ka trafi\u0142a bowiem do ustawionego kilka metr\u00f3w od linii bramkowej Pavlidisa. Grek mia\u0142 stuprocentow\u0105 okazj\u0119 do wyr\u00f3wnania stanu rywalizacji. Brak odpowiedniej decyzji sprawi\u0142 jednak, \u017ce futbol\u00f3wka min\u0119\u0142a jego nog\u0119, a chwil\u0119 p\u00f3\u017aniej opu\u015bci\u0142a pole karne FC Porto. B\u0142\u0105d ten ostatecznie kosztowa\u0142 Benfik\u0119 odpadni\u0119cie z tegorocznej edycji rozgrywek Taca de Portugal. FC Porto mog\u0142o natomiast \u015bwi\u0119towa\u0107 ogromny sukces, kt\u00f3rego ojcem zosta\u0142 Jan Bednarek.<\/p>\n<ul class=\"typography ids-typeset-text ids-typeset-text--preset-small list--article-list ids-list ids-list--unordered ids-list--size-small \" datatype=\"disc\">\n<li class=\"ids-list-item ids-list-item__content brief-list-item\"><a class=\"ids-undecorated-link link ids-link \" data-spons=\"false\" href=\"https:\/\/sport.interia.pl\/pilka-nozna\/serie-a\/news-nerwowo-na-san-siro-to-nie-tak-mialo-wygladac-zielinski-juz,nId,22508991\" rel=\"nofollow noopener\" target=\"_blank\">Nerwowo na San Siro. To nie tak mia\u0142o wygl\u0105da\u0107, Zieli\u0144ski ju\u017c by\u0142 gotowy<\/a><\/li>\n<li class=\"ids-list-item ids-list-item__content brief-list-item\"><a class=\"ids-undecorated-link link ids-link \" data-spons=\"false\" href=\"https:\/\/sport.interia.pl\/pilka-nozna\/la-liga\/news-pajor-sprowadzona-na-ziemie-popis-barcelony-w-hicie-polka-by,nId,22508959\" rel=\"nofollow noopener\" target=\"_blank\">Pajor sprowadzona na ziemi\u0119. Popis Barcelony w hicie, Polka by\u0142a t\u0142em<\/a><\/li>\n<\/ul>\n<p><img decoding=\"async\" class=\"ids-image-holder__img\" loading=\"lazy\" alt=\"Dw\u00f3ch pi\u0142karzy w niebiesko-bia\u0142ych strojach \u015bciska si\u0119 i u\u015bmiecha z rado\u015bci po udanym momencie w meczu, w tle widoczny jeszcze jeden zawodnik oraz rozmazane postaci na trybunach.\" title=\"Jan Bednarek\" width=\"1717\" height=\"1142\" src=\"https:\/\/www.europesays.com\/pl\/wp-content\/uploads\/2026\/01\/000M4IVF9NKVR8TH-C323-F4.webp.webp\"\/><\/p>\n<p>Jan BednarekMatthieu Mirville \/ Matthieu Mirville \/ DPPI via AFPAFP<\/p>\n<p><img decoding=\"async\" class=\"ids-image-holder__img\" loading=\"lazy\" alt=\"Kadr z meczu FC Porto - Benfica Lizbona\" title=\"Kadr z meczu FC Porto - Benfica Lizbona\" width=\"2640\" height=\"1760\" src=\"https:\/\/www.europesays.com\/pl\/wp-content\/uploads\/2026\/01\/000M78EV2F2YPOBK-C323-F4.webp.webp\"\/><\/p>\n<p>Kadr z meczu FC Porto &#8211; Benfica LizbonaNurPhotoGetty Images<\/p>\n<p><img decoding=\"async\" class=\"ids-image-holder__img\" loading=\"lazy\" alt=\"Mecz pi\u0142ki no\u017cnej na du\u017cym stadionie, zawodnicy w czerwonych i niebieskich strojach walcz\u0105 o pi\u0142k\u0119 w polu karnym, wok\u00f3\u0142 widoczny t\u0142um kibic\u00f3w i silne o\u015bwietlenie nad boiskiem.\" title=\"Kadr z meczu FC Porto - Benfica Lizbona\" width=\"4500\" height=\"3000\" src=\"https:\/\/www.europesays.com\/pl\/wp-content\/uploads\/2026\/01\/000M78CB2BCSXE4D-C323-F4.webp.webp\"\/><\/p>\n<p>Kadr z meczu FC Porto &#8211; Benfica LizbonaJOSE MANUEL ALVAREZ REYGetty Images<\/p>\n<p>AS Roma &#8211; Torino FC. Skr\u00f3t meczu. WIDEOPolsat SportPolsat Sport<\/p>\n<p><a class=\"ids-undecorated-link source ids-page-info--source__link\" href=\"https:\/\/www.interia.pl\" rel=\"nofollow noopener\" target=\"_blank\"><img decoding=\"async\" class=\"ids-image-holder__img\" loading=\"lazy\" alt=\"\" title=\"\" height=\"24px\" src=\"https:\/\/www.europesays.com\/pl\/wp-content\/uploads\/2026\/01\/1768417092_915_0009A60QQ5I2TYF7-C202-F4.webp.webp\"\/><\/a><\/p>\n<p>Masz sugestie, uwagi albo widzisz b\u0142\u0105d? Napisz do nas<\/p>\n","protected":false},"excerpt":{"rendered":"S\u0105 takie mecze, kt\u00f3re powoduj\u0105 u fan\u00f3w przyspieszone bicie serca. W Portugalii niew\u0105tpliwie tego typu efekty wywo\u0142uje s\u0142ynne&hellip;\n","protected":false},"author":2,"featured_media":205514,"comment_status":"","ping_status":"","sticky":false,"template":"","format":"standard","meta":{"footnotes":""},"categories":[24],"tags":[42,38,40,39,41,127,126],"class_list":{"0":"post-205513","1":"post","2":"type-post","3":"status-publish","4":"format-standard","5":"has-post-thumbnail","7":"category-sport","8":"tag-pl","9":"tag-poland","10":"tag-polish","11":"tag-polska","12":"tag-polski","13":"tag-sport","14":"tag-sports"},"share_on_mastodon":{"url":"https:\/\/pubeurope.com\/@pl\/115896507852070974","error":""},"_links":{"self":[{"href":"https:\/\/www.europesays.com\/pl\/wp-json\/wp\/v2\/posts\/205513","targetHints":{"allow":["GET"]}}],"collection":[{"href":"https:\/\/www.europesays.com\/pl\/wp-json\/wp\/v2\/posts"}],"about":[{"href":"https:\/\/www.europesays.com\/pl\/wp-json\/wp\/v2\/types\/post"}],"author":[{"embeddable":true,"href":"https:\/\/www.europesays.com\/pl\/wp-json\/wp\/v2\/users\/2"}],"replies":[{"embeddable":true,"href":"https:\/\/www.europesays.com\/pl\/wp-json\/wp\/v2\/comments?post=205513"}],"version-history":[{"count":0,"href":"https:\/\/www.europesays.com\/pl\/wp-json\/wp\/v2\/posts\/205513\/revisions"}],"wp:featuredmedia":[{"embeddable":true,"href":"https:\/\/www.europesays.com\/pl\/wp-json\/wp\/v2\/media\/205514"}],"wp:attachment":[{"href":"https:\/\/www.europesays.com\/pl\/wp-json\/wp\/v2\/media?parent=205513"}],"wp:term":[{"taxonomy":"category","embeddable":true,"href":"https:\/\/www.europesays.com\/pl\/wp-json\/wp\/v2\/categories?post=205513"},{"taxonomy":"post_tag","embeddable":true,"href":"https:\/\/www.europesays.com\/pl\/wp-json\/wp\/v2\/tags?post=205513"}],"curies":[{"name":"wp","href":"https:\/\/api.w.org\/{rel}","templated":true}]}}