{"id":205519,"date":"2026-01-15T01:28:08","date_gmt":"2026-01-15T01:28:08","guid":{"rendered":"https:\/\/www.europesays.com\/pl\/205519\/"},"modified":"2026-01-15T01:28:08","modified_gmt":"2026-01-15T01:28:08","slug":"zachwycony-trump-ujawnil-rozmowe-z-nowa-prezydent-wenezueli","status":"publish","type":"post","link":"https:\/\/www.europesays.com\/pl\/205519\/","title":{"rendered":"Zachwycony Trump ujawni\u0142 rozmow\u0119 z now\u0105 prezydent Wenezueli"},"content":{"rendered":"<p>Wcze\u015bniej podczas rozmowy z\u00a0dziennikarzami w\u00a0Gabinecie Owalnym chwali\u0142 nast\u0119pczyni\u0119 Nicolasa Maduro jako &#8222;niesamowit\u0105 osob\u0119&#8221; i\u00a0podkre\u015bli\u0142, \u017ce ich rozmowa telefoniczna by\u0142a d\u0142uga i\u00a0&#8222;\u015bwietna&#8221;. Nie zdradzi\u0142 jednak jej tre\u015bci, wspominaj\u0105c jedynie o\u00a0umowie w\u00a0sprawie sprzeda\u017cy 50 mln bary\u0142ek wenezuelskiej ropy przez USA.<\/p>\n<p>\u2013 Przekazem jest Wenezuela, kt\u00f3ra otwiera si\u0119 na nowy okres polityczny, dopuszczaj\u0105cy porozumienie pomimo r\u00f3\u017cnic ideologicznych \u2013\u00a0powiedzia\u0142a Rodriguez w\u00a0wyst\u0105pieniu dla medi\u00f3w, w\u00a0czasie kt\u00f3rego towarzyszy\u0142 jej m.in. szef MSZ Diosdado Cabello.<\/p>\n<p>O\u015bwiadczy\u0142a r\u00f3wnie\u017c, \u017ce z\u00a0wi\u0119zie\u0144 wypuszczono ju\u017c 406 os\u00f3b. Organizacja pozarz\u0105dowa monitoruj\u0105ca sytuacj\u0119 wi\u0119\u017ani\u00f3w politycznych w\u00a0Wenezueli potwierdzi\u0142a jednak uwolnienie tylko 72 os\u00f3b, odk\u0105d w\u00a0styczniu w\u0142adze w\u00a0Caracas og\u0142osi\u0142y decyzj\u0119 o\u00a0wypuszczeniu z\u00a0wi\u0119zie\u0144 &#8222;znacznej liczby&#8221; skazanych. W\u015br\u00f3d os\u00f3b wypuszczonych z\u00a0wi\u0119zie\u0144 s\u0105 obywatele Hiszpanii, USA, W\u0142och i\u00a0Peru \u2013\u00a0wynika z\u00a0informacji przekazanych przez w\u0142adze tych kraj\u00f3w.<\/p>\n<p>Organizacje praw cz\u0142owieka i\u00a0wenezuelska opozycja od lat domagaj\u0105 si\u0119 uwolnienia wi\u0119\u017ani\u00f3w politycznych, kt\u00f3rych liczb\u0119 Foro Penal szacowa\u0142 w\u00a0grudniu na ponad 800.<\/p>\n<p>\u0179r\u00f3d\u0142o: PAP, Truth Social<\/p>\n","protected":false},"excerpt":{"rendered":"Wcze\u015bniej podczas rozmowy z\u00a0dziennikarzami w\u00a0Gabinecie Owalnym chwali\u0142 nast\u0119pczyni\u0119 Nicolasa Maduro jako &#8222;niesamowit\u0105 osob\u0119&#8221; i\u00a0podkre\u015bli\u0142, \u017ce ich rozmowa telefoniczna&hellip;\n","protected":false},"author":2,"featured_media":205520,"comment_status":"","ping_status":"","sticky":false,"template":"","format":"standard","meta":{"footnotes":""},"categories":[14],"tags":[32,33,27,34,35,28,31,25,40,41,80,29,30,26,82,83,84],"class_list":{"0":"post-205519","1":"post","2":"type-post","3":"status-publish","4":"format-standard","5":"has-post-thumbnail","7":"category-swiat","8":"tag-breaking-news","9":"tag-breakingnews","10":"tag-headlines","11":"tag-latest-news","12":"tag-latestnews","13":"tag-naglowki","14":"tag-najwazniejsze-artykuly","15":"tag-news","16":"tag-polish","17":"tag-polski","18":"tag-swiat","19":"tag-top-stories","20":"tag-topstories","21":"tag-wiadomosci","22":"tag-world","23":"tag-world-news","24":"tag-worldnews"},"share_on_mastodon":{"url":"https:\/\/pubeurope.com\/@pl\/115896523520403436","error":""},"_links":{"self":[{"href":"https:\/\/www.europesays.com\/pl\/wp-json\/wp\/v2\/posts\/205519","targetHints":{"allow":["GET"]}}],"collection":[{"href":"https:\/\/www.europesays.com\/pl\/wp-json\/wp\/v2\/posts"}],"about":[{"href":"https:\/\/www.europesays.com\/pl\/wp-json\/wp\/v2\/types\/post"}],"author":[{"embeddable":true,"href":"https:\/\/www.europesays.com\/pl\/wp-json\/wp\/v2\/users\/2"}],"replies":[{"embeddable":true,"href":"https:\/\/www.europesays.com\/pl\/wp-json\/wp\/v2\/comments?post=205519"}],"version-history":[{"count":0,"href":"https:\/\/www.europesays.com\/pl\/wp-json\/wp\/v2\/posts\/205519\/revisions"}],"wp:featuredmedia":[{"embeddable":true,"href":"https:\/\/www.europesays.com\/pl\/wp-json\/wp\/v2\/media\/205520"}],"wp:attachment":[{"href":"https:\/\/www.europesays.com\/pl\/wp-json\/wp\/v2\/media?parent=205519"}],"wp:term":[{"taxonomy":"category","embeddable":true,"href":"https:\/\/www.europesays.com\/pl\/wp-json\/wp\/v2\/categories?post=205519"},{"taxonomy":"post_tag","embeddable":true,"href":"https:\/\/www.europesays.com\/pl\/wp-json\/wp\/v2\/tags?post=205519"}],"curies":[{"name":"wp","href":"https:\/\/api.w.org\/{rel}","templated":true}]}}