{"id":205521,"date":"2026-01-15T01:29:16","date_gmt":"2026-01-15T01:29:16","guid":{"rendered":"https:\/\/www.europesays.com\/pl\/205521\/"},"modified":"2026-01-15T01:29:16","modified_gmt":"2026-01-15T01:29:16","slug":"casting-na-mlodego-premiera-dzialacze-pis-gorzko-o-przyszlosci-partii","status":"publish","type":"post","link":"https:\/\/www.europesays.com\/pl\/205521\/","title":{"rendered":"Casting na &#8222;m\u0142odego premiera&#8221;. Dzia\u0142acze PiS gorzko o przysz\u0142o\u015bci partii"},"content":{"rendered":"<p>\u2014 Partia przechodzi\u0142a wi\u0119ksze perturbacje ni\u017c te k\u0142\u00f3tnie &#8222;ma\u015blarzy&#8221; z lud\u017ami Morawieckiego i wszystko rozchodzi\u0142o si\u0119 po ko\u015bciach. Nie by\u0142o \u017cadnego &#8222;ko\u0144ca PiS-u&#8221; i w tym roku te\u017c si\u0119 to nie wydarzy \u2014 zastrzega na wst\u0119pie dzia\u0142acz PiS, gdy pytamy go o przewidywania dla jego partii na 2026 r.<\/p>\n<p>Ci pierwsi to grupa polityk\u00f3w, do kt\u00f3rej nale\u017c\u0105 m.in. Przemys\u0142aw Czarnek, Patryk Jaki, Tobiasz Boche\u0144ski i Jacek Sasin. Wsp\u00f3lnie forsuj\u0105 wizj\u0119 ideowych zmian w partii, kt\u00f3ra \u2014 ich zdaniem \u2014 powinna ze swoim programem skr\u0119ci\u0107 bardziej na prawo. Przeciwny temu jest Mateusz Morawiecki i zwi\u0105zani z nim politycy PiS. Sprawy stan\u0119\u0142y na ostrzu no\u017ca tu\u017c przed \u015bwi\u0119tami, gdy by\u0142y premier zlekcewa\u017cy\u0142 wezwanie prezesa na jedno ze spotka\u0144 kierownictwa partii, a potem <a href=\"https:\/\/wiadomosci.onet.pl\/tylko-w-onecie\/kuriozalna-sytuacja-po-afterze-u-morawieckiego-dzwonili-zeby-sie-wytlumaczyc\/7wsj37e\" id=\"48cc4260-2ad4-4505-a1c5-2693e5bf104b\" rel=\"nofollow noopener\" target=\"_blank\">zorganizowa\u0142 w\u0142asn\u0105 wigili\u0119<\/a>.<\/p>\n<p class=\"ods-c-paragraph \">Nowy rok nie sprawi\u0142, \u017ce stare spory znikn\u0119\u0142y. Prezes Jaros\u0142aw Kaczy\u0144ski robi wszystko, by wyciszy\u0107 przynajmniej publiczne ok\u0142adanie si\u0119 &#8222;ma\u015blarzy&#8221; z &#8222;harcerzami&#8221;, ale na wy\u017cszych szczeblach partyjnej drabiny panuje przekonanie, \u017ce zakopania topora wojennego nie b\u0119dzie. Zw\u0142aszcza \u017ce stawk\u0105 frakcyjnych walk jest to, kto b\u0119dzie mia\u0142 wi\u0119kszy wp\u0142yw przy kszta\u0142towaniu rz\u0105du po ewentualnej wygranej PiS w wyborach parlamentarnych w 2027 r. Niepokoje te daj\u0105 si\u0119 we znaki tak\u017ce szeregowym dzia\u0142aczom partii, kt\u00f3rzy w rozmowie z Onetem dywaguj\u0105, kto ich zdaniem ma najwi\u0119ksze szanse na wygran\u0105 w <a href=\"https:\/\/www.onet.pl\/informacje\/onetwiadomosci\/kto-zostanie-premierem-jesli-wygra-pis-portret-socjologiczny-pasuje-do-trzech\/7eq43x5,79cfc278\" id=\"cecac31e-13d4-4102-8cd9-f0a9828c1999\" rel=\"nofollow noopener\" target=\"_blank\">partyjnym castingu na &#8222;m\u0142odego premiera&#8221;<\/a>.<\/p>\n<p class=\"ods-c-paragraph \">\u2014 Nie obawiam si\u0119 tego, \u017ce w tym roku partia si\u0119 podzieli i rozpadnie albo \u017ce kto\u015b odejdzie. Boj\u0119 si\u0119, \u017ce ta partia nadal b\u0119dzie gni\u0107 \u2014 ocenia gorzko kolejny z lokalnych dzia\u0142aczy PiS.<\/p>\n<p class=\"ods-c-paragraph \">\u2014 PiS gnije? Nie za mocno? \u2014 dopytuj\u0119.<\/p>\n<p class=\"ods-c-paragraph \">\u2014 To, co pogr\u0105\u017ca nasz\u0105 parti\u0119, to bezcelowo\u015b\u0107. Ka\u017cdy m\u00f3wi tylko o zdobyciu w\u0142adzy, ale w\u0142adzy si\u0119 nie zdobywa gadaniem. Mo\u017cna liczy\u0107, \u017ce przeciwnik b\u0119dzie s\u0142aby, ale ludzie maj\u0105 do\u015b\u0107 gadania, \u017ce Tusk nie zrealizowa\u0142 100 konkret\u00f3w i przypominania, jak to my 500 plus wprowadzili\u015bmy. Potrzeba nowej diagnozy, energii, pomys\u0142u, idei a tego w PiS nie dostrzegam \u2014 wyja\u015bnia nasz rozm\u00f3wca z PiS.<\/p>\n<p>PiS w poszukiwaniu programu. &#8222;Nawet nie budujemy trampoliny&#8221;   <\/p>\n<p class=\"ods-c-paragraph \">O tym, \u017ce partia Jaros\u0142awa Kaczy\u0144skiego potrzebuje nowej idei programowej, zacz\u0119to m\u00f3wi\u0107 tu\u017c po wyborach prezydenckich. Dla PiS-u teoretycznie zako\u0144czonych sukcesem, bo partia wprowadzi\u0142a do du\u017cego pa\u0142acu swojego kandydata. Szkopu\u0142 w tym, \u017ce nic nie ugra\u0142a przy tym dla siebie, je\u015bli chodzi o sonda\u017ce. Ma\u0142o tego, PiS zacz\u0105\u0142 traci\u0107 na rzecz ugrupowa\u0144 bardziej prawicowych i dzi\u015b <a href=\"https:\/\/wiadomosci.onet.pl\/kraj\/nowy-sondaz-partyjny-grzegorz-braun-rosnie-w-sile-jest-blisko-waznej-granicy\/5p1c6tj\" id=\"e87da921-2a32-4ebe-b049-f674d2e313b8\" rel=\"nofollow noopener\" target=\"_blank\">nie mo\u017ce wyjecha\u0107 z koleiny, jak\u0105 jest 25-proc. poparcie<\/a>.<\/p>\n<p class=\"ods-c-paragraph \">Znalezieniu nowej drogi mia\u0142a s\u0142u\u017cy\u0107 zorganizowana z wielk\u0105 pomp\u0105 <a href=\"https:\/\/wiadomosci.onet.pl\/kraj\/stan-wyjatkowy-goraco-na-konwencji-pis-jaroslaw-kaczynski-go-wybatozyl\/4ld4v56\" id=\"0b62190c-68e5-4666-aa93-c62c7e9be8b6\" rel=\"nofollow noopener\" target=\"_blank\">konwencja programowa<\/a>, kt\u00f3ra odby\u0142a si\u0119 jesieni\u0105 ubieg\u0142ego roku w Katowicach. PiS zaprosi\u0142 ponad setk\u0119 panelist\u00f3w, wyda\u0142 oko\u0142o 1,5 mln z\u0142, a efekt by\u0142 niewsp\u00f3\u0142mierny do zaanga\u017cowanych \u015brodk\u00f3w. Nad programem dla partii mia\u0142o pracowa\u0107 kilkana\u015bcie grup polityk\u00f3w (podzielonych wedle tematyki), ale gdy przysz\u0142o do ustalania ich sk\u0142ad\u00f3w, &#8222;ma\u015blarze&#8221; i &#8222;harcerze&#8221; te\u017c zacz\u0119li si\u0119 k\u0142\u00f3ci\u0107.<\/p>\n<p class=\"ods-c-paragraph \">\u2014 By\u0142y ustalone grupy, by\u0142o du\u017co o tym, \u017ce Morawieckiego wyci\u0119li ze sk\u0142adu tej rady programowej, ale o tym, czy te grupy pracuj\u0105, jak pracuj\u0105 \u2014 o tym nikt nic nie m\u00f3wi. Jak tu mie\u0107 nadziej\u0119, \u017ce b\u0119dzie jakie\u015b sonda\u017cowe odbicie, jak nawet nie budujemy tej trampoliny \u2014 ocenia nast\u0119pny nasz rozm\u00f3wca z do\u0142\u00f3w partyjnych PiS.<\/p>\n<p class=\"ods-c-paragraph \">Kolejny dodaje: \u2014 Przyjmijmy, \u017ce ta idea programowa si\u0119 nawet uformuje. \u017be si\u0119 dogadaj\u0105 w tym roku, czy i\u015b\u0107 na prawo, czy bardziej w to, co m\u00f3wi Morawiecki, ale przecie\u017c jeszcze ten nowy program musz\u0105 zacz\u0105\u0107 prezentowa\u0107 osoby wiarygodne. Wiarygodne dla ludzi, a nie dla tych z Nowogrodzkiej.<\/p>\n<p class=\"ods-c-paragraph \">\u2014 Widzi pan takie osoby w partii? \u2014 dopytuj\u0119.<\/p>\n<p class=\"ods-c-paragraph \">\u2014 Wydaje si\u0119, \u017ce trzeba je dopiero zbudowa\u0107 albo wykreowa\u0107. Dopiero tak mo\u017ce si\u0119 odbijemy w sonda\u017cach. Mo\u017ce dlatego prezes wyci\u0105gn\u0105\u0142 temat poszukiwa\u0144 premiera, kt\u00f3ry ma by\u0107 m\u0142ody \u2014 dodaje dzia\u0142acz PiS.<\/p>\n<p>Casting w PiS na &#8222;m\u0142odego premiera&#8221;. Partyjne do\u0142y typuj\u0105 faworyta<\/p>\n<p class=\"ods-c-paragraph \">Wspomina tym samym doniesienia z posiedzenia w\u0142adz PiS, kt\u00f3re opisywali\u015bmy tak\u017ce w Onecie o tym, \u017ce prezes Kaczy\u0144ski rozpocz\u0105\u0142 poszukiwania &#8222;m\u0142odego premiera&#8221;. Jak m\u00f3wili nasi rozm\u00f3wcy z tej partii, pomys\u0142 ten ju\u017c na starcie wywo\u0142a\u0142 niema\u0142e zamieszanie i \u2014 jak us\u0142yszeli\u015bmy \u2014 mo\u017ce by\u0107 przyczynkiem do dalszych wojen frakcji &#8222;ma\u015blarzy&#8221; i &#8222;harcerzy&#8221;. Apetyt na to, by ponownie by\u0107 premierem rz\u0105du PiS, wci\u0105\u017c ma Mateusz Morawiecki. Ale nasi rozm\u00f3wcy z klubu parlamentarnego PiS wi\u0119ksze szanse na t\u0119 nominacj\u0119 daj\u0105 Przemys\u0142awowi Czarnkowi albo Tobiaszowi Boche\u0144skiego.<\/p>\n<p class=\"ods-c-paragraph \">Kto jest faworytem partyjnych do\u0142\u00f3w?<\/p>\n<p class=\"ods-c-paragraph \">\u2014 Na pewno nie Morawiecki. Co innego robi\u0142 w Brukseli, a co innego \u2014 jak si\u0119 teraz okazuje, m\u00f3wi\u0142 nam, Polakom, i teraz musimy wypi\u0107 to piwo \u2014 rzuca od razu i bez zaskoczenia dzia\u0142acz PiS, ale &#8222;ziobrysta&#8221;. Jego krytyka wobec by\u0142ego premiera nie dziwi, bo &#8222;ziobry\u015bci&#8221; byli na frakcyjnej wojnie z &#8222;harcerzami&#8221; na d\u0142ugie lata przed zawi\u0105zaniem si\u0119 frakcji &#8222;ma\u015blarzy&#8221;.<\/p>\n<p class=\"ods-c-paragraph \">Dzia\u0142acz przyznaje, \u017ce zastanawia go, czy prezes Kaczy\u0144ski szuka &#8222;m\u0142odego premiera&#8221;, kt\u00f3ry ma by\u0107 m\u0142ody wiekiem czy raczej jeszcze niezgrany w politycznym \u015bwiecie.<\/p>\n<p class=\"ods-c-paragraph \">\u2014 Tych, co od lat nosz\u0105 bu\u0142aw\u0119 w plecaku, mamy sporo, ale moim zdaniem takie twarze PiS-u jak Morawiecki, B\u0142aszczak, Czarnek&#8230; To wszystko ju\u017c by\u0142o. Mieli sw\u00f3j czas i wyborcy ju\u017c ich odpowiednio zaszufladkowali. Nie ma co liczy\u0107 na cud, trzeba szuka\u0107 nowej twarzy \u2014 zaznacza dzia\u0142acz PiS. I zdradza, \u017ce jemu &#8222;najbardziej le\u017cy&#8221; Tobiasz Boche\u0144ski. Jest \u2014 jego zdaniem \u2014 b\u0142yskotliwy.<\/p>\n<p class=\"ods-c-paragraph \">\u2014 No i mo\u017ce [Zbigniew] Bogucki. Boche\u0144ski i Bogucki to najmocniejsi kandydaci na premiera, oni i d\u0142ugo, d\u0142ugo nic \u2014 ko\u0144czy polityk PiS.<\/p>\n<p class=\"ods-c-paragraph \">Innemu &#8222;casting na premiera&#8221; przypomina to, co dzia\u0142o si\u0119, gdy jesieni\u0105 2024 r. prezes Kaczy\u0144ski szuka\u0142 &#8222;m\u0142odego i okaza\u0142ego&#8221; kandydata na prezydenta. \u2014 Prezes si\u0119 mocno w te poszukiwania zaanga\u017cowa\u0142. Pami\u0119tam, jak kiedy\u015b prezes przyjecha\u0142 do Krakowa i wypytywa\u0142 nawet cz\u0142onk\u00f3w naszej m\u0142odzie\u017c\u00f3wki, kogo by widzieli w roli kandydata na prezydenta, dopytywa\u0142 dlaczego, dyskutowa\u0142 z lokalnymi dzia\u0142aczami na ten temat \u2014 wspomina ma\u0142opolski polityk PiS.<\/p>\n<p class=\"ods-c-paragraph \">\u2014 Gdyby wyb\u00f3r premiera te\u017c by\u0142 tak szeroko skonsultowany, nie by\u0142oby \u017ale \u2014 dodaje. Jego faworytem na premiera tak\u017ce jest europose\u0142 Tobiasz Boche\u0144ski, bo &#8222;ma \u015bwie\u017ce spojrzenie&#8221;.<\/p>\n<p class=\"ods-c-paragraph \">Kolejny dzia\u0142acz: \u2014 Czarnek zbyt radykalny, Morawiecki zgrany, Boche\u0144ski niedo\u015bwiadczony. Z pojawiaj\u0105cych si\u0119 nazwisk nie widz\u0119 nikogo, kto m\u00f3g\u0142by by\u0107 premierem. Mo\u017ce okaza\u0107 si\u0119, \u017ce b\u0119dzie to kto\u015b spoza PiS, kto\u015b wyci\u0105gni\u0119ty z kapelusza jak kandydat na prezydenta.<\/p>\n<p>Lokalni dzia\u0142acze PiS nie obawiaj\u0105 si\u0119 Brauna. &#8222;Jest pompowany&#8221;<\/p>\n<p class=\"ods-c-paragraph \">Zagro\u017ceniem, kt\u00f3rego obawia si\u0119 PiS, jest r\u00f3wnie\u017c rosn\u0105ca w si\u0142\u0119 skrajna prawica o twarzy Grzegorza Brauna. Kiedy jednak pytamy lokalnych dzia\u0142aczy, czy boj\u0105 si\u0119 dalszego spadku poparcia na rzecz obu Konfederacji, s\u0105 wyra\u017anie spokojniejsi ni\u017c Nowogrodzka.<\/p>\n<p class=\"ods-c-paragraph \">\u2014 Braun jest pompowany, ale gdy przyjdzie do wybor\u00f3w, ludzie zobacz\u0105, \u017ce nikt z nim nie b\u0119dzie chcia\u0142 wej\u015b\u0107 w koalicj\u0119 i \u017ce g\u0142os oddany na Brauna to g\u0142os stracony \u2014 m\u00f3wi jeden z lokalnych cz\u0142onk\u00f3w PiS.<\/p>\n<p class=\"ods-c-paragraph \">\u2014 Jako PiS przespali\u015bmy moment, w kt\u00f3rym trzeba by\u0142o pozyskiwa\u0107 m\u0142odych wyborc\u00f3w. Dzi\u015b nie przybywa nam w sonda\u017cach, bo z ka\u017cdym rokiem odchodz\u0105 te pokolenia Polak\u00f3w, kt\u00f3re by\u0142y naszymi wyborcami \u2014 zaczyna kolejny z dzia\u0142aczy. \u2014 Nie obawiam si\u0119 jednak Brauna, bo radykalizm podlany sosem libertarianizmu te\u017c w ko\u0144cu zapali u wyborc\u00f3w czerwon\u0105 lampk\u0119 \u2014 zaznacza polityk PiS.<\/p>\n","protected":false},"excerpt":{"rendered":"\u2014 Partia przechodzi\u0142a wi\u0119ksze perturbacje ni\u017c te k\u0142\u00f3tnie &#8222;ma\u015blarzy&#8221; z lud\u017ami Morawieckiego i wszystko rozchodzi\u0142o si\u0119 po ko\u015bciach.&hellip;\n","protected":false},"author":2,"featured_media":205522,"comment_status":"","ping_status":"","sticky":false,"template":"","format":"standard","meta":{"footnotes":""},"categories":[12],"tags":[56,32,33,39498,36,37,27,422,34,35,28,31,48,25,46,529,42,38,40,39,41,47,3988,29,30,341,26,788],"class_list":{"0":"post-205521","1":"post","2":"type-post","3":"status-publish","4":"format-standard","5":"has-post-thumbnail","7":"category-polska","8":"tag-article_premium","9":"tag-breaking-news","10":"tag-breakingnews","11":"tag-dzialacze","12":"tag-featured-news","13":"tag-featurednews","14":"tag-headlines","15":"tag-jaroslaw_kaczynski","16":"tag-latest-news","17":"tag-latestnews","18":"tag-naglowki","19":"tag-najwazniejsze-artykuly","20":"tag-nat_styl","21":"tag-news","22":"tag-omp","23":"tag-pis","24":"tag-pl","25":"tag-poland","26":"tag-polish","27":"tag-polska","28":"tag-polski","29":"tag-screening_general","30":"tag-tobiasz_bochenski","31":"tag-top-stories","32":"tag-topstories","33":"tag-tylko_w_onecie","34":"tag-wiadomosci","35":"tag-zbigniew_bogucki"},"share_on_mastodon":{"url":"https:\/\/pubeurope.com\/@pl\/115896527324284896","error":""},"_links":{"self":[{"href":"https:\/\/www.europesays.com\/pl\/wp-json\/wp\/v2\/posts\/205521","targetHints":{"allow":["GET"]}}],"collection":[{"href":"https:\/\/www.europesays.com\/pl\/wp-json\/wp\/v2\/posts"}],"about":[{"href":"https:\/\/www.europesays.com\/pl\/wp-json\/wp\/v2\/types\/post"}],"author":[{"embeddable":true,"href":"https:\/\/www.europesays.com\/pl\/wp-json\/wp\/v2\/users\/2"}],"replies":[{"embeddable":true,"href":"https:\/\/www.europesays.com\/pl\/wp-json\/wp\/v2\/comments?post=205521"}],"version-history":[{"count":0,"href":"https:\/\/www.europesays.com\/pl\/wp-json\/wp\/v2\/posts\/205521\/revisions"}],"wp:featuredmedia":[{"embeddable":true,"href":"https:\/\/www.europesays.com\/pl\/wp-json\/wp\/v2\/media\/205522"}],"wp:attachment":[{"href":"https:\/\/www.europesays.com\/pl\/wp-json\/wp\/v2\/media?parent=205521"}],"wp:term":[{"taxonomy":"category","embeddable":true,"href":"https:\/\/www.europesays.com\/pl\/wp-json\/wp\/v2\/categories?post=205521"},{"taxonomy":"post_tag","embeddable":true,"href":"https:\/\/www.europesays.com\/pl\/wp-json\/wp\/v2\/tags?post=205521"}],"curies":[{"name":"wp","href":"https:\/\/api.w.org\/{rel}","templated":true}]}}