{"id":205621,"date":"2026-01-15T02:42:18","date_gmt":"2026-01-15T02:42:18","guid":{"rendered":"https:\/\/www.europesays.com\/pl\/205621\/"},"modified":"2026-01-15T02:42:18","modified_gmt":"2026-01-15T02:42:18","slug":"kiefer-sutherland-zatrzymany-w-los-angeles-slynny-jack-bauer-w-ogniu-skandalu-2","status":"publish","type":"post","link":"https:\/\/www.europesays.com\/pl\/205621\/","title":{"rendered":"Kiefer Sutherland zatrzymany w Los Angeles. S\u0142ynny Jack Bauer w ogniu skandalu"},"content":{"rendered":"<p class=\"Paragraph_desktopParagraph__U31Gm\">Do zdarzenia dosz\u0142o w poniedzia\u0142ek, tu\u017c po p\u00f3\u0142nocy, w dzielnicy Hollywood, w rejonie Sunset Boulevard i Fairfax Avenue w Los Angeles. &#8222;W toku dochodzenia ustalono, \u017ce podejrzany, p\u00f3\u017aniej zidentyfikowany jako Kiefer Sutherland, wsiad\u0142 do pojazdu przewozu na aplikacj\u0119, fizycznie zaatakowa\u0142 kierowc\u0119 (poszkodowanego) i kierowa\u0142 wobec niego gro\u017aby karalne. Funkcjonariusze aresztowali Sutherlanda na miejscu&#8221; \u2013 przekaza\u0142 departament policji z Los Angeles. Jak dodano, kierowca &#8222;nie dozna\u0142 obra\u017ce\u0144 wymagaj\u0105cych pomocy medycznej na miejscu&#8221;, ale \u015bledztwo trwa.<\/p>\n<ul class=\"OchatFollowUps_wrapper__1ry7X\">\n<li class=\"OchatFollowUps_item__Dhyly OchatFollowUps_itemDesktop__R6aBv\">Jakie zarzuty postawiono Kieferowi Sutherlandowi?<\/li>\n<li class=\"OchatFollowUps_item__Dhyly OchatFollowUps_itemDesktop__R6aBv\">Kiedy jest pierwsza rozprawa w s\u0105dzie?<\/li>\n<li class=\"OchatFollowUps_item__Dhyly OchatFollowUps_itemDesktop__R6aBv\">Ile wynosi\u0142a kaucja za zwolnienie Sutherlanda?<\/li>\n<li class=\"OchatFollowUps_item__Dhyly OchatFollowUps_itemDesktop__R6aBv\">Gdzie dosz\u0142o do incydentu z kierowc\u0105 taks\u00f3wki?<\/li>\n<\/ul>\n<p>Kiefer Sutherland zatrzymany w Los Angeles. S\u0142ynny Jack Bauer w ogniu skandalu  <\/p>\n<p class=\"Paragraph_desktopParagraph__U31Gm\">Aktor zosta\u0142 aresztowany pod zarzutem gro\u017aby karalnej (criminal threats) i zwolniony po wp\u0142aceniu kaucji w wysoko\u015bci 50\u202ftys. dolar\u00f3w. Pierwsza rozprawa w s\u0105dzie Los Angeles zosta\u0142a wyznaczona na 2 lutego 2026 r.<\/p>\n<p class=\"Paragraph_desktopParagraph__U31Gm\">To nie pierwszy raz, gdy Kiefer Sutherland wpada w tarapaty i ma problemy z prawem. W przesz\u0142o\u015bci by\u0142 wielokrotnie zatrzymywany za jazd\u0119 pod wp\u0142ywem alkoholu \u2013 w latach 1989, 1993, 2004, 2007 oraz 2020. W 2009 r. aktor zosta\u0142 tak\u017ce aresztowany po oskar\u017ceniu o uderzenie g\u0142ow\u0105 projektanta mody Jacka McCollougha podczas gali MET. Zarzuty ostatecznie wycofano po zawarciu ugody.<\/p>\n<p class=\"Paragraph_desktopParagraph__U31Gm\">Kiefer Sutherland zdoby\u0142 najwi\u0119ksz\u0105 popularno\u015b\u0107 dzi\u0119ki roli Jacka Bauera w serialu &#8222;24 godziny&#8221;. \u2014 Nigdy nie by\u0142em tym facetem, kt\u00f3ry w razie problem\u00f3w topi\u0142by smutki w alkoholu. Jedn\u0105 z rzeczy, kt\u00f3re uwielbiam robi\u0107, to wyj\u015b\u0107 z przyjaci\u00f3\u0142mi, opowiada\u0107 historie i wypi\u0107 kilka drink\u00f3w&#8230; \u2014 m\u00f3wi\u0142 w rozmowie z magazynem &#8222;People&#8221;. <\/p>\n<blockquote>\n<p class=\"Paragraph_desktopParagraph__U31Gm\">Mog\u0119 te\u017c z czystym sumieniem powiedzie\u0107, \u017ce wszystkie z\u0142e rzeczy, kt\u00f3re przydarzy\u0142y mi si\u0119 w \u017cyciu, by\u0142y wynikiem tego, \u017ce lubi\u0119 chodzi\u0107 do bar\u00f3w i pi\u0107 z przyjaci\u00f3\u0142mi. Sk\u0142ama\u0142bym, gdybym powiedzia\u0142, \u017ce nie by\u0142o moment\u00f3w, w kt\u00f3rych wymkn\u0119\u0142o mi si\u0119 to spod kontroli<\/p>\n<\/blockquote>\n<p class=\"Paragraph_desktopParagraph__U31Gm\">\u2014 dodawa\u0142.<\/p>\n<p><img decoding=\"async\" class=\"Image_image__0tuHp Image_autoHeight__f2n87 \" height=\"587\" width=\"391\" src=\"https:\/\/www.europesays.com\/pl\/wp-content\/uploads\/2026\/01\/_T_k9kpTURBXy8zMjlkYWFhYTE4Yzc2NDhjNDM0NjBhZWMwZTdkMzc3ZC5qcGeSlQLNA6wAwsOVAgDNAkvCw94AA6EwAaExAaEzw.jpeg\" alt=\"Kiefer Sutherland\" loading=\"lazy\" \/>Agencja BE&amp;W<\/p>\n<p>Kiefer Sutherland<\/p>\n<p class=\"Paragraph_desktopParagraph__U31Gm\">Dzi\u0119kujemy, \u017ce przeczyta\u0142a\u015b\/e\u015b nasz artyku\u0142 do ko\u0144ca. W serwisie Plejada.pl ka\u017cdego dnia piszemy o najwa\u017cniejszych wydarzeniach show-biznesowych. B\u0105d\u017a na bie\u017c\u0105co! <a rel=\"nofollow noopener\" href=\"https:\/\/profile.google.com\/cp\/Cg0vZy8xMWJ6X19wdHBx\" id=\"e719c8e3-a151-4bba-9d52-388c05240d6b\" target=\"_blank\">Obserwuj<\/a> Plejad\u0119 w Google. Odwied\u017a nas tak\u017ce na <a rel=\"nofollow noopener\" href=\"https:\/\/www.facebook.com\/plejadapl\" id=\"81042c4c-108d-4b44-aed7-49b814e56ff9\" target=\"_blank\">Facebooku<\/a>, <a rel=\"nofollow noopener\" href=\"https:\/\/www.instagram.com\/plejadapl\/\" id=\"0e1790ab-4943-48e8-a4d7-30015e984805\" target=\"_blank\">Instagramie<\/a>, <a rel=\"nofollow noopener\" href=\"https:\/\/www.youtube.com\/c\/plejada\" id=\"e5a2e33a-18cf-419d-89a6-cf4388d01356\" target=\"_blank\">YouTubie<\/a> oraz <a rel=\"nofollow noopener\" href=\"https:\/\/www.tiktok.com\/@plejada_pl\" id=\"dceddea5-0fb4-4200-80f7-2d17842ad4c9\" target=\"_blank\">TikToku<\/a>.<\/p>\n<p class=\"Paragraph_desktopParagraph__U31Gm\">Chcesz podzieli\u0107 si\u0119 ciekawym newsem lub zaproponowa\u0107 temat? Skontaktuj si\u0119 z nami, pisz\u0105c maila na adres: <a href=\"https:\/\/www.onet.pl\/styl-zycia\/plejada\/kiefer-sutherland-zatrzymany-w-los-angeles-slynny-jack-bauer-w-ogniu-skandalu\/mailto:plejada@redakcjaonet.pl\" id=\"e1984749-9cfb-4eae-a359-9e5ff4cd4d66\" rel=\"nofollow noopener\" target=\"_blank\">plejada@redakcjaon<\/a><a rel=\"nofollow noopener\" href=\"http:\/\/et.pl\" id=\"0a76b491-3893-4239-8e44-3139c82f1929\" target=\"_blank\">et.pl<\/a>.<\/p>\n<p><script async src=\"\/\/www.instagram.com\/embed.js\"><\/script><script async src=\"\/\/www.tiktok.com\/embed.js\"><\/script><\/p>\n","protected":false},"excerpt":{"rendered":"Do zdarzenia dosz\u0142o w poniedzia\u0142ek, tu\u017c po p\u00f3\u0142nocy, w dzielnicy Hollywood, w rejonie Sunset Boulevard i Fairfax Avenue&hellip;\n","protected":false},"author":2,"featured_media":205622,"comment_status":"","ping_status":"","sticky":false,"template":"","format":"standard","meta":{"footnotes":""},"categories":[22],"tags":[122,67,39516,261,13427,53,52,68,51,55,42,38,40,39,41,123,47,65,50],"class_list":{"0":"post-205621","1":"post","2":"type-post","3":"status-publish","4":"format-standard","5":"has-post-thumbnail","7":"category-rozrywka","8":"tag-entertainment","9":"tag-intextvideo_splayer","10":"tag-kiefer_sutherland_aktor","11":"tag-kultura","12":"tag-m_glo_sticky_tst1","13":"tag-new_header","14":"tag-onet3","15":"tag-onet3d","16":"tag-onet3d_2i","17":"tag-phx","18":"tag-pl","19":"tag-poland","20":"tag-polish","21":"tag-polska","22":"tag-polski","23":"tag-rozrywka","24":"tag-screening_general","25":"tag-update_me","26":"tag-v2021"},"share_on_mastodon":{"url":"https:\/\/pubeurope.com\/@pl\/115896814307992572","error":""},"_links":{"self":[{"href":"https:\/\/www.europesays.com\/pl\/wp-json\/wp\/v2\/posts\/205621","targetHints":{"allow":["GET"]}}],"collection":[{"href":"https:\/\/www.europesays.com\/pl\/wp-json\/wp\/v2\/posts"}],"about":[{"href":"https:\/\/www.europesays.com\/pl\/wp-json\/wp\/v2\/types\/post"}],"author":[{"embeddable":true,"href":"https:\/\/www.europesays.com\/pl\/wp-json\/wp\/v2\/users\/2"}],"replies":[{"embeddable":true,"href":"https:\/\/www.europesays.com\/pl\/wp-json\/wp\/v2\/comments?post=205621"}],"version-history":[{"count":0,"href":"https:\/\/www.europesays.com\/pl\/wp-json\/wp\/v2\/posts\/205621\/revisions"}],"wp:featuredmedia":[{"embeddable":true,"href":"https:\/\/www.europesays.com\/pl\/wp-json\/wp\/v2\/media\/205622"}],"wp:attachment":[{"href":"https:\/\/www.europesays.com\/pl\/wp-json\/wp\/v2\/media?parent=205621"}],"wp:term":[{"taxonomy":"category","embeddable":true,"href":"https:\/\/www.europesays.com\/pl\/wp-json\/wp\/v2\/categories?post=205621"},{"taxonomy":"post_tag","embeddable":true,"href":"https:\/\/www.europesays.com\/pl\/wp-json\/wp\/v2\/tags?post=205621"}],"curies":[{"name":"wp","href":"https:\/\/api.w.org\/{rel}","templated":true}]}}