{"id":205639,"date":"2026-01-15T03:02:11","date_gmt":"2026-01-15T03:02:11","guid":{"rendered":"https:\/\/www.europesays.com\/pl\/205639\/"},"modified":"2026-01-15T03:02:11","modified_gmt":"2026-01-15T03:02:11","slug":"australian-open-linda-klimovicova-awansowala-do-glownej-drabinki","status":"publish","type":"post","link":"https:\/\/www.europesays.com\/pl\/205639\/","title":{"rendered":"Australian Open: Linda Klimovicova awansowa\u0142a do g\u0142\u00f3wnej drabinki"},"content":{"rendered":"<p class=\"typography ids-typeset-body ids-typeset-body--preset-large link paragraph ids-paragraph ids-paragraph--default\">Linda Klimovicova walczy\u0142a w Melbourne o sw\u00f3j \u017cyciowy wynik na Wielkim Szlemie na zawodowym szczeblu. W poprzednim sezonie nasza reprezentantka dwukrotnie dociera\u0142a do decyduj\u0105cej fazy eliminacji (Roland Garros i US Open), ale za ka\u017cdym razem marzenie o awansie do g\u0142\u00f3wnej drabinki musia\u0142a odk\u0142ada\u0107 na kolejny turniej. Trzecia okazja nadarzy\u0142a si\u0119 podczas Australian Open. 21-latka przebrn\u0119\u0142a przez pierwsze dwie rundy bez straty seta, eliminuj\u0105c dwie zawodniczki wyst\u0119puj\u0105ce w barwach Australii &#8211; Stefani Webb oraz Lizette Cabrer\u0119. Szczeg\u00f3lnie <a href=\"https:\/\/sport.interia.pl\/tenis\/australian-open\/news-bylo-3-5-i-0-30-w-drugim-secie-wielki-powrot-polki-w-austral,nId,22508424\" target=\"_self\" rel=\"nofollow noopener\">imponuj\u0105cy by\u0142 powr\u00f3t w potyczce z wy\u017cej notowan\u0105 tenisistk\u0105 gospodarzy<\/a>. Tam Polka wr\u00f3ci\u0142a ze stanu 2:5 w drugim secie i wygra\u0142a go jeszcze przed potencjalnym tie-breakiem.<\/p>\n<p class=\"typography ids-typeset-body ids-typeset-body--preset-large link paragraph ids-paragraph ids-paragraph--default\">Na drodze Klimovicovej do pierwszego w karierze awansu do g\u0142\u00f3wnej drabinki wielkoszlemowej imprezy na poziomie zawodowym znalaz\u0142a si\u0119 do\u015bwiadczona tenisistka. Mowa o rozstawionej z &#8222;12&#8221; w eliminacjach Greet Minnen. Belgijka, kt\u00f3ra obecnie plasuje si\u0119 na 123. miejscu w rankingu WTA (o 11 lokat wy\u017cej od Lindy), ju\u017c wielokrotnie meldowa\u0142a si\u0119 w docelowych zmaganiach. Zapowiada\u0142o si\u0119 na bardzo ciekawy pojedynek z udzia\u0142em naszej reprezentantki, czyli turniejowej &#8222;23&#8221;.<\/p>\n<p>Australian Open: Linda Klimovicova kontra Greet Minnen w eliminacjach<\/p>\n<p class=\"typography ids-typeset-body ids-typeset-body--preset-large link paragraph ids-paragraph ids-paragraph--default\">Mecz rozpocz\u0105\u0142 si\u0119 od serwisu Minnen. Polka ju\u017c w gemie otwarcia wypracowa\u0142a sobie okazj\u0119 na prze\u0142amanie. I od razu j\u0105 wykorzysta\u0142a, kapitalnie rozrzucaj\u0105c rywalk\u0119 po korcie. Po zmianie stron Belgijka odrobi\u0142a strat\u0119 breaka, mimo \u017ce to Klimovicova jako pierwsza mia\u0142a szans\u0119 zamyka\u0107 rozdanie. Na koniec to jednak Greet okaza\u0142a si\u0119 skuteczniejsza i zamiast 2:0 dla naszej reprezentantki, zrobi\u0142o si\u0119 1:1. W nast\u0119pnych minutach obie sz\u0142y za kolejno\u015bci\u0105 serwisu. Zawodniczka z Beneluksu pr\u00f3bowa\u0142a wywiera\u0107 presj\u0119 dzi\u0119ki pierwsze\u0144stwu przy podaniu, mia\u0142a nawet dwa razy po 30-15 na returnie.<\/p>\n<p class=\"typography ids-typeset-body ids-typeset-body--preset-large link paragraph ids-paragraph ids-paragraph--default\">21-latka potrafi\u0142a wychodzi\u0107 z opresji, oddala\u0142a zagro\u017cenie bez potrzeby bronienia break point\u00f3w. W dziewi\u0105tym gemie Linda sama przypu\u015bci\u0142a atak. Mimo prowadzenia Minnen w trakcie rozdania, p\u00f3\u017aniej sytuacja potoczy\u0142a si\u0119 po my\u015bli Polki. Przy pi\u0142ce na prze\u0142amanie przeprowadzi\u0142a ofensywn\u0105, skuteczn\u0105 akcj\u0119 i dzi\u0119ki temu znalaz\u0142a si\u0119 w pozycji, przy kt\u00f3rej mog\u0142a zamyka\u0107 parti\u0119 przy swoim podaniu. Klimovicova wykona\u0142a swoje zadania. Za trzecim setbolem zapewni\u0142a sobie zwyci\u0119stwo w premierowej ods\u0142onie 6:4.<\/p>\n<p class=\"typography ids-typeset-body ids-typeset-body--preset-large link paragraph ids-paragraph ids-paragraph--default\">Podra\u017cniona Minnen szuka\u0142a skutecznej odpowiedzi na starcie drugiej cz\u0119\u015bci pojedynku. Mia\u0142a break pointa na 2:0, ale nasza reprezentantka zn\u00f3w przypilnowa\u0142a sytuacji i nie da\u0142a uciec przeciwniczce. W trakcie pi\u0105tego rozdania otworzy\u0142a si\u0119 szansa dla Lindy, mimo \u017ce to Greet jako pierwsza posiada\u0142a pi\u0142k\u0119 na trzecie &#8222;oczko&#8221;. Od tamtej pory Klimovicova zanotowa\u0142a siedem wygranych akcji z rz\u0119du i wysforowa\u0142a si\u0119 na prowadzenie 4:2.<\/p>\n<p class=\"typography ids-typeset-body ids-typeset-body--preset-large link paragraph ids-paragraph ids-paragraph--default\">To nie by\u0142 jednak koniec emocji w tym pojedynku. Do\u015bwiadczona Belgijka zerwa\u0142a si\u0119 do walki i w trakcie \u00f3smego rozdania odrobi\u0142a strat\u0119 prze\u0142amania. Gra o zwyci\u0119stwo w partii rozpocz\u0119\u0142a si\u0119 od nowa. Niepowodzenie w poprzednim gemie korzystnie podzia\u0142a\u0142o na nasz\u0105 reprezentantk\u0119. Obejrzeli\u015bmy drugiego breaka z rz\u0119du i przy stanie 5:4 Klimovicova znalaz\u0142a si\u0119 przed \u017cyciow\u0105 szans\u0105. Przegrywa\u0142a 15-30, ale nast\u0119pne trzy pi\u0142ki rozstrzygn\u0119\u0142a na swoj\u0105 korzy\u015b\u0107. Ostatecznie 21-latka wygra\u0142a spotkanie 6:4, 6:4 i po raz pierwszy w karierze awansowa\u0142a do g\u0142\u00f3wnej drabinki wielkoszlemowej imprezy na zawodowym szczeblu.<\/p>\n<p>Katarzyna Kawa\/Jan Zieli\u0144ski \u2013 Belinda Bencic\/Jakub Paul. Skr\u00f3t meczuPolsat Sport<\/p>\n<p><img decoding=\"async\" class=\"ids-image-holder__img\" loading=\"lazy\" alt=\"M\u0142oda kobieta w sportowym stroju trzyma bia\u0142y r\u0119cznik, prawdopodobnie po zako\u0144czonym meczu tenisowym. T\u0142o jest rozmyte, wida\u0107 sylwetk\u0119 innej osoby w oddali oraz fragmenty napisu na tablicy.\" title=\"Linda Klimovicova\" width=\"2000\" height=\"1353\" src=\"https:\/\/www.europesays.com\/pl\/wp-content\/uploads\/2025\/12\/000M0TLJ79R20UB1-C323-F4.webp.webp\"\/><\/p>\n<p>Linda KlimovicovaLairys Laurent\/ABACAEast News<\/p>\n<p><img decoding=\"async\" class=\"ids-image-holder__img\" loading=\"lazy\" alt=\"Tenisistka w czerwonej koszulce oraz opasce na g\u0142owie koncentruje si\u0119 na odbiciu pi\u0142ki tenisowej podczas meczu, trzymaj\u0105c rakiet\u0119 obiema r\u0119kami; w tle rozmazany t\u0142um kibic\u00f3w.\" title=\"Greet Minnen\" width=\"4896\" height=\"3264\" src=\"https:\/\/www.europesays.com\/pl\/wp-content\/uploads\/2026\/01\/000LNJG4J0E0S0KX-C323-F4.webp.webp\"\/><\/p>\n<p>Greet MinnenBENOIT DOPPAGNE AFP<\/p>\n<p><img decoding=\"async\" class=\"ids-image-holder__img\" loading=\"lazy\" alt=\"M\u0142oda kobieta w czerwonym stroju sportowym z emblematami Polski i rakiet\u0105 tenisow\u0105 \u015bwi\u0119tuje sukces na korcie, unosz\u0105c zaci\u015bni\u0119t\u0105 pi\u0119\u015b\u0107 w ge\u015bcie triumfu.\" title=\"Linda Klimovicova\" width=\"2000\" height=\"1242\" src=\"https:\/\/www.europesays.com\/pl\/wp-content\/uploads\/2026\/01\/000LYT8X4A2FYM8A-C323-F4.webp.webp\"\/><\/p>\n<p>Linda KlimovicovaTomasz J\u0119drzejowski\/REPORTERReporter<\/p>\n<p><a class=\"ids-undecorated-link source ids-page-info--source__link\" href=\"https:\/\/www.interia.pl\" rel=\"nofollow noopener\" target=\"_blank\"><img decoding=\"async\" class=\"ids-image-holder__img\" loading=\"lazy\" alt=\"\" title=\"\" height=\"24px\" src=\"https:\/\/www.europesays.com\/pl\/wp-content\/uploads\/2026\/01\/1768417092_915_0009A60QQ5I2TYF7-C202-F4.webp.webp\"\/><\/a><\/p>\n<p>Masz sugestie, uwagi albo widzisz b\u0142\u0105d? Napisz do nas<\/p>\n","protected":false},"excerpt":{"rendered":"Linda Klimovicova walczy\u0142a w Melbourne o sw\u00f3j \u017cyciowy wynik na Wielkim Szlemie na zawodowym szczeblu. W poprzednim sezonie&hellip;\n","protected":false},"author":2,"featured_media":205640,"comment_status":"","ping_status":"","sticky":false,"template":"","format":"standard","meta":{"footnotes":""},"categories":[24],"tags":[42,38,40,39,41,127,126],"class_list":{"0":"post-205639","1":"post","2":"type-post","3":"status-publish","4":"format-standard","5":"has-post-thumbnail","7":"category-sport","8":"tag-pl","9":"tag-poland","10":"tag-polish","11":"tag-polska","12":"tag-polski","13":"tag-sport","14":"tag-sports"},"share_on_mastodon":{"url":"https:\/\/pubeurope.com\/@pl\/115896893158824906","error":""},"_links":{"self":[{"href":"https:\/\/www.europesays.com\/pl\/wp-json\/wp\/v2\/posts\/205639","targetHints":{"allow":["GET"]}}],"collection":[{"href":"https:\/\/www.europesays.com\/pl\/wp-json\/wp\/v2\/posts"}],"about":[{"href":"https:\/\/www.europesays.com\/pl\/wp-json\/wp\/v2\/types\/post"}],"author":[{"embeddable":true,"href":"https:\/\/www.europesays.com\/pl\/wp-json\/wp\/v2\/users\/2"}],"replies":[{"embeddable":true,"href":"https:\/\/www.europesays.com\/pl\/wp-json\/wp\/v2\/comments?post=205639"}],"version-history":[{"count":0,"href":"https:\/\/www.europesays.com\/pl\/wp-json\/wp\/v2\/posts\/205639\/revisions"}],"wp:featuredmedia":[{"embeddable":true,"href":"https:\/\/www.europesays.com\/pl\/wp-json\/wp\/v2\/media\/205640"}],"wp:attachment":[{"href":"https:\/\/www.europesays.com\/pl\/wp-json\/wp\/v2\/media?parent=205639"}],"wp:term":[{"taxonomy":"category","embeddable":true,"href":"https:\/\/www.europesays.com\/pl\/wp-json\/wp\/v2\/categories?post=205639"},{"taxonomy":"post_tag","embeddable":true,"href":"https:\/\/www.europesays.com\/pl\/wp-json\/wp\/v2\/tags?post=205639"}],"curies":[{"name":"wp","href":"https:\/\/api.w.org\/{rel}","templated":true}]}}