{"id":205660,"date":"2026-01-15T03:24:18","date_gmt":"2026-01-15T03:24:18","guid":{"rendered":"https:\/\/www.europesays.com\/pl\/205660\/"},"modified":"2026-01-15T03:24:18","modified_gmt":"2026-01-15T03:24:18","slug":"malgorzata-socha-nie-popisala-sie-jazda-samochodem-kierowcy-nie-kryli-oburzenia","status":"publish","type":"post","link":"https:\/\/www.europesays.com\/pl\/205660\/","title":{"rendered":"Ma\u0142gorzata Socha nie popisa\u0142a si\u0119 jazd\u0105 samochodem. Kierowcy nie kryli oburzenia"},"content":{"rendered":"<p class=\"ods-c-paragraph \"><a href=\"https:\/\/plejada.pl\/temat\/malgorzata-socha-aktorka\/68xf27q\" id=\"5e7ba639-b081-44b4-b633-558c36faba0c\" rel=\"nofollow noopener\" target=\"_blank\">Ma\u0142gorzata Socha<\/a> w sobotni poranek pojawi\u0142a si\u0119 w studiu programu &#8222;Halo tu Polsat&#8221; wraz z Aleksandr\u0105 Zagrodzk\u0105, aby promowa\u0107 film &#8222;Psoty&#8221;, kt\u00f3ry trafi do kin 16 stycznia. Jednak to nie rozmowa w telewizji, lecz wydarzenia po nagraniu przyci\u0105gn\u0119\u0142y uwag\u0119 przechodni\u00f3w, kierowc\u00f3w i paparazzich.<\/p>\n<p> Dalszy ci\u0105g artyku\u0142u pod materia\u0142em wideo    <\/p>\n<p> Co zrobi\u0142a Ma\u0142gorzata Socha, co wywo\u0142a\u0142o krytyk\u0119? <\/p>\n<p> Jakie warunki panowa\u0142y na drogach, gdy Socha jecha\u0142a samochodem? <\/p>\n<p> Co aktorka robi\u0142a przed incydentem za kierownic\u0105? <\/p>\n<p> Jakie inne kontrowersyjne sytuacje zwi\u0105zane z jazd\u0105 Sochy zosta\u0142y opisane? <\/p>\n<p>  Kierowcy w\u015bciekli na Ma\u0142gorzat\u0119 Soch\u0119. Wszystko przez jej jazd\u0119<\/p>\n<p class=\"ods-c-paragraph \">Ma\u0142gorzata Socha, opuszczaj\u0105c studio, zosta\u0142a zauwa\u017cona przez kierowc\u00f3w w centrum miasta. Na drogach panowa\u0142y trudne warunki \u2014 \u015blisko, miejscami zalega\u0142o b\u0142oto po\u015bniegowe, a widoczno\u015b\u0107 by\u0142a ograniczona. Policja apelowa\u0142a wtedy do kierowc\u00f3w o zachowanie ostro\u017cno\u015bci i zwi\u0119kszenie dystansu mi\u0119dzy pojazdami. Pomimo tych apeli, Socha wykaza\u0142a si\u0119 brakiem czujno\u015bci za kierownic\u0105, co wzbudzi\u0142o konsternacj\u0119 innych uczestnik\u00f3w ruchu.<\/p>\n<p class=\"ods-c-paragraph \">Wed\u0142ug relacji &#8222;Super Expressu&#8221; aktorka po kr\u00f3tkim spotkaniu ze znajomym i zakupie pieczywa ruszy\u0142a pasem przeznaczonym do jazdy na wprost, by nast\u0119pnie nieregulaminowo wjecha\u0107 pomi\u0119dzy samochody na pasie do skr\u0119tu. Ten manewr wywo\u0142a\u0142 fal\u0119 klakson\u00f3w i zaskoczenie w\u015br\u00f3d kierowc\u00f3w.<\/p>\n<p class=\"ods-c-paragraph \">Nie by\u0142a to pierwsza sytuacja, w kt\u00f3rej styl jazdy Ma\u0142gorzaty Sochy wywo\u0142a\u0142 kontrowersje. W przesz\u0142o\u015bci by\u0142a fotografowana, gdy zaparkowa\u0142a samoch\u00f3d w miejscu obj\u0119tym zakazem postoju. Jej pojazd sta\u0142 tam przez trzy godziny, podczas gdy aktorka sp\u0119dza\u0142a czas na obiedzie.<\/p>\n<p class=\"ods-c-paragraph \">W innym przypadku, prowadz\u0105c swojego mercedesa po warszawskim Mokotowie, wyprzedzi\u0142a stoj\u0105cy przed ni\u0105 samoch\u00f3d z prawej strony, korzystaj\u0105c z zatoczki autobusowej. Manewr zosta\u0142 wykonany dynamicznie i przez przej\u015bcie dla pieszych. Chocia\u017c nie z\u0142ama\u0142a przepis\u00f3w, jej zachowanie okre\u015blono jako wyj\u0105tkowo ryzykowne.<\/p>\n<p><img decoding=\"async\" src=\"https:\/\/www.europesays.com\/pl\/wp-content\/uploads\/2026\/01\/R49k9lBaHR0cHM6Ly9vY2RuLmV1L3B1bHNjbXMvTURBXy8xMDk2NTM3YTUzOWY3NTZiZjk1Zjk3OTFmMTFkMGM0Zi5qcGeRlQLNA.jpeg\" height=\"529\" width=\"940\" alt=\"Ma\u0142gorzata Socha\" loading=\"lazy\" class=\"ods-c-image__img ods-c-image__img--vertical\"\/><\/p>\n<p>Ma\u0142gorzata SochaAndras Szilagyi \/ MW Media<\/p>\n<p class=\"ods-c-paragraph \">Dzi\u0119kujemy, \u017ce przeczyta\u0142a\u015b\/e\u015b nasz artyku\u0142 do ko\u0144ca. W serwisie Plejada.pl ka\u017cdego dnia piszemy o najwa\u017cniejszych wydarzeniach show-biznesowych. B\u0105d\u017a na bie\u017c\u0105co! <a rel=\"nofollow noopener\" href=\"https:\/\/profile.google.com\/cp\/Cg0vZy8xMWJ6X19wdHBx\" id=\"cff7071d-7ef2-4088-98c5-662ecffb0f50\" target=\"_blank\">Obserwuj<\/a> Plejad\u0119 w Wiadomo\u015bciach Google. Odwied\u017a nas tak\u017ce na <a rel=\"nofollow noopener\" href=\"https:\/\/www.facebook.com\/plejadapl\" id=\"6947745f-6505-4468-b4db-49e4a64e4d36\" target=\"_blank\">Facebooku<\/a>, <a rel=\"nofollow noopener\" href=\"https:\/\/www.instagram.com\/plejadapl\/\" id=\"2d9f2973-4d16-4990-98e1-a7a804925bac\" target=\"_blank\">Instagramie<\/a>, <a rel=\"nofollow noopener\" href=\"https:\/\/www.youtube.com\/c\/plejada\" id=\"0b8ae59f-9dc2-4fde-b74f-b371a749cd90\" target=\"_blank\">YouTube<\/a> oraz <a rel=\"nofollow noopener\" href=\"https:\/\/www.tiktok.com\/@plejada_pl\" id=\"3db2010e-e10a-4c36-a7d8-48311d742b21\" target=\"_blank\">TikToku<\/a>.<\/p>\n<p class=\"ods-c-paragraph \">Chcesz podzieli\u0107 si\u0119 ciekawym newsem lub zaproponowa\u0107 temat? Skontaktuj si\u0119 z nami, pisz\u0105c e-maila na adres: <a rel=\"nofollow noopener\" href=\"https:\/\/plejada.pl\/newsy\/malgorzata-socha-nie-popisala-sie-jazda-samochodem-kierowcy-nie-kryli-oburzenia\/mailto:plejada@redakcjaonet.pl\" id=\"e131f506-2605-4de4-a0fd-c688caf232a5\" target=\"_blank\">plejada@redakcjaonet.pl<\/a>.<\/p>\n<p><script async src=\"\/\/www.instagram.com\/embed.js\"><\/script><script async src=\"\/\/www.tiktok.com\/embed.js\"><\/script><\/p>\n","protected":false},"excerpt":{"rendered":"Ma\u0142gorzata Socha w sobotni poranek pojawi\u0142a si\u0119 w studiu programu &#8222;Halo tu Polsat&#8221; wraz z Aleksandr\u0105 Zagrodzk\u0105, aby&hellip;\n","protected":false},"author":2,"featured_media":205661,"comment_status":"","ping_status":"","sticky":false,"template":"","format":"standard","meta":{"footnotes":""},"categories":[22],"tags":[122,24139,48,125,46,42,38,40,39,41,123,47],"class_list":{"0":"post-205660","1":"post","2":"type-post","3":"status-publish","4":"format-standard","5":"has-post-thumbnail","7":"category-rozrywka","8":"tag-entertainment","9":"tag-malgorzata_socha","10":"tag-nat_styl","11":"tag-newsy","12":"tag-omp","13":"tag-pl","14":"tag-poland","15":"tag-polish","16":"tag-polska","17":"tag-polski","18":"tag-rozrywka","19":"tag-screening_general"},"share_on_mastodon":{"url":"https:\/\/pubeurope.com\/@pl\/115896979449527046","error":""},"_links":{"self":[{"href":"https:\/\/www.europesays.com\/pl\/wp-json\/wp\/v2\/posts\/205660","targetHints":{"allow":["GET"]}}],"collection":[{"href":"https:\/\/www.europesays.com\/pl\/wp-json\/wp\/v2\/posts"}],"about":[{"href":"https:\/\/www.europesays.com\/pl\/wp-json\/wp\/v2\/types\/post"}],"author":[{"embeddable":true,"href":"https:\/\/www.europesays.com\/pl\/wp-json\/wp\/v2\/users\/2"}],"replies":[{"embeddable":true,"href":"https:\/\/www.europesays.com\/pl\/wp-json\/wp\/v2\/comments?post=205660"}],"version-history":[{"count":0,"href":"https:\/\/www.europesays.com\/pl\/wp-json\/wp\/v2\/posts\/205660\/revisions"}],"wp:featuredmedia":[{"embeddable":true,"href":"https:\/\/www.europesays.com\/pl\/wp-json\/wp\/v2\/media\/205661"}],"wp:attachment":[{"href":"https:\/\/www.europesays.com\/pl\/wp-json\/wp\/v2\/media?parent=205660"}],"wp:term":[{"taxonomy":"category","embeddable":true,"href":"https:\/\/www.europesays.com\/pl\/wp-json\/wp\/v2\/categories?post=205660"},{"taxonomy":"post_tag","embeddable":true,"href":"https:\/\/www.europesays.com\/pl\/wp-json\/wp\/v2\/tags?post=205660"}],"curies":[{"name":"wp","href":"https:\/\/api.w.org\/{rel}","templated":true}]}}