{"id":205687,"date":"2026-01-15T04:02:12","date_gmt":"2026-01-15T04:02:12","guid":{"rendered":"https:\/\/www.europesays.com\/pl\/205687\/"},"modified":"2026-01-15T04:02:12","modified_gmt":"2026-01-15T04:02:12","slug":"corka-kim-dzong-una-przejmie-wladze-media-o-wyraznych-sygnalach","status":"publish","type":"post","link":"https:\/\/www.europesays.com\/pl\/205687\/","title":{"rendered":"C\u00f3rka Kim Dzong Una przejmie w\u0142adz\u0119? Media o wyra\u017anych sygna\u0142ach"},"content":{"rendered":"<p>Jak informuje portal Daily NK, powo\u0142uj\u0105c si\u0119 na lokalne \u017ar\u00f3d\u0142a z 13 stycznia, publiczne pojawianie si\u0119 nastolatki sta\u0142o si\u0119 jednym z najcz\u0119\u015bciej omawianych temat\u00f3w w\u015br\u00f3d mieszka\u0144c\u00f3w. Uwag\u0119 zwr\u00f3ci\u0142o nie tylko samo jej uczestnictwo w wydarzeniach pa\u0144stwowych, ale przede wszystkim spos\u00f3b, w jaki by\u0142a prezentowana.<\/p>\n<p>\u00a0<\/p>\n<p>Podczas noworocznego przedstawienia Kim Joo-ae siedzia\u0142a dok\u0142adnie pomi\u0119dzy ojcem a jego \u017con\u0105, Ri Sol-ju, a w trakcie wizyty w mauzoleum znalaz\u0142a si\u0119 w centrum pierwszego rz\u0119du.<\/p>\n<p>C\u00f3rka Kim Dzong Una gotowa do przej\u0119cia w\u0142adzy? Media o wyra\u017anych sygna\u0142ach<\/p>\n<p>Zdaniem informator\u00f3w takie rozmieszczenie nie by\u0142o dzie\u0142em przypadku. W Korei P\u00f3\u0142nocnej zar\u00f3wno uk\u0142ad miejsc, jak i kadry oficjalnych zdj\u0119\u0107 s\u0105 starannie planowane. Dlatego coraz wi\u0119cej os\u00f3b interpretuje widoczn\u0105 ekspozycj\u0119 Kim Joo-ae jako sygna\u0142 mo\u017cliwych przygotowa\u0144 do przysz\u0142ej sukcesji.<\/p>\n<p>\u00a0<\/p>\n<p>Mieszka\u0144cy zauwa\u017caj\u0105 r\u00f3wnie\u017c zmiany w jej wygl\u0105dzie i zachowaniu &#8211; z ka\u017cd\u0105 kolejn\u0105 publiczn\u0105 wizyt\u0105 ma sprawia\u0107 wra\u017cenie coraz bardziej pewnej siebie i dojrza\u0142ej.<\/p>\n<p>\u00a0<\/p>\n<p>ZOBACZ: <a href=\"https:\/\/www.polsatnews.pl\/wiadomosc\/2025-09-03\/zaskakujacy-temat-rozmowy-wladimira-putina-i-xi-jingpina-mowili-o-niesmiertelnosci\/\" rel=\"nofollow noopener\" target=\"_blank\">Zaskakuj\u0105cy temat rozmowy W\u0142adimira Putina i Xi Jingpina. M\u00f3wili o nie\u015bmiertelno\u015bci<\/a><\/p>\n<p>\u00a0<\/p>\n<p>Nie wszyscy jednak podzielaj\u0105 te przypuszczenia. Cz\u0119\u015b\u0107 spo\u0142ecze\u0144stwa uwa\u017ca, \u017ce rozmowy o sukcesji s\u0105 przedwczesne, inni wskazuj\u0105 na bariery kulturowe i podkre\u015blaj\u0105, \u017ce kobieta na czele pa\u0144stwa by\u0142aby w Korei P\u00f3\u0142nocnej trudna do zaakceptowania.<\/p>\n<p>C\u00f3rka Kim Dzong Una w centrum uwagi. &#8222;Zbyt zachodni&#8221; poca\u0142unek<\/p>\n<p>Najwi\u0119ksze kontrowersje wzbudzi\u0142a relacja Kim Dzong Una i jego c\u00f3rki. W opublikowanym w poniedzia\u0142ek artykule Daily NK Japan, kt\u00f3rego tytu\u0142 mo\u017cna przet\u0142umaczy\u0107 jako &#8222;Czy to normalna relacja ojca z c\u00f3rk\u0105? Dziwne zachowanie Kim Dzong Una i jego c\u00f3rki wywo\u0142uje kontrowersje&#8221;, redakcja zwr\u00f3ci\u0142a uwag\u0119 na liczne przejawy blisko\u015bci mi\u0119dzy przyw\u00f3dc\u0105 a jego c\u00f3rk\u0105.<\/p>\n<p>\u00a0<\/p>\n<p>Wed\u0142ug portalu, podczas wydarzenia oboje mieli wykazywa\u0107 &#8222;nadmierny kontakt fizyczny&#8221;, co wywo\u0142ywa\u0142o wyra\u017any dyskomfort w\u015br\u00f3d obecnych urz\u0119dnik\u00f3w, z kt\u00f3rych cz\u0119\u015b\u0107 odwraca\u0142a wzrok. Co wi\u0119cej takie zachowanie uwa\u017cane jest za &#8222;zbyt zachodnie&#8221;. &#8222;To nie jest typowe dla nas, dlaczego na\u015bladujemy zachodni styl \u017cycia?&#8221; &#8211; brzmia\u0142y niekt\u00f3re z komentarzy.\u00a0<\/p>\n<p>\u00a0<\/p>\n<p>ZOBACZ: <a href=\"https:\/\/www.polsatnews.pl\/wiadomosc\/2026-01-10\/powazne-naruszenie-suwerennosci-pjongjang-grozi-odwetem\/\" rel=\"nofollow noopener\" target=\"_blank\">&#8222;Powa\u017cne naruszenie suwerenno\u015bci&#8221;. Pjongjang grozi odwetem<\/a><\/p>\n<p>\u00a0<\/p>\n<p>Media zwr\u00f3ci\u0142y uwag\u0119, \u017ce trzyma\u0142a ojca za r\u0119k\u0119, pochyla\u0142a si\u0119 w jego stron\u0119 i szepta\u0142a mu co\u015b do ucha, otwarcie okazuj\u0105c blisko\u015b\u0107. Szczeg\u00f3lne poruszenie wywo\u0142a\u0142 moment odliczania do 2026 roku, kiedy dziewczynka wsta\u0142a, po\u0142o\u017cy\u0142a d\u0142o\u0144 na twarzy ojca i poca\u0142owa\u0142a go w policzek, na co Kim Dzong Un zareagowa\u0142 szerokim u\u015bmiechem.<\/p>\n<p>\u00a0<\/p>\n<p>Jak podkre\u015bla Daily NK Japan, nie jest to pierwszy raz, gdy relacja przyw\u00f3dcy Korei P\u00f3\u0142nocnej z c\u00f3rk\u0105 budzi kontrowersje. Portal powo\u0142a\u0142 si\u0119 na wcze\u015bniejsze doniesienia po\u0142udniowokorea\u0144skiego niezale\u017cnego medium Sand Times, wed\u0142ug kt\u00f3rych podczas ceremonii uko\u0144czenia budowy hotelu w grudniu ubieg\u0142ego roku oboje stali wyj\u0105tkowo blisko siebie, co niekt\u00f3rzy mieszka\u0144cy kraju mieli okre\u015bla\u0107 jako &#8222;odpychaj\u0105ce&#8221; i &#8222;wykraczaj\u0105ce poza normaln\u0105 relacj\u0119 ojca z c\u00f3rk\u0105&#8221;.\u00a0<\/p>\n<p>\u00a0<\/p>\n<p>Widzia\u0142e\u015b co\u015b wa\u017cnego? Przy\u015blij zdj\u0119cie, film lub napisz, co si\u0119 sta\u0142o. Skorzystaj z naszej <a href=\"https:\/\/www.polsatnews.pl\/platforma-widzow\/\" target=\"_blank\" rel=\"noopener noreferrer nofollow\">Wrzutni<\/a><\/p>\n<p>                <img decoding=\"async\" src=\"https:\/\/www.europesays.com\/pl\/wp-content\/uploads\/2026\/01\/5q48r16btcf1ykpn5tnry638hhd6zrtp.jpg\" alt=\"\" itemprop=\"contentUrl\" style=\"position:absolute; width: 100%; max-height: 100%;\"\/><video controls=\"\" controlslist=\"nodownload\" poster=\"https:\/\/www.europesays.com\/pl\/wp-content\/uploads\/2026\/01\/5q48r16btcf1ykpn5tnry638hhd6zrtp.jpg\" class=\"videoPlayer player6856641 news__video\" data-id=\"6856641\">Twoja przegl\u0105darka nie wspiera odtwarzacza wideo&#8230;<\/video><\/p>\n<p>                <a class=\"news__read-more-button\" href=\"https:\/\/www.polsatnews.pl\/\" rel=\"nofollow noopener\" target=\"_blank\">Czytaj wi\u0119cej<\/a><\/p>\n","protected":false},"excerpt":{"rendered":"Jak informuje portal Daily NK, powo\u0142uj\u0105c si\u0119 na lokalne \u017ar\u00f3d\u0142a z 13 stycznia, publiczne pojawianie si\u0119 nastolatki sta\u0142o&hellip;\n","protected":false},"author":2,"featured_media":205688,"comment_status":"","ping_status":"","sticky":false,"template":"","format":"standard","meta":{"footnotes":""},"categories":[14],"tags":[32,33,27,34,35,28,31,25,40,41,80,29,30,26,82,83,84],"class_list":{"0":"post-205687","1":"post","2":"type-post","3":"status-publish","4":"format-standard","5":"has-post-thumbnail","7":"category-swiat","8":"tag-breaking-news","9":"tag-breakingnews","10":"tag-headlines","11":"tag-latest-news","12":"tag-latestnews","13":"tag-naglowki","14":"tag-najwazniejsze-artykuly","15":"tag-news","16":"tag-polish","17":"tag-polski","18":"tag-swiat","19":"tag-top-stories","20":"tag-topstories","21":"tag-wiadomosci","22":"tag-world","23":"tag-world-news","24":"tag-worldnews"},"share_on_mastodon":{"url":"https:\/\/pubeurope.com\/@pl\/115897128897279196","error":""},"_links":{"self":[{"href":"https:\/\/www.europesays.com\/pl\/wp-json\/wp\/v2\/posts\/205687","targetHints":{"allow":["GET"]}}],"collection":[{"href":"https:\/\/www.europesays.com\/pl\/wp-json\/wp\/v2\/posts"}],"about":[{"href":"https:\/\/www.europesays.com\/pl\/wp-json\/wp\/v2\/types\/post"}],"author":[{"embeddable":true,"href":"https:\/\/www.europesays.com\/pl\/wp-json\/wp\/v2\/users\/2"}],"replies":[{"embeddable":true,"href":"https:\/\/www.europesays.com\/pl\/wp-json\/wp\/v2\/comments?post=205687"}],"version-history":[{"count":0,"href":"https:\/\/www.europesays.com\/pl\/wp-json\/wp\/v2\/posts\/205687\/revisions"}],"wp:featuredmedia":[{"embeddable":true,"href":"https:\/\/www.europesays.com\/pl\/wp-json\/wp\/v2\/media\/205688"}],"wp:attachment":[{"href":"https:\/\/www.europesays.com\/pl\/wp-json\/wp\/v2\/media?parent=205687"}],"wp:term":[{"taxonomy":"category","embeddable":true,"href":"https:\/\/www.europesays.com\/pl\/wp-json\/wp\/v2\/categories?post=205687"},{"taxonomy":"post_tag","embeddable":true,"href":"https:\/\/www.europesays.com\/pl\/wp-json\/wp\/v2\/tags?post=205687"}],"curies":[{"name":"wp","href":"https:\/\/api.w.org\/{rel}","templated":true}]}}