{"id":205766,"date":"2026-01-15T05:54:04","date_gmt":"2026-01-15T05:54:04","guid":{"rendered":"https:\/\/www.europesays.com\/pl\/205766\/"},"modified":"2026-01-15T05:54:04","modified_gmt":"2026-01-15T05:54:04","slug":"donald-trump-je-okropne-jedzenie-zdradza-nawyki-zywieniowe-prezydenta-usa","status":"publish","type":"post","link":"https:\/\/www.europesays.com\/pl\/205766\/","title":{"rendered":"&#8222;Donald Trump je okropne jedzenie&#8221;. Zdradza nawyki \u017cywieniowe prezydenta USA"},"content":{"rendered":"<ul class=\"typography ids-typeset-text ids-typeset-text--preset-large list ids-list ids-list--unordered ids-list--size-large \" datatype=\"disc\">\n<li class=\"ids-list-item\">\n<p>Robert F. Kennedy Jr. stwierdzi\u0142, \u017ce Donald Trump je g\u0142\u00f3wnie jedzenie typu fast food, s\u0142odycze i pije dietetyczn\u0105 col\u0119.<\/p>\n<\/li>\n<li class=\"ids-list-item\">\n<p>Sekretarz zdrowia USA podkre\u015bli\u0142, \u017ce mimo takiej diety Trump cieszy si\u0119 &#8222;niesamowitym&#8221; zdrowiem.<\/p>\n<\/li>\n<li class=\"ids-list-item\">\n<p>W mediach pojawiaj\u0105 si\u0119 spekulacje na temat stanu zdrowia Trumpa, a Bia\u0142y Dom informowa\u0142 o przewlek\u0142ej niewydolno\u015bci \u017cylnej prezydenta USA.<\/p>\n<\/li>\n<li class=\"ids-list-item\">Wi\u0119cej wa\u017cnych informacji znajdziesz na <a class=\"ids-undecorated-link link ids-link link\" href=\"https:\/\/www.interia.pl\/#utm_source=wydarzenia&amp;utm_medium=bullet&amp;utm_campaign=powrot_z_wew&amp;iwa_source=bullet\" target=\"_blank\" rel=\"nofollow noopener\">stronie g\u0142\u00f3wnej Interii<\/a><\/li>\n<\/ul>\n<p class=\"typography ids-typeset-body ids-typeset-body--preset-large link paragraph ids-paragraph ids-paragraph--default\">Sekretarz zdrowia i opieki spo\u0142ecznej USA wyst\u0105pi\u0142 w podca\u015bcie prowadzonym przez Katie Miller, \u017con\u0119 Stephena Millera, kt\u00f3ry oficjalnie jest zast\u0119pc\u0105 szefowej personelu <a href=\"https:\/\/wydarzenia.interia.pl\/tematy-bialy-dom,gsbi,5298\" rel=\"nofollow noopener\" target=\"_blank\">Bia\u0142ego Domu<\/a>, a w rzeczywisto\u015bci jednym z najbli\u017cszych doradc\u00f3w <a href=\"https:\/\/wydarzenia.interia.pl\/tematy-donald-trump,gsbi,16\" rel=\"nofollow noopener\" target=\"_blank\">Donalda Trumpa<\/a>.<\/p>\n<p>&#8222;To cud, \u017ce jeszcze \u017cyje&#8221;. Zdradza, jak wygl\u0105da dieta Donalda Trump<\/p>\n<p class=\"typography ids-typeset-body ids-typeset-body--preset-large link paragraph ids-paragraph ids-paragraph--default\">W trakcie rozmowy Robert F. Kennedy Jr. m\u00f3wi\u0142 m.in. o ostatnich zmianach w wytycznych dotycz\u0105cych \u017cywienia i szczepie\u0144 w USA. Zapytany, kt\u00f3ry cz\u0142onek administracji Trumpa ma najzdrowsz\u0105 diet\u0119 i najaktywniejszy tryb \u017cycia, Kennedy wskaza\u0142 Seana Duffy&#8217;ego, sekretarza transportu i Pete&#8217;a Hegsetha, szefa <a href=\"https:\/\/wydarzenia.interia.pl\/tematy-pentagon,gsbi,2363\" rel=\"nofollow noopener\" target=\"_blank\">Pentagonu<\/a>. Pytany, kto ma najbardziej &#8222;niezr\u00f3wnowa\u017con\u0105&#8221; diet\u0119, Kennedy odpowiedzia\u0142: &#8211; Prezydent.<\/p>\n<p class=\"typography ids-typeset-body ids-typeset-body--preset-large link paragraph ids-paragraph ids-paragraph--default\">&#8211; Ciekawostk\u0105 w prezydencie jest to, \u017ce je naprawd\u0119 okropne jedzenie, czyli McDonald&#8217;s, s\u0142odycze i dietetyczn\u0105 col\u0119. Pije dietetyczn\u0105 col\u0119 bez przerwy. Ma konstytucj\u0119 b\u00f3stwa. Nie wiem, jak to mo\u017cliwe, \u017ce \u017cyje, ale \u017cyje &#8211; m\u00f3wi\u0142 Kennedy.<\/p>\n<p class=\"typography ids-typeset-body ids-typeset-body--preset-large link paragraph ids-paragraph ids-paragraph--default\">&#8222;USA Today&#8221; zauwa\u017ca, \u017ce zami\u0142owanie Trumpa do fast food\u00f3w jest powszechnie znane &#8211; zw\u0142aszcza restauracji McDonald&#8217;s. W 2019 roku w Bia\u0142ym Domu serwowa\u0142 jedzenie tej sieci zawodnikom futbolu ameryka\u0144skiego, siedzia\u0142 przy okienku jednego z lokali podczas kampanii wyborczej w 2024 roku, a p\u00f3\u017aniej przemawia\u0142 na szczycie McDonald&#8217;s Impact Summit, gdzie powiedzia\u0142 uczestnikom, \u017ce jego administracja na pok\u0142adzie <a href=\"https:\/\/wydarzenia.interia.pl\/tematy-air-force-one,gsbi,6755\" rel=\"nofollow noopener\" target=\"_blank\">Air Force One<\/a> &#8222;prawie zawsze serwuje tylko McDonald&#8217;s&#8221;.<\/p>\n<p class=\"typography ids-typeset-body ids-typeset-body--preset-large link paragraph ids-paragraph ids-paragraph--default\">&#8211; Nie chodzi jednak tylko o Big Maci &#8211; m\u00f3wi\u0142 Kennedy. &#8211; Prezydent wybiera fast foody z du\u017cych sieci podczas podr\u00f3\u017cy, poniewa\u017c ufa, \u017ce nie zachoruje w podr\u00f3\u017cy &#8211; m\u00f3wi\u0142 ameryka\u0144ski sekretarz zdrowia.<\/p>\n<p>&#8222;B\u0119dzie zadowolony, gdy to powt\u00f3rz\u0119&#8221;. Wsp\u00f3\u0142pracownik o zdrowiu Trumpa<\/p>\n<p class=\"typography ids-typeset-body ids-typeset-body--preset-large link paragraph ids-paragraph ids-paragraph--default\">Wed\u0142ug Kennedy&#8217;ego gdy Trump jest w swojej rezydencji w Mar-a-Lago na <a href=\"https:\/\/wydarzenia.interia.pl\/tematy-floryda,gsbi,5745\" rel=\"nofollow noopener\" target=\"_blank\">Florydzie<\/a> albo w Bia\u0142ym Domu, &#8222;je naprawd\u0119 dobre jedzenie&#8221;. &#8211; Je\u015bli podr\u00f3\u017cujesz z nim, masz wra\u017cenie, \u017ce ca\u0142y dzie\u0144 faszeruje si\u0119 trucizn\u0105 i nie wiesz, jak si\u0119 porusza, a co dopiero, \u017ce jest najbardziej energiczn\u0105 osob\u0105, jak\u0105 kiedykolwiek spotka\u0142e\u015b. Ale my\u015bl\u0119, \u017ce tak naprawd\u0119 je ca\u0142kiem dobre jedzenie\u00a0&#8211; stwierdzi\u0142 polityk.<\/p>\n<p class=\"typography ids-typeset-body ids-typeset-body--preset-large link paragraph ids-paragraph ids-paragraph--default\">W ocenie Kennedy&#8217;ego mimo zami\u0142owania do frytek, Trump cieszy si\u0119 &#8222;niesamowitym&#8221; zdrowiem. Powo\u0142ywa\u0142 si\u0119 przy tym na by\u0142ego kardiochirurga z Uniwersytetu Columbia, go\u015bcia i prezentera program\u00f3w telewizyjnych Mehmeta Oza, mianowanego przez Donalda Trumpa administratorem us\u0142ug Medicare i Medicaid.<\/p>\n<p class=\"typography ids-typeset-body ids-typeset-body--preset-large link paragraph ids-paragraph ids-paragraph--default\">Wed\u0142ug relacji Kennedy&#8217;ego Oz po przejrzeniu dokumentacji medycznej prezydenta USA stwierdzi\u0142, \u017ce ma on &#8222;najwy\u017cszy poziom testosteronu, jaki kiedykolwiek widzia\u0142 u osoby po 70. roku \u017cycia&#8221;. &#8211; Wiem, \u017ce prezydent b\u0119dzie zadowolony, gdy to powt\u00f3rz\u0119 &#8211; doda\u0142 ameryka\u0144ski sekretarz zdrowia.<\/p>\n<p class=\"typography ids-typeset-body ids-typeset-body--preset-large link paragraph ids-paragraph ids-paragraph--default\">Komentarz Kennedy&#8217;ego pojawia si\u0119 w kontek\u015bcie ci\u0105g\u0142ych spekulacji na temat\u00a0stanu zdrowia Trumpa. Prezydent USA mia\u0142 widoczne siniaki na d\u0142oniach, czasami pokryte banda\u017cami lub makija\u017cem, co Bia\u0142y Dom t\u0142umaczy\u0142 nadu\u017cywaniem przez polityka aspiryny. Media wychwyci\u0142y, \u017ce prezydentowi USA zdarza\u0142o si\u0119 be\u0142kota\u0107 czy zasypia\u0107 podczas spotka\u0144.<\/p>\n<p class=\"typography ids-typeset-body ids-typeset-body--preset-large link paragraph ids-paragraph ids-paragraph--default\">Odkryto r\u00f3wnie\u017c, \u017ce wielokrotnie poddawa\u0142 si\u0119 testowi, s\u0142u\u017c\u0105cemu do wykrywania demencji. W lipcu Bia\u0142y Dom poinformowa\u0142 z kolei, \u017ce u Trumpa zdiagnozowano przewlek\u0142\u0105 niewydolno\u015b\u0107 \u017cyln\u0105, kt\u00f3ra powoduje zauwa\u017calny obrz\u0119k n\u00f3g.<\/p>\n<p>Spotkanie u prezydenta. Do rozwi\u0105zania kilka spor\u00f3wPolsat News<\/p>\n<p><a class=\"ids-undecorated-link source ids-page-info--source__link\" href=\"https:\/\/www.interia.pl\" rel=\"nofollow noopener\" target=\"_blank\"><img decoding=\"async\" class=\"ids-image-holder__img\" loading=\"lazy\" alt=\"\" title=\"\" height=\"24px\" src=\"https:\/\/www.europesays.com\/pl\/wp-content\/uploads\/2026\/01\/1768417092_915_0009A60QQ5I2TYF7-C202-F4.webp.webp\"\/><\/a><\/p>\n<p>Masz sugestie, uwagi albo widzisz b\u0142\u0105d? Napisz do nas<\/p>\n","protected":false},"excerpt":{"rendered":"Robert F. Kennedy Jr. stwierdzi\u0142, \u017ce Donald Trump je g\u0142\u00f3wnie jedzenie typu fast food, s\u0142odycze i pije dietetyczn\u0105&hellip;\n","protected":false},"author":2,"featured_media":205767,"comment_status":"","ping_status":"","sticky":false,"template":"","format":"standard","meta":{"footnotes":""},"categories":[14],"tags":[32,33,27,34,35,28,31,25,40,41,80,29,30,26,82,83,84],"class_list":{"0":"post-205766","1":"post","2":"type-post","3":"status-publish","4":"format-standard","5":"has-post-thumbnail","7":"category-swiat","8":"tag-breaking-news","9":"tag-breakingnews","10":"tag-headlines","11":"tag-latest-news","12":"tag-latestnews","13":"tag-naglowki","14":"tag-najwazniejsze-artykuly","15":"tag-news","16":"tag-polish","17":"tag-polski","18":"tag-swiat","19":"tag-top-stories","20":"tag-topstories","21":"tag-wiadomosci","22":"tag-world","23":"tag-world-news","24":"tag-worldnews"},"share_on_mastodon":{"url":"https:\/\/pubeurope.com\/@pl\/115897569266342690","error":""},"_links":{"self":[{"href":"https:\/\/www.europesays.com\/pl\/wp-json\/wp\/v2\/posts\/205766","targetHints":{"allow":["GET"]}}],"collection":[{"href":"https:\/\/www.europesays.com\/pl\/wp-json\/wp\/v2\/posts"}],"about":[{"href":"https:\/\/www.europesays.com\/pl\/wp-json\/wp\/v2\/types\/post"}],"author":[{"embeddable":true,"href":"https:\/\/www.europesays.com\/pl\/wp-json\/wp\/v2\/users\/2"}],"replies":[{"embeddable":true,"href":"https:\/\/www.europesays.com\/pl\/wp-json\/wp\/v2\/comments?post=205766"}],"version-history":[{"count":0,"href":"https:\/\/www.europesays.com\/pl\/wp-json\/wp\/v2\/posts\/205766\/revisions"}],"wp:featuredmedia":[{"embeddable":true,"href":"https:\/\/www.europesays.com\/pl\/wp-json\/wp\/v2\/media\/205767"}],"wp:attachment":[{"href":"https:\/\/www.europesays.com\/pl\/wp-json\/wp\/v2\/media?parent=205766"}],"wp:term":[{"taxonomy":"category","embeddable":true,"href":"https:\/\/www.europesays.com\/pl\/wp-json\/wp\/v2\/categories?post=205766"},{"taxonomy":"post_tag","embeddable":true,"href":"https:\/\/www.europesays.com\/pl\/wp-json\/wp\/v2\/tags?post=205766"}],"curies":[{"name":"wp","href":"https:\/\/api.w.org\/{rel}","templated":true}]}}