{"id":205768,"date":"2026-01-15T05:57:07","date_gmt":"2026-01-15T05:57:07","guid":{"rendered":"https:\/\/www.europesays.com\/pl\/205768\/"},"modified":"2026-01-15T05:57:07","modified_gmt":"2026-01-15T05:57:07","slug":"iga-poznala-drabinke-w-australian-open-moze-dojsc-szybko-do-hitu","status":"publish","type":"post","link":"https:\/\/www.europesays.com\/pl\/205768\/","title":{"rendered":"Iga pozna\u0142a drabink\u0119 w Australian Open. Mo\u017ce doj\u015b\u0107 szybko do hitu"},"content":{"rendered":"\n<p class=\"contentpart contentpart--default contentpart--text\" data-position=\"0\">Jeszcze przed rozpocz\u0119ciem losowania g\u0142\u00f3wnej drabinki wielkoszlemowego <a href=\"https:\/\/sportowefakty.wp.pl\/tenis\/australian-open\" rel=\"nofollow noopener\" target=\"_blank\">Australian Open<\/a>\u00a0z <a href=\"https:\/\/sportowefakty.wp.pl\/australia\/city-melbourne\" rel=\"nofollow noopener\" target=\"_blank\">Melbourne<\/a>\u00a0nap\u0142yn\u0119\u0142y \u015bwietne wie\u015bci. Ot\u00f3\u017c zameldowa\u0142a si\u0119 w niej czwarta reprezentantka Polski, a mianowicie <a href=\"https:\/\/sportowefakty.wp.pl\/tenis\/linda-klimovicova\" rel=\"nofollow noopener\" target=\"_blank\">Linda Klimovicova<\/a>\u00a0(WTA 134.). Blisko by\u0142a tak\u017ce Maja Chwali\u0144ska (WTA 145.), lecz ostatecznie przegra\u0142a sw\u00f3j mecz po trzysetowym boju.<\/p>\n<p>B\u0119d\u0105 hity? Oto potencjalne rywalki \u015awi\u0105tek<\/p>\n<p>  <img decoding=\"async\" src=\"https:\/\/v.wpimg.pl\/X3dwLnN2d1IFFTpdYUl6R0ZNbgcnEHQREVV2TGEGbUtRT2MdOlZ2RBQUKABgQjQcDRotCStBd1IAAWMeIlM7VgwYIAorQAdEFFk_GCkQJQ\" alt=\"\" width=\"45\" height=\"58\" loading=\"lazy\"\/>  <\/p>\n<p class=\"contentpart contentpart--default contentpart--text\" data-position=\"2\">Tymczasem wiemy ju\u017c, jak b\u0119dzie wygl\u0105da\u0107 droga <a href=\"https:\/\/sportowefakty.wp.pl\/tenis\/iga-swiatek\" rel=\"nofollow noopener\" target=\"_blank\">Igi \u015awi\u0105tek<\/a>\u00a0(WTA 2.), kt\u00f3ra w poprzedniej edycji wyr\u00f3wna\u0142a sw\u00f3j najlepszy wynik, osi\u0105gaj\u0105c p\u00f3\u0142fina\u0142. Teraz na dzie\u0144 dobry czeka j\u0105 rywalizacja z kwalifikantk\u0105, wobec czego musi czeka\u0107 na ostateczne nazwisko przeciwniczki. Zosta\u0107 ni\u0105 mo\u017ce nawet wspomniana Klimovicova.<\/p>\n<p class=\"contentpart contentpart--default contentpart--text\" data-position=\"3\">ZOBACZ WIDEO: Tak nasza ekipa \u015bwi\u0119towa\u0142a zwyci\u0119stwo w United Cup!<\/p>\n<p class=\"contentpart contentpart--default contentpart--text\" data-position=\"5\">Tym samym nasza tenisistka nie powinna mie\u0107 problem\u00f3w z awansem do drugiej rundy. W niej spotka si\u0119 z <a href=\"https:\/\/sportowefakty.wp.pl\/tenis\/marie-bouzkova\" rel=\"nofollow noopener\" target=\"_blank\">Marie Bouzkov\u0105<\/a>\u00a0(WTA 45.) lub Renat\u0105 Zarazu\u0105 (WTA 84.). Kolejna faza turnieju to potencjalne starcie z <a href=\"https:\/\/sportowefakty.wp.pl\/tenis\/anna-kalinskaja\" rel=\"nofollow noopener\" target=\"_blank\">Ann\u0105 Kalinsk\u0105<\/a>\u00a0(WTA 33.), chyba \u017ce Rosjanka przegra z <a href=\"https:\/\/sportowefakty.wp.pl\/tenis\/sonay-kartal\" rel=\"nofollow noopener\" target=\"_blank\">Sonay Kartal<\/a>\u00a0(WTA 63.) lub <a href=\"https:\/\/sportowefakty.wp.pl\/tenis\/elisabetta-cocciaretto\" rel=\"nofollow noopener\" target=\"_blank\">Elisabett\u0105 Cocciaretto<\/a>\u00a0(WTA 80.).<\/p>\n<p class=\"contentpart contentpart--default contentpart--text\" data-position=\"6\">Do hitu z udzia\u0142em Polki mo\u017ce doj\u015b\u0107 w przypadku rywalizacji o \u0107wier\u0107fina\u0142. Wszystko z uwagi na to, \u017ce w\u015br\u00f3d potencjalnych rywalek w czwartej rundzie jest <a href=\"https:\/\/sportowefakty.wp.pl\/tenis\/naomi-osaka\" rel=\"nofollow noopener\" target=\"_blank\">Naomi Osaka<\/a>\u00a0(WTA 16.), prowadzona przez by\u0142ego trenera wiceliderki \u015bwiatowego rankingu <a href=\"https:\/\/sportowefakty.wp.pl\/tenis\/wta\" rel=\"nofollow noopener\" target=\"_blank\">WTA<\/a>\u00a0&#8211; Tomasza Wiktorowskiego.<\/p>\n<p>  <img decoding=\"async\" src=\"https:\/\/v.wpimg.pl\/X3dwLnN2d1IFFTpdYUl6R0ZNbgcnEHQREVV2TGEGbUtRT2MdOlZ2RBQUKABgQjQcDRotCStBd1IAAWMeIlM7VgwYIAorQAdEFFk_GCkQJQ\" alt=\"\" width=\"45\" height=\"58\" loading=\"lazy\"\/>  <\/p>\n<p class=\"contentpart contentpart--default contentpart--text\" data-position=\"7\">Od tego momentu \u0142atwo ju\u017c nie b\u0119dzie. Ot\u00f3\u017c \u015awi\u0105tek mo\u017ce zmierzy\u0107 si\u0119 z <a href=\"https:\/\/sportowefakty.wp.pl\/tenis\/jelena-rybakina\" rel=\"nofollow noopener\" target=\"_blank\">Jelen\u0105 Rybakin\u0105<\/a>\u00a0(WTA 5.) czy <a href=\"https:\/\/sportowefakty.wp.pl\/tenis\/belinda-bencic\" rel=\"nofollow noopener\" target=\"_blank\">Belind\u0105 Benci\u0107<\/a>\u00a0(WTA 10.) w rywalizacji o \u0107wier\u0107fina\u0142. Ewentualny p\u00f3\u0142fina\u0142 to potencjalne starcie z\u00a0<a href=\"https:\/\/sportowefakty.wp.pl\/tenis\/amanda-anisimova\" rel=\"nofollow noopener\" target=\"_blank\">Amand\u0105 Anisimov\u0105<\/a>\u00a0(WTA. 4), <a href=\"https:\/\/sportowefakty.wp.pl\/tenis\/jessica-pegula\" rel=\"nofollow noopener\" target=\"_blank\">Jessic\u0105 Pegul\u0105<\/a>\u00a0(WTA 6.) czy <a href=\"https:\/\/sportowefakty.wp.pl\/tenis\/madison-keys\" rel=\"nofollow noopener\" target=\"_blank\">Madison Keys<\/a>\u00a0(WTA 9.), kt\u00f3ra broni tytu\u0142u.<\/p>\n<p class=\"contentpart contentpart--default contentpart--text\" data-position=\"8\">Oczywi\u015bcie dopiero w finale nasza tenisistka mo\u017ce spotka\u0107 si\u0119 z lideruj\u0105c\u0105 w rankingu\u00a0<a href=\"https:\/\/sportowefakty.wp.pl\/tenis\/aryna-sabalenka\" rel=\"nofollow noopener\" target=\"_blank\">Aryn\u0105 Sabalenk\u0105<\/a>\u00a0czy\u00a0<a href=\"https:\/\/sportowefakty.wp.pl\/tenis\/cori-gauff\" rel=\"nofollow noopener\" target=\"_blank\">Coco Gauff<\/a>\u00a0(WTA 3.). Tym samym istnieje szansa na p\u00f3\u0142fina\u0142owe starcie pomi\u0119dzy Bia\u0142orusink\u0105 a Amerykank\u0105.<\/p>\n<p>Nie tylko \u015awi\u0105tek. Oto sytuacja pozosta\u0142ych Polek<\/p>\n<p class=\"contentpart contentpart--default contentpart--text\" data-position=\"10\">Wspomniana wcze\u015bniej Klimovicova musi czeka\u0107, by pozna\u0107 swoj\u0105 pierwsz\u0105 rywalk\u0119. Do grona najtrudniejszy nale\u017c\u0105 wymienione ju\u017c \u015awi\u0105tek i Paolini, ale tak\u017ce <a href=\"https:\/\/sportowefakty.wp.pl\/tenis\/jekaterina-aleksandrowa\" rel=\"nofollow noopener\" target=\"_blank\">Jekaterina Aleksandrowa<\/a>\u00a0(WTA 11.).<\/p>\n<p>  <img decoding=\"async\" src=\"https:\/\/v.wpimg.pl\/X3dwLnN2d1IFFTpdYUl6R0ZNbgcnEHQREVV2TGEGbUtRT2MdOlZ2RBQUKABgQjQcDRotCStBd1IAAWMeIlM7VgwYIAorQAdEFFk_GCkQJQ\" alt=\"\" width=\"45\" height=\"58\" loading=\"lazy\"\/>  <\/p>\n<p class=\"contentpart contentpart--default contentpart--text\" data-position=\"11\">Je\u017celi chodzi o pozosta\u0142e Polki, to\u00a0<a href=\"https:\/\/sportowefakty.wp.pl\/tenis\/magdalena-frech\" rel=\"nofollow noopener\" target=\"_blank\">Magdalena Fr\u0119ch<\/a>\u00a0(WTA 57.) trafi\u0142a lepiej ni\u017c <a href=\"https:\/\/sportowefakty.wp.pl\/tenis\/magdalena-linette\" rel=\"nofollow noopener\" target=\"_blank\">Magda Linette<\/a>\u00a0(WTA 53.). Pierwsza z wymienionych rozpocznie zmagania od pojedynku z <a href=\"https:\/\/sportowefakty.wp.pl\/tenis\/veronika-erjavec\" rel=\"nofollow noopener\" target=\"_blank\">Veronik\u0105 Erjavec<\/a>\u00a0(WTA 99.), za\u015b druga zmierzy si\u0119 z rozstawion\u0105\u00a0<a href=\"https:\/\/sportowefakty.wp.pl\/tenis\/emma-navarro\" rel=\"nofollow noopener\" target=\"_blank\">Emm\u0105 Navarro<\/a>\u00a0(WTA 15.).<\/p>\n<p class=\"contentpart contentpart--default contentpart--text\" data-position=\"12\">Jednak Fr\u0119ch ju\u017c w drugiej rundzie mo\u017ce zmierzy\u0107 si\u0119 ze wspomnian\u0105 wcze\u015bniej Paolini, czyli czo\u0142ow\u0105 tenisistk\u0105 \u015bwiata. Z kolei Linette w przypadku sensacyjnego zwyci\u0119stwa zagra z <a href=\"https:\/\/sportowefakty.wp.pl\/tenis\/ann-li\" rel=\"nofollow noopener\" target=\"_blank\">Ann Li<\/a>\u00a0(WTA 38.) lub <a href=\"https:\/\/sportowefakty.wp.pl\/tenis\/maria-camila-osorio-serrano\" rel=\"nofollow noopener\" target=\"_blank\">Camil\u0105 Osorio<\/a>\u00a0(WTA 82.).<\/p>\n<p class=\"contentpart contentpart--default contentpart--text\" data-position=\"13\">Rywalizacja w wielkoszlemowym Australian Open rozpocznie si\u0119 ju\u017c w niedziel\u0119, 18 stycznia. Zmagania w Melbourne zako\u0144cz\u0105 si\u0119 1 lutego. Transmisje telewizyjne z tego turnieju przeprowadzi Eurosport.<\/p>\n","protected":false},"excerpt":{"rendered":"Jeszcze przed rozpocz\u0119ciem losowania g\u0142\u00f3wnej drabinki wielkoszlemowego Australian Open\u00a0z Melbourne\u00a0nap\u0142yn\u0119\u0142y \u015bwietne wie\u015bci. Ot\u00f3\u017c zameldowa\u0142a si\u0119 w niej czwarta&hellip;\n","protected":false},"author":2,"featured_media":205769,"comment_status":"","ping_status":"","sticky":false,"template":"","format":"standard","meta":{"footnotes":""},"categories":[24],"tags":[995,31706,38796,158,3882,3873,3874,31705,42,38,40,39,41,755,127,126,156,37628,157],"class_list":{"0":"post-205768","1":"post","2":"type-post","3":"status-publish","4":"format-standard","5":"has-post-thumbnail","7":"category-sport","8":"tag-australia","9":"tag-australian-open","10":"tag-australian-open-kobiety","11":"tag-iga-swiatek","12":"tag-linda-klimovicova","13":"tag-magda-linette","14":"tag-magdalena-frech","15":"tag-melbourne","16":"tag-pl","17":"tag-poland","18":"tag-polish","19":"tag-polska","20":"tag-polski","21":"tag-polski-tenis","22":"tag-sport","23":"tag-sports","24":"tag-tenis","25":"tag-wielki-szlem","26":"tag-wta"},"share_on_mastodon":{"url":"https:\/\/pubeurope.com\/@pl\/115897581144516707","error":""},"_links":{"self":[{"href":"https:\/\/www.europesays.com\/pl\/wp-json\/wp\/v2\/posts\/205768","targetHints":{"allow":["GET"]}}],"collection":[{"href":"https:\/\/www.europesays.com\/pl\/wp-json\/wp\/v2\/posts"}],"about":[{"href":"https:\/\/www.europesays.com\/pl\/wp-json\/wp\/v2\/types\/post"}],"author":[{"embeddable":true,"href":"https:\/\/www.europesays.com\/pl\/wp-json\/wp\/v2\/users\/2"}],"replies":[{"embeddable":true,"href":"https:\/\/www.europesays.com\/pl\/wp-json\/wp\/v2\/comments?post=205768"}],"version-history":[{"count":0,"href":"https:\/\/www.europesays.com\/pl\/wp-json\/wp\/v2\/posts\/205768\/revisions"}],"wp:featuredmedia":[{"embeddable":true,"href":"https:\/\/www.europesays.com\/pl\/wp-json\/wp\/v2\/media\/205769"}],"wp:attachment":[{"href":"https:\/\/www.europesays.com\/pl\/wp-json\/wp\/v2\/media?parent=205768"}],"wp:term":[{"taxonomy":"category","embeddable":true,"href":"https:\/\/www.europesays.com\/pl\/wp-json\/wp\/v2\/categories?post=205768"},{"taxonomy":"post_tag","embeddable":true,"href":"https:\/\/www.europesays.com\/pl\/wp-json\/wp\/v2\/tags?post=205768"}],"curies":[{"name":"wp","href":"https:\/\/api.w.org\/{rel}","templated":true}]}}