{"id":205810,"date":"2026-01-15T06:29:09","date_gmt":"2026-01-15T06:29:09","guid":{"rendered":"https:\/\/www.europesays.com\/pl\/205810\/"},"modified":"2026-01-15T06:29:09","modified_gmt":"2026-01-15T06:29:09","slug":"cialo-rosyjskiego-biznesmena-znaleziono-na-cyprze","status":"publish","type":"post","link":"https:\/\/www.europesays.com\/pl\/205810\/","title":{"rendered":"Cia\u0142o rosyjskiego biznesmena znaleziono na Cyprze"},"content":{"rendered":"<p>Rosyjskie media informuj\u0105, \u017ce 14 stycznia na Cyprze odkryto cia\u0142o <a href=\"https:\/\/www.money.pl\/archiwum\/wiadomosci_agencyjne\/iar\/artykul\/bialorus;i;rosja;nie;dogadaly;sie;w;sprawie;dostaw;ropy,178,0,1376690.html\" rel=\"noopener noreferrer nofollow\" target=\"_blank\">W\u0142adys\u0142awa Baumgertnera<\/a>, by\u0142ego szefa firmy Uralkali, jednego z\u00a0najwi\u0119kszych rosyjskich producent\u00f3w i\u00a0eksporter\u00f3w nawoz\u00f3w potasowych. M\u0119\u017cczyzna zagin\u0105\u0142 8\u00a0stycznia, rzekomo podczas wycieczki w\u00a0g\u00f3ry.<\/p>\n<p>Miejscowe s\u0142u\u017cby i\u00a0personel brytyjskich baz wojskowych przeprowadzi\u0142y szerokie poszukiwania zaginionego, u\u017cywaj\u0105c dron\u00f3w do penetracji trudnych obszar\u00f3w. Cia\u0142o odnaleziono na po\u0142udniowym wybrze\u017cu Cypru mi\u0119dzy osad\u0105 Pissuri a\u00a0wiosk\u0105 Avdimou. Oficjalna wersja wydarze\u0144 m\u00f3wi o\u00a0wypadku podczas wspinaczki. Ale sprawa zagini\u0119cia Rosjanina rodzi pytania o\u00a0polityczno-biznesowe t\u0142o sprawy.<\/p>\n<p>&#8222;Tak zwykle ko\u0144cz\u0105 si\u0119 losy rosyjskich top mened\u017cer\u00f3w, kt\u00f3rzy nie maj\u0105 okna w\u00a0wielopi\u0119trowym budynku, by z\u00a0niego wypa\u015b\u0107&#8221; &#8211;\u00a0komentuje ironicznie w\u00a0mediach spo\u0142eczno\u015bciowych rosyjski portal SOTA.<\/p>\n<p>W\u0142adys\u0142aw Baumgartner piastowa\u0142 kierownicze stanowiska, w\u00a0tym m.in. prezesa sp\u00f3\u0142ki Uralkali w\u00a0latach 2003-2013. Zosta\u0142 aresztowany na Bia\u0142orusi latem 2013 roku pod zarzutem nadu\u017cycia w\u0142adzy. Prawdziw\u0105 przyczyn\u0105 mia\u0142o by\u0107 niezadowolenie Alaksandra \u0141ukaszenki z\u00a0wycofania si\u0119 Uralkali z\u00a0Bia\u0142oruskiej Kompanii Potasowej, kt\u00f3rej cz\u0142onkowie decydowali wsp\u00f3lnie o\u00a0wielko\u015bci produkcji nawoz\u00f3w. Baumgertner przylecia\u0142 do Mi\u0144ska, \u017ceby rozmawia\u0107 na ten temat.<\/p>\n<p>&#8222;Negocjacje zako\u0144czy\u0142y si\u0119 fiaskiem, a\u00a0Baumgertner zosta\u0142 zatrzymany na lotnisku, sk\u0105d mia\u0142 odlecie\u0107 do domu. Nikt nie mia\u0142 w\u0105tpliwo\u015bci, \u017ce osobi\u015bcie nakaza\u0142 to \u0141ukaszenka&#8221; &#8211;\u00a0wskazuje rosyjski niezale\u017cny portal Meduza.<\/p>\n<p>Ca\u0142a sprawa wywo\u0142a\u0142o nawet konflikt mi\u0119dzy Bia\u0142orusi\u0105 a\u00a0Rosj\u0105. Ostatecznie przeprowadzono ekstradycj\u0119 Baumgertnera do Rosji, ale w\u00a02015 roku sprawa zosta\u0142a umorzona z\u00a0powodu braku dowod\u00f3w. P\u00f3\u017aniej Rosjanin szefowa\u0142 sp\u00f3\u0142kom Global Ports, jednym z\u00a0najwi\u0119kszych rosyjskich operator\u00f3w portowych oraz Alevo, producenta baterii litowo-jonowych.<\/p>\n<p>Pytania wok\u00f3\u0142 \u015bmierci Rosjanina budzi r\u00f3wnie\u017c to, \u017ce dzie\u0144 po jego zagini\u0119ciu znaleziono cia\u0142o pracownika ambasady Rosji na Cyprze. Aleksiej Panow by\u0142 trzecim sekretarzem Ambasady Rosji. Pracownicy ambasady przekazali cypryjskiej policji, \u017ce by\u0142o to samob\u00f3jstwo.<\/p>\n<p>\u0179r\u00f3d\u0142o: Fontanka, Meduza, ASTRA<\/p>\n","protected":false},"excerpt":{"rendered":"Rosyjskie media informuj\u0105, \u017ce 14 stycznia na Cyprze odkryto cia\u0142o W\u0142adys\u0142awa Baumgertnera, by\u0142ego szefa firmy Uralkali, jednego z\u00a0najwi\u0119kszych&hellip;\n","protected":false},"author":2,"featured_media":205811,"comment_status":"","ping_status":"","sticky":false,"template":"","format":"standard","meta":{"footnotes":""},"categories":[14],"tags":[32,33,27,34,35,28,31,25,40,41,80,29,30,26,82,83,84],"class_list":{"0":"post-205810","1":"post","2":"type-post","3":"status-publish","4":"format-standard","5":"has-post-thumbnail","7":"category-swiat","8":"tag-breaking-news","9":"tag-breakingnews","10":"tag-headlines","11":"tag-latest-news","12":"tag-latestnews","13":"tag-naglowki","14":"tag-najwazniejsze-artykuly","15":"tag-news","16":"tag-polish","17":"tag-polski","18":"tag-swiat","19":"tag-top-stories","20":"tag-topstories","21":"tag-wiadomosci","22":"tag-world","23":"tag-world-news","24":"tag-worldnews"},"share_on_mastodon":{"url":"https:\/\/pubeurope.com\/@pl\/115897706960756599","error":""},"_links":{"self":[{"href":"https:\/\/www.europesays.com\/pl\/wp-json\/wp\/v2\/posts\/205810","targetHints":{"allow":["GET"]}}],"collection":[{"href":"https:\/\/www.europesays.com\/pl\/wp-json\/wp\/v2\/posts"}],"about":[{"href":"https:\/\/www.europesays.com\/pl\/wp-json\/wp\/v2\/types\/post"}],"author":[{"embeddable":true,"href":"https:\/\/www.europesays.com\/pl\/wp-json\/wp\/v2\/users\/2"}],"replies":[{"embeddable":true,"href":"https:\/\/www.europesays.com\/pl\/wp-json\/wp\/v2\/comments?post=205810"}],"version-history":[{"count":0,"href":"https:\/\/www.europesays.com\/pl\/wp-json\/wp\/v2\/posts\/205810\/revisions"}],"wp:featuredmedia":[{"embeddable":true,"href":"https:\/\/www.europesays.com\/pl\/wp-json\/wp\/v2\/media\/205811"}],"wp:attachment":[{"href":"https:\/\/www.europesays.com\/pl\/wp-json\/wp\/v2\/media?parent=205810"}],"wp:term":[{"taxonomy":"category","embeddable":true,"href":"https:\/\/www.europesays.com\/pl\/wp-json\/wp\/v2\/categories?post=205810"},{"taxonomy":"post_tag","embeddable":true,"href":"https:\/\/www.europesays.com\/pl\/wp-json\/wp\/v2\/tags?post=205810"}],"curies":[{"name":"wp","href":"https:\/\/api.w.org\/{rel}","templated":true}]}}