{"id":205818,"date":"2026-01-15T06:36:09","date_gmt":"2026-01-15T06:36:09","guid":{"rendered":"https:\/\/www.europesays.com\/pl\/205818\/"},"modified":"2026-01-15T06:36:09","modified_gmt":"2026-01-15T06:36:09","slug":"tajemnicza-smierc-rosyjskiego-menedzera-na-cyprze-zniknal-a-potem-go-znaleziono","status":"publish","type":"post","link":"https:\/\/www.europesays.com\/pl\/205818\/","title":{"rendered":"Tajemnicza \u015bmier\u0107 rosyjskiego mened\u017cera na Cyprze. Znikn\u0105\u0142, a potem go znaleziono"},"content":{"rendered":"<p class=\"article-p\" data-section=\"detail-body\">Jak podaje portal &#8222;Cyprus Mail&#8221;, Baumgertner zagin\u0105\u0142 8 stycznia. Po raz ostatni widziano go w rejonie nadmorskiej miejscowo\u015bci Pissouri, gdzie mia\u0142 wybra\u0107 si\u0119 na samotn\u0105 wycieczk\u0119. W akcj\u0119 poszukiwawcz\u0105 zaanga\u017cowano lokaln\u0105 policj\u0119, ratownik\u00f3w, a tak\u017ce drony i jednostki z brytyjskich baz wojskowych, kt\u00f3re<a href=\"https:\/\/www.fakt.pl\/hobby\/turystyka\/kiedys-luksus-dzis-pustka-dawna-perla-przyciaga-fanow-mrocznej-turystyki\/7rwvzjv\" id=\"ab45376d-1044-4a7c-8381-31a1301c5fad\" rel=\"nofollow noopener\" target=\"_blank\"> znajduj\u0105 si\u0119 na wyspie. <\/a>Cia\u0142o 56-letniego biznesmena odnaleziono 14 stycznia, w trudno dost\u0119pnym, skalistym terenie.<\/p>\n<p class=\"article-p\" data-section=\"detail-body\">Oficjalna wersja m\u00f3wi o tragicznym wypadku podczas wspinaczki. Ale zbyt wiele w tej sprawie budzi w\u0105tpliwo\u015bci.<\/p>\n<p>        Dzie\u0144 wcze\u015bniej zmar\u0142 rosyjski dyplomata<\/p>\n<p class=\"article-p\" data-section=\"detail-body\">Tym, co podgrzewa atmosfer\u0119, jest fakt, \u017ce zaledwie dzie\u0144 po zagini\u0119ciu Baumgertnera na terenie rosyjskiej ambasady w Nikozji znaleziono cia\u0142o dyplomaty \u2014 Aleksieja Panowa, trzeciego sekretarza plac\u00f3wki. Wed\u0142ug rosyjskich \u017ar\u00f3de\u0142 \u015bmier\u0107 mia\u0142a charakter samob\u00f3jczy. M\u0119\u017cczyzna zostawi\u0142 list po\u017cegnalny. Ten list nie trafi\u0142 jednak do cypryjskiej policji, lecz \u2014 jak podaj\u0105 lokalne media \u2014 zosta\u0142 przekazany bezpo\u015brednio do Moskwy.<\/p>\n<p class=\"article-p\" data-section=\"detail-body\">Funkcjonariuszom odm\u00f3wiono te\u017c wst\u0119pu do ambasady, co jest zgodne z Konwencj\u0105 Wiede\u0144sk\u0105, ale w kontek\u015bcie dw\u00f3ch \u015bmierci w odst\u0119pie kilkunastu godzin budzi zrozumia\u0142e napi\u0119cie. Portal ANT1 Cyprus donosi, \u017ce rosyjska ambasada sama wynios\u0142a cia\u0142o dyplomaty z budynku i przekaza\u0142a gotowy raport, bez mo\u017cliwo\u015bci weryfikacji przez lokalne s\u0142u\u017cby.<\/p>\n<p class=\"article-p\" data-section=\"detail-body\">Zobacz te\u017c:<\/p>\n<p>        Biznesmen z burzliw\u0105 przesz\u0142o\u015bci\u0105<\/p>\n<p class=\"article-p\" data-section=\"detail-body\">Baumgertner nie by\u0142 anonimow\u0105 postaci\u0105. Przez lata sta\u0142 na czele Uralkali, potasowego giganta, kt\u00f3ry przez dekad\u0119 trz\u0105s\u0142 \u015bwiatowym rynkiem nawoz\u00f3w. W 2013 r. jego nazwisko trafi\u0142o na czo\u0142\u00f3wki gazet, gdy zosta\u0142 aresztowany na Bia\u0142orusi na osobiste polecenie Aleksandra \u0141ukaszenki. Oficjalnie oskar\u017cono go o nadu\u017cycie w\u0142adzy. Nieoficjalnie, chodzi\u0142o o zerwanie wsp\u00f3\u0142pracy z bia\u0142oruskim Belaruskali, co grozi\u0142o Mi\u0144skowi stratami si\u0119gaj\u0105cymi setek milion\u00f3w dolar\u00f3w.<\/p>\n<p class=\"article-p\" data-section=\"detail-body\">Zatrzymanie wywo\u0142a\u0142o kryzys dyplomatyczny na linii Mi\u0144sk\u2013Moskwa. W ko\u0144cu dosz\u0142o do ekstradycji biznesmena do Rosji. Sam\u0105 spraw\u0119 umorzono z braku dowod\u00f3w. Mimo to, Baumgertner pozostawa\u0142 na uboczu rosyjskiego biznesu. Przez pewien czas kierowa\u0142 firmami z bran\u017cy portowej i technologicznej.<\/p>\n<p>        &#8222;Nie mia\u0142 okna, \u017ceby z niego wypa\u015b\u0107&#8221;<\/p>\n<p class=\"article-p\" data-section=\"detail-body\">Rosyjskie portale niezale\u017cne przypominaj\u0105, \u017ce przypadek Baumgertnera wpisuje si\u0119 w niepokoj\u0105c\u0105 seri\u0119 zgon\u00f3w ludzi powi\u0105zanych z wielkim biznesem i polityk\u0105. \u2014 Tak zwykle ko\u0144cz\u0105 si\u0119 losy rosyjskich top mened\u017cer\u00f3w, kt\u00f3rzy nie maj\u0105 okna w wielopi\u0119trowym budynku, by z niego wypa\u015b\u0107 \u2014 ironicznie skomentowa\u0142 portal SOTA Vision.<\/p>\n<p class=\"article-p\" data-section=\"detail-body\">Od pocz\u0105tku wojny w Ukrainie mno\u017c\u0105 si\u0119 przypadki &#8222;samob\u00f3jstw&#8221; i &#8222;nieszcz\u0119\u015bliwych wypadk\u00f3w&#8221; w\u015br\u00f3d rosyjskich oligarch\u00f3w, mened\u017cer\u00f3w i dyplomat\u00f3w, zar\u00f3wno w kraju, jak i poza jego granicami. <a href=\"https:\/\/www.fakt.pl\/polityka\/seria-tajemniczych-zgonow-w-rosji-ekspert-wskazal-mozliwy-trop\/573rqc9\" id=\"166dbb24-227c-4cef-8c73-e5f177b9bc86\" rel=\"nofollow noopener\" target=\"_blank\">\u015amier\u0107 Baumgertnera i Panowa wpisuje si\u0119 w ten niepokoj\u0105cy ci\u0105g<\/a>.<\/p>\n<p>        \u015aledztwo trwa, ale z ograniczeniami<\/p>\n<p class=\"article-p\" data-section=\"detail-body\">Cypryjska policja prowadzi \u015bledztwo, cho\u0107 w przypadku \u015bmierci dyplomaty jej mo\u017cliwo\u015bci s\u0105 ograniczone przepisami prawa mi\u0119dzynarodowego. W przypadku Baumgertnera sekcja zw\u0142ok ma zosta\u0107 przeprowadzona w najbli\u017cszych dniach. Nieoficjalnie m\u00f3wi si\u0119, \u017ce strona rosyjska wywiera presj\u0119, by zako\u0144czy\u0107 spraw\u0119 mo\u017cliwie szybko i bez rozg\u0142osu.<\/p>\n<p class=\"article-p\" data-section=\"detail-body\">Zobacz te\u017c: <a href=\"https:\/\/www.fakt.pl\/wydarzenia\/swiat\/rosja-nie-zyje-anton-czerepenikow-jego-systemy-szpiegowaly-rosjan\/mmwj3dr\" id=\"15292ca4-8193-48eb-b801-33239eac8a81\" rel=\"nofollow noopener\" target=\"_blank\">Tajemnicza \u015bmier\u0107 &#8222;s\u0142ugusa Putina&#8221;. To on odpowiada\u0142 za szpiegowanie Rosjan<\/a><\/p>\n<p>        \/1<\/p>\n<p>                    <img decoding=\"async\" class=\"article-image-img\" loading=\"lazy\" alt=\"\" src=\"https:\/\/www.europesays.com\/pl\/wp-content\/uploads\/2026\/01\/Kdzk9kuTURBXy80MmU2MjIwYi02ZTRlLTQzYjUtOTgyYi0xZmIzN2ViOGQzMTcuanBlZ5GTAs0DSM0B2N4AAqEwAaExAQ.jpeg\" width=\"840\" height=\"472\"\/><\/p>\n<p>                  Vyacheslav Prokofyev\/ITAR-TASS \/ Zuma Press<\/p>\n<p class=\"article-gallery-p\">\n        W\u0142adys\u0142aw Baumgertner zagin\u0105\u0142 w g\u00f3rach, a jego cia\u0142o odnaleziono tydzie\u0144 p\u00f3\u017aniej. Dzie\u0144 po jego znikni\u0119ciu zmar\u0142 rosyjski dyplomata. Cypr staje si\u0119 cmentarzem dla wp\u0142ywowych Rosjan?\n    <\/p>\n","protected":false},"excerpt":{"rendered":"Jak podaje portal &#8222;Cyprus Mail&#8221;, Baumgertner zagin\u0105\u0142 8 stycznia. Po raz ostatni widziano go w rejonie nadmorskiej miejscowo\u015bci&hellip;\n","protected":false},"author":2,"featured_media":205819,"comment_status":"","ping_status":"","sticky":false,"template":"","format":"standard","meta":{"footnotes":""},"categories":[14],"tags":[32,33,27,34,35,28,31,25,40,41,80,29,30,26,82,83,84],"class_list":{"0":"post-205818","1":"post","2":"type-post","3":"status-publish","4":"format-standard","5":"has-post-thumbnail","7":"category-swiat","8":"tag-breaking-news","9":"tag-breakingnews","10":"tag-headlines","11":"tag-latest-news","12":"tag-latestnews","13":"tag-naglowki","14":"tag-najwazniejsze-artykuly","15":"tag-news","16":"tag-polish","17":"tag-polski","18":"tag-swiat","19":"tag-top-stories","20":"tag-topstories","21":"tag-wiadomosci","22":"tag-world","23":"tag-world-news","24":"tag-worldnews"},"share_on_mastodon":{"url":"https:\/\/pubeurope.com\/@pl\/115897734426105551","error":""},"_links":{"self":[{"href":"https:\/\/www.europesays.com\/pl\/wp-json\/wp\/v2\/posts\/205818","targetHints":{"allow":["GET"]}}],"collection":[{"href":"https:\/\/www.europesays.com\/pl\/wp-json\/wp\/v2\/posts"}],"about":[{"href":"https:\/\/www.europesays.com\/pl\/wp-json\/wp\/v2\/types\/post"}],"author":[{"embeddable":true,"href":"https:\/\/www.europesays.com\/pl\/wp-json\/wp\/v2\/users\/2"}],"replies":[{"embeddable":true,"href":"https:\/\/www.europesays.com\/pl\/wp-json\/wp\/v2\/comments?post=205818"}],"version-history":[{"count":0,"href":"https:\/\/www.europesays.com\/pl\/wp-json\/wp\/v2\/posts\/205818\/revisions"}],"wp:featuredmedia":[{"embeddable":true,"href":"https:\/\/www.europesays.com\/pl\/wp-json\/wp\/v2\/media\/205819"}],"wp:attachment":[{"href":"https:\/\/www.europesays.com\/pl\/wp-json\/wp\/v2\/media?parent=205818"}],"wp:term":[{"taxonomy":"category","embeddable":true,"href":"https:\/\/www.europesays.com\/pl\/wp-json\/wp\/v2\/categories?post=205818"},{"taxonomy":"post_tag","embeddable":true,"href":"https:\/\/www.europesays.com\/pl\/wp-json\/wp\/v2\/tags?post=205818"}],"curies":[{"name":"wp","href":"https:\/\/api.w.org\/{rel}","templated":true}]}}