{"id":205820,"date":"2026-01-15T06:39:07","date_gmt":"2026-01-15T06:39:07","guid":{"rendered":"https:\/\/www.europesays.com\/pl\/205820\/"},"modified":"2026-01-15T06:39:07","modified_gmt":"2026-01-15T06:39:07","slug":"oto-zdrajca-ukrainy-byl-bohaterem-jest-nikim","status":"publish","type":"post","link":"https:\/\/www.europesays.com\/pl\/205820\/","title":{"rendered":"Oto zdrajca Ukrainy. 'By\u0142 bohaterem, jest nikim&#8217;"},"content":{"rendered":"<p class=\"art_paragraph\">Ilja Kowtun specjalizuje si\u0119 w \u0107wiczeniach na por\u0119czach. W 2024 roku w Pary\u017cu, ju\u017c w trakcie trwania wojny w Ukrainie, przyni\u00f3s\u0142 swojej ojczy\u017anie chwil\u0119 rado\u015bci, zdobywaj\u0105c srebrny medal <a href=\"https:\/\/www.sport.pl\/inne\/7,64998,32459387,igrzyska-olimpijskie-w-polsce-jest-glos-z-mkol.html#anchorLink\" rel=\"nofollow noopener\" target=\"_blank\">igrzysk olimpijskich<\/a>. P\u00f3\u017aniej jednak oskar\u017cy\u0142 dzia\u0142aczy o brak wsparcia, konflikty w federacji i wyst\u0105pi\u0142 o zmian\u0119 obywatelstwa. Od trzech lat sportowiec trenuje w Osijeku. To w Chorwacji przygotowywa\u0142 si\u0119 do najwa\u017cniejszej imprezy czterloecia i o paszport tego kraju si\u0119 ubiega\u0142. Skutecznie.<\/p>\n<p>\n    Zobacz wideo Robert Kubica odciska d\u0142o\u0144! Wielka chwila na Gali Mistrz\u00f3w Sportu\n  <\/p>\n<p> Burza w Ukrainie po decyzji Kowtuna<\/p>\n<p class=\"art_paragraph\">Sprawa Kowtuna jest szeroko komentowana w Ukrainie. Cho\u0107 nikogo ta decyzja nie zaskoczy\u0142a, to minister m\u0142odzie\u017cy i <a href=\"https:\/\/www.sport.pl\/wf\/0,0.html#anchorLink\" rel=\"nofollow noopener\" target=\"_blank\">sportu<\/a> Matwiej Bedny stanowczo odrzuca zarzuty <a href=\"https:\/\/www.sport.pl\/zawodnik#anchorLink\" rel=\"nofollow noopener\" target=\"_blank\">zawodnika<\/a>. I nie przebiera w s\u0142owach. &#8211; W takim momencie jest to dla <a href=\"https:\/\/www.sport.pl\/ukraina#anchorLink\" rel=\"nofollow noopener\" target=\"_blank\">Ukrainy<\/a> bardzo delikatna decyzja. Wygl\u0105da to bardzo \u017ale w odniesieniu do tych sportowc\u00f3w, kt\u00f3rzy zgin\u0119li &#8211;\u00a0powiedzia\u0142 w rozmowie z &#8222;Radiem Wolno\u015b\u0107&#8221; (cytat za 24tv.ua). Przypomnia\u0142, \u017ce 23-latek ani razu nie odwiedzi\u0142 ojczyzny od dnia rozpocz\u0119cia inwazji.<\/p>\n<p class=\"art_paragraph\">&#8211; On i trenerka Iryna Gorbaczewa mieli wszystkie niezb\u0119dne warunki do trenowania za granic\u0105. To tylko pretekst i absolutnie nieprawda: pa\u0144stwo w pe\u0142ni zapewnia dzi\u015b naszym sportowcom wszystkie warunki. Niestety sta\u0142o si\u0119. To oczekiwana, ale do\u015b\u0107 nieprzyjemna, bolesna sprawa &#8211; doda\u0142.<\/p>\n<p class=\"art_paragraph\">Do zachowania zawodnika odni\u00f3s\u0142 si\u0119 te\u017c prezes Narodowego Komitetu Olimpijskiego, Wadym Hutcajt. On tak\u017ce nie gryz\u0142 si\u0119 w j\u0119zyk, nazywaj\u0105c Kowtuna zdrajc\u0105. &#8211; Tu by\u0142 bohaterem, tam jest nikim &#8211; wypali\u0142.<\/p>\n<p class=\"art_paragraph\">Ilja Kowtun by\u0142 bliski jeszcze jednego medali IO w Pary\u017cu. W \u0107wiczeniach wolnych zaj\u0105\u0142 4. miejsce.<\/p>\n","protected":false},"excerpt":{"rendered":"Ilja Kowtun specjalizuje si\u0119 w \u0107wiczeniach na por\u0119czach. W 2024 roku w Pary\u017cu, ju\u017c w trakcie trwania wojny&hellip;\n","protected":false},"author":2,"featured_media":205821,"comment_status":"","ping_status":"","sticky":false,"template":"","format":"standard","meta":{"footnotes":""},"categories":[24],"tags":[42,38,40,39,41,127,126],"class_list":{"0":"post-205820","1":"post","2":"type-post","3":"status-publish","4":"format-standard","5":"has-post-thumbnail","7":"category-sport","8":"tag-pl","9":"tag-poland","10":"tag-polish","11":"tag-polska","12":"tag-polski","13":"tag-sport","14":"tag-sports"},"share_on_mastodon":{"url":"https:\/\/pubeurope.com\/@pl\/115897746263061768","error":""},"_links":{"self":[{"href":"https:\/\/www.europesays.com\/pl\/wp-json\/wp\/v2\/posts\/205820","targetHints":{"allow":["GET"]}}],"collection":[{"href":"https:\/\/www.europesays.com\/pl\/wp-json\/wp\/v2\/posts"}],"about":[{"href":"https:\/\/www.europesays.com\/pl\/wp-json\/wp\/v2\/types\/post"}],"author":[{"embeddable":true,"href":"https:\/\/www.europesays.com\/pl\/wp-json\/wp\/v2\/users\/2"}],"replies":[{"embeddable":true,"href":"https:\/\/www.europesays.com\/pl\/wp-json\/wp\/v2\/comments?post=205820"}],"version-history":[{"count":0,"href":"https:\/\/www.europesays.com\/pl\/wp-json\/wp\/v2\/posts\/205820\/revisions"}],"wp:featuredmedia":[{"embeddable":true,"href":"https:\/\/www.europesays.com\/pl\/wp-json\/wp\/v2\/media\/205821"}],"wp:attachment":[{"href":"https:\/\/www.europesays.com\/pl\/wp-json\/wp\/v2\/media?parent=205820"}],"wp:term":[{"taxonomy":"category","embeddable":true,"href":"https:\/\/www.europesays.com\/pl\/wp-json\/wp\/v2\/categories?post=205820"},{"taxonomy":"post_tag","embeddable":true,"href":"https:\/\/www.europesays.com\/pl\/wp-json\/wp\/v2\/tags?post=205820"}],"curies":[{"name":"wp","href":"https:\/\/api.w.org\/{rel}","templated":true}]}}