{"id":205824,"date":"2026-01-15T06:41:09","date_gmt":"2026-01-15T06:41:09","guid":{"rendered":"https:\/\/www.europesays.com\/pl\/205824\/"},"modified":"2026-01-15T06:41:09","modified_gmt":"2026-01-15T06:41:09","slug":"wspolzalozyciel-cd-projekt-ostro-o-windowsie-to-bardzo-slabe-oprogramowanie","status":"publish","type":"post","link":"https:\/\/www.europesays.com\/pl\/205824\/","title":{"rendered":"Wsp\u00f3\u0142za\u0142o\u017cyciel CD Projekt ostro o Windowsie. &#8222;To bardzo s\u0142abe oprogramowanie&#8221;"},"content":{"rendered":"<p>Dla wielu graczy GOG od lat pozostaje symbolem cyfrowej dystrybucji bez DRM i idei realnego posiadania gier. Platforma, uruchomiona w 2008 roku, by\u0142a alternatyw\u0105 wobec Steama i innych sklep\u00f3w, stawiaj\u0105cych na siln\u0105 kontrol\u0119 nad zakupionymi tre\u015bciami. Jej tw\u00f3rc\u0105 by\u0142 Micha\u0142 Kici\u0144ski, wsp\u00f3\u0142za\u0142o\u017cyciel CD Projektu, kt\u00f3ry razem z Marcinem Iwi\u0144skim zbudowa\u0142 jedn\u0105 z najbardziej rozpoznawalnych firm growych w Europie.<\/p>\n<p>Po odej\u015bciu z CD Projektu na pocz\u0105tku poprzedniej dekady Kici\u0144ski pozostawa\u0142 w cieniu bran\u017cy, jednak niedawno powr\u00f3ci\u0142 w spektakularnym stylu. Kilka tygodni temu naby\u0142 sto procent udzia\u0142\u00f3w w GOG-u, oddzielaj\u0105c platform\u0119 od struktur CD Projekt. Tym samym sklep ponownie znalaz\u0142 si\u0119 w r\u0119kach swojego pierwotnego tw\u00f3rcy, a decyzja zosta\u0142a odebrana jako wyra\u017any sygna\u0142 powrotu do niezale\u017cnej wizji.<\/p>\n<p>Zaskakuj\u0105co ostry atak na Windows<\/p>\n<p>W rozmowie z redakcj\u0105 PC Gamer Micha\u0142 Kici\u0144ski nie ograniczy\u0142 si\u0119 do kwestii biznesowych. Du\u017co miejsca po\u015bwi\u0119ci\u0142 systemowi Windows. Wypowied\u017a by\u0142a bezpo\u015brednia i pozbawiona dyplomacji. Kici\u0144ski przyzna\u0142, \u017ce jest zaskoczony, i\u017c Windows przez tyle lat utrzyma\u0142 si\u0119 na rynku, okre\u015blaj\u0105c go jako produkt niskiej jako\u015bci.\u00a0Cho\u0107 sam na co dzie\u0144 korzysta z macOS, jego krytyka nie wynika wy\u0142\u0105cznie z dystansu do platformy Microsoftu. Zwr\u00f3ci\u0142 uwag\u0119 na do\u015bwiadczenia zwi\u0105zane z obs\u0142ug\u0105 komputer\u00f3w jego rodzic\u00f3w, gdzie system Windows regularnie wymaga interwencji i napraw. Dla Kici\u0144skiego sta\u0142o si\u0119 to symbolem problem\u00f3w ca\u0142ego ekosystemu, kt\u00f3ry jego zdaniem zniech\u0119ca u\u017cytkownik\u00f3w zamiast ich przyci\u0105ga\u0107.<\/p>\n<p>Ekosystem pod presj\u0105 u\u017cytkownik\u00f3w<\/p>\n<p>S\u0142owa Kici\u0144skiego odzwierciedlaj\u0105 og\u00f3lne nastroje wobec systemu Microsoftu. Narzekania na stabilno\u015b\u0107, interfejs i og\u00f3ln\u0105 sp\u00f3jno\u015b\u0107 systemu pojawiaj\u0105 si\u0119 nie tylko w\u015br\u00f3d u\u017cytkownik\u00f3w, ale r\u00f3wnie\u017c w wypowiedziach by\u0142ych in\u017cynier\u00f3w Microsoftu. W 2024 roku kilkukrotnie publicznie kwestionowano decyzje projektowe zwi\u0105zane z UI i UX oraz spos\u00f3b zarz\u0105dzania zasobami systemowymi.<\/p>\n<p>Nawet osoby spoza \u015bwiata oprogramowania, takie jak Elon Musk, dawa\u0142y do zrozumienia, \u017ce Windows 11 potrafi by\u0107 trudny do zrozumienia i nieintuicyjny. Co ciekawe, tak\u017ce obecni mened\u017cerowie odpowiedzialni za rozw\u00f3j Windowsa pozwalali sobie na \u017cartobliwe deklaracje sympatii wobec macOS, co jeszcze kilka lat temu by\u0142oby nie do pomy\u015blenia.<\/p>\n<p>Linux wychodzi z niszy<\/p>\n<p>Krytyka Windowsa zbieg\u0142a si\u0119 w czasie z widocznym o\u017cywieniem wok\u00f3\u0142 Linuksa na desktopie. Dystrybucje nastawione na u\u017cytkownik\u00f3w domowych coraz cz\u0119\u015bciej pojawiaj\u0105 si\u0119 w dyskusjach jako realna alternatywa. Dobrym przyk\u0142adem jest Zorin OS, kt\u00f3rego tw\u00f3rcy poinformowali niedawno, \u017ce najnowsz\u0105 wersj\u0119 systemu pobra\u0142o ponad milion u\u017cytkownik\u00f3w Windowsa 10 i 11.<\/p>\n<p>Cho\u0107 nie oznacza to masowej migracji, trend jest zauwa\u017calny. Zm\u0119czenie polityk\u0105 aktualizacji, rosn\u0105cymi wymaganiami sprz\u0119towymi i integracj\u0105 us\u0142ug chmurowych sk\u0142ania cz\u0119\u015b\u0107 u\u017cytkownik\u00f3w do poszukiwania innych rozwi\u0105za\u0144. W tym kontek\u015bcie wypowiedzi Micha\u0142a Kici\u0144skiego brzmi\u0105 jak g\u0142os z bran\u017cy, kt\u00f3ra od lat obserwuje te same problemy.<\/p>\n<p class=\"m-0\">Spodoba\u0142o Ci si\u0119? Podziel si\u0119 ze znajomymi!<\/p>\n","protected":false},"excerpt":{"rendered":"Dla wielu graczy GOG od lat pozostaje symbolem cyfrowej dystrybucji bez DRM i idei realnego posiadania gier. Platforma,&hellip;\n","protected":false},"author":2,"featured_media":205825,"comment_status":"","ping_status":"","sticky":false,"template":"","format":"standard","meta":{"footnotes":""},"categories":[20],"tags":[4782,120,118,119,42,38,40,39,41,116,114,115,121,117,878],"class_list":{"0":"post-205824","1":"post","2":"type-post","3":"status-publish","4":"format-standard","5":"has-post-thumbnail","7":"category-nauka-i-technika","8":"tag-cd-projekt-red","9":"tag-nauka","10":"tag-nauka-i-technika","11":"tag-naukatechnika","12":"tag-pl","13":"tag-poland","14":"tag-polish","15":"tag-polska","16":"tag-polski","17":"tag-science","18":"tag-science-and-technology","19":"tag-sciencetechnology","20":"tag-technika","21":"tag-technology","22":"tag-windows"},"share_on_mastodon":{"url":"https:\/\/pubeurope.com\/@pl\/115897754135878788","error":""},"_links":{"self":[{"href":"https:\/\/www.europesays.com\/pl\/wp-json\/wp\/v2\/posts\/205824","targetHints":{"allow":["GET"]}}],"collection":[{"href":"https:\/\/www.europesays.com\/pl\/wp-json\/wp\/v2\/posts"}],"about":[{"href":"https:\/\/www.europesays.com\/pl\/wp-json\/wp\/v2\/types\/post"}],"author":[{"embeddable":true,"href":"https:\/\/www.europesays.com\/pl\/wp-json\/wp\/v2\/users\/2"}],"replies":[{"embeddable":true,"href":"https:\/\/www.europesays.com\/pl\/wp-json\/wp\/v2\/comments?post=205824"}],"version-history":[{"count":0,"href":"https:\/\/www.europesays.com\/pl\/wp-json\/wp\/v2\/posts\/205824\/revisions"}],"wp:featuredmedia":[{"embeddable":true,"href":"https:\/\/www.europesays.com\/pl\/wp-json\/wp\/v2\/media\/205825"}],"wp:attachment":[{"href":"https:\/\/www.europesays.com\/pl\/wp-json\/wp\/v2\/media?parent=205824"}],"wp:term":[{"taxonomy":"category","embeddable":true,"href":"https:\/\/www.europesays.com\/pl\/wp-json\/wp\/v2\/categories?post=205824"},{"taxonomy":"post_tag","embeddable":true,"href":"https:\/\/www.europesays.com\/pl\/wp-json\/wp\/v2\/tags?post=205824"}],"curies":[{"name":"wp","href":"https:\/\/api.w.org\/{rel}","templated":true}]}}