{"id":205920,"date":"2026-01-15T07:41:09","date_gmt":"2026-01-15T07:41:09","guid":{"rendered":"https:\/\/www.europesays.com\/pl\/205920\/"},"modified":"2026-01-15T07:41:09","modified_gmt":"2026-01-15T07:41:09","slug":"od-lutego-czekaja-nas-zmiany-w-aptekach-i-to-zmiany-dobre-nowe-refundacje-ogromny-zysk-dla-spoleczenstwa","status":"publish","type":"post","link":"https:\/\/www.europesays.com\/pl\/205920\/","title":{"rendered":"Od lutego czekaj\u0105 nas zmiany w aptekach i to zmiany dobre. Nowe refundacje. &#8222;Ogromny zysk dla spo\u0142ecze\u0144stwa&#8221;"},"content":{"rendered":"<p>SPIS TRE\u015aCI<\/p>\n<ol class=\"ods-a-table-of-content__items\">\n<li class=\"ods-a-table-of-content__item\"><a href=\"#toc-szesc-nowych-szczepionek-dostepnych-w-aptekach-bezplatnie-lub-czesciowo-odplatnie-lista\" class=\"ods-a-table-of-content__link\">Sze\u015b\u0107 nowych szczepionek dost\u0119pnych w aptekach bezp\u0142atnie lub cz\u0119\u015bciowo odp\u0142atnie. LISTA<\/a><\/li>\n<li class=\"ods-a-table-of-content__item\"><a href=\"#toc-prof-sobierajski-ten-sezon-szczepien-przeciwko-grypie-jest-rekordowy\" class=\"ods-a-table-of-content__link\">Prof. Sobierajski: ten sezon szczepie\u0144 przeciwko grypie jest rekordowy<\/a><\/li>\n<\/ol>\n<p>Sze\u015b\u0107 nowych szczepionek dost\u0119pnych w aptekach bezp\u0142atnie lub cz\u0119\u015bciowo odp\u0142atnie. LISTA<\/p>\n<p class=\"ods-c-paragraph \">Nowe szczepionki, kt\u00f3re b\u0119d\u0105 dost\u0119pne w aptekach, obejmuj\u0105 <a href=\"https:\/\/www.medonet.pl\/zdrowie,szczepienie-na-ospe---bezpieczenstwo-i-przeciwwskazania,artykul,1733244.html\" id=\"90988772-f15b-44bb-b295-bdbf46f6b656\" rel=\"nofollow noopener\" target=\"_blank\">ochron\u0119 przed osp\u0105 wietrzn\u0105<\/a>, <a href=\"https:\/\/www.medonet.pl\/choroby-od-a-do-z\/choroby-zakazne,dur-brzuszny---objawy-i-leczenie--szczepionka-na-dur-brzuszny,artykul,1579497.html\" id=\"048b7900-60de-4ba6-825d-5450147dbb38\" rel=\"nofollow noopener\" target=\"_blank\">durem brzusznym<\/a>, <a href=\"https:\/\/www.medonet.pl\/choroby-od-a-do-z\/choroby-zakazne,zolta-goraczka,artykul,1579505.html\" id=\"587d7c3b-3e9f-4150-8648-c14135887273\" rel=\"nofollow noopener\" target=\"_blank\">\u017c\u00f3\u0142t\u0105 gor\u0105czk\u0105<\/a>, <a href=\"https:\/\/www.medonet.pl\/ciaza-i-dziecko\/choroby-dzieciece,meningokoki---objawy--leczenie--szczepionka-na-meningokoki,artykul,1632217.html\" id=\"2f82a73b-9361-4646-84ec-76d04bedf34b\" rel=\"nofollow noopener\" target=\"_blank\">meningokokami grupy B oraz grup A, C, W, Y<\/a>, a tak\u017ce <a href=\"https:\/\/www.medonet.pl\/zdrowie,szczepienie-przeciw-krztusciowi,artykul,1735587.html\" id=\"d3e993ad-e195-4d5b-8d3d-f0704cb62a91\" rel=\"nofollow noopener\" target=\"_blank\">szczepionk\u0119 skojarzon\u0105 przeciw b\u0142onicy, t\u0119\u017ccowi, krztu\u015bcowi<\/a> i <a href=\"https:\/\/www.medonet.pl\/choroby-od-a-do-z\/choroby-zakazne,polio---przebieg-zakazenia--objawy--powiklania--szczepionka,artykul,27313843.html\" id=\"9c7702de-1c72-478f-9cc3-c1655ce6a367\" rel=\"nofollow noopener\" target=\"_blank\">poliomyelitis (polio)<\/a>. Dotychczas pacjenci mogli zaszczepi\u0107 si\u0119 w aptekach przeciwko 11 chorobom, w tym COVID-19,<a href=\"https:\/\/www.medonet.pl\/leki-od-a-do-z\/szczepienia,szczepienia-na-grype---wskazania--przeciwwskazania--dawkowanie--ceny,artykul,74601541.html\" id=\"d2bbfec6-d391-4b1b-9175-94cb323649c6\" rel=\"nofollow noopener\" target=\"_blank\"> grypie<\/a> i <a href=\"https:\/\/www.medonet.pl\/choroby-od-a-do-z\/ukaszenia--uzadlenia-i-zadrapania,kleszczowe-zapalenie-mozgu---objawy--diagnostyka--leczenie,artykul,1577845.html\" id=\"89ddbb72-598c-493b-ac4f-6b7eafd42b11\" rel=\"nofollow noopener\" target=\"_blank\">kleszczowemu zapaleniu m\u00f3zgu<\/a> (<a href=\"https:\/\/www.medonet.pl\/zdrowie\/wiadomosci,od-dzis-pacjentow-maja-czekac-zmiany-w-aptekach-i-to-zmiany-dobre--nowe-refundacje,artykul,66080036.html\" id=\"ca9acba8-7722-4ff9-88cc-9c3148bef889\" rel=\"nofollow noopener\" target=\"_blank\">TU znajdziesz wi\u0119cej informacji o tych szczepieniach w aptekach<\/a>). <\/p>\n<p class=\"ods-c-paragraph \">Redakcja poleca: <a href=\"https:\/\/www.medonet.pl\/kongres-zdrowia-medonet\/kongres-zdrowia-2025,codziennie-do-aptek-trafia-2-mln-osob--farmaceuci-sa-kompletnie-niewykorzystani,artykul,25364899.html\" id=\"6fc82a79-b87f-4024-8624-fd8b1e6be464\" rel=\"nofollow noopener\" target=\"_blank\">Codziennie do aptek trafia 2 mln os\u00f3b. &#8222;Farmaceuci s\u0105 kompletnie niewykorzystani&#8221;<\/a><\/p>\n<p class=\"ods-c-paragraph \">Prof. Tomasz Sobierajski z Uniwersytetu Warszawskiego podkre\u015bla, \u017ce wprowadzenie nowych szczepie\u0144 w aptekach to ogromny zysk dla spo\u0142ecze\u0144stwa i systemu ochrony zdrowia. Przypomina, \u017ce w krajach zachodnich takie rozwi\u0105zania funkcjonuj\u0105 od lat, a w Polsce zosta\u0142y wprowadzone podczas pandemii COVID-19. Farmaceuci, kt\u00f3rzy s\u0105 dobrze wykszta\u0142ceni medycznie, odgrywaj\u0105 kluczow\u0105 rol\u0119 w zwi\u0119kszaniu dost\u0119pno\u015bci szczepie\u0144.<\/p>\n<p>    Dalszy ci\u0105g artyku\u0142u pod materia\u0142em wideo    <\/p>\n<p> Jakie nowe szczepionki b\u0119d\u0105 dost\u0119pne w aptekach? <\/p>\n<p> Kiedy zaczyna si\u0119 mo\u017cliwo\u015b\u0107 szczepie\u0144 w aptekach? <\/p>\n<p> Jakie s\u0105 koszty szczepie\u0144 w aptekach? <\/p>\n<p> Dlaczego apteki s\u0105 postrzegane jako bezpieczne miejsca do szczepie\u0144? <\/p>\n<p>  Prof. Sobierajski: ten sezon szczepie\u0144 przeciwko grypie jest rekordowy<\/p>\n<p class=\"ods-c-paragraph \">Badania przeprowadzone przez prof. Sobierajskiego wskazuj\u0105, \u017ce zar\u00f3wno farmaceuci, jak i pacjenci byli gotowi na rozszerzenie katalogu szczepie\u0144 w aptekach. Apteki s\u0105 postrzegane jako bezpieczne miejsca do wykonywania szczepie\u0144, a ich dost\u0119pno\u015b\u0107 i brak kolejek stanowi\u0105 dodatkowe atuty. Wzrost poziomu wyszczepialno\u015bci w Polsce, szczeg\u00f3lnie w\u015br\u00f3d os\u00f3b starszych, jest dowodem na skuteczno\u015b\u0107 tego rozwi\u0105zania. \u2014 Ten sezon szczepie\u0144 przeciwko grypie jest rekordowy i zawdzi\u0119czamy to w\u0142a\u015bnie farmaceutom \u2014 potwierdza ekspert.<\/p>\n<p class=\"ods-c-paragraph \">Przeczytaj r\u00f3wnie\u017c: <a href=\"https:\/\/www.medonet.pl\/biznes-system-i-zdrowie\/trendy-w-ochronie-zdrowia,seniorzy-coraz-chetniej-sie-szczepia--ten-preparat-schodzi-jak-swieze-buleczki,artykul,75763901.html\" id=\"f4c5fcc3-7a04-4d01-b88b-2e3d778746bb\" rel=\"nofollow noopener\" target=\"_blank\">Rekordowa popularno\u015b\u0107 darmowych szczepie\u0144 w\u015br\u00f3d senior\u00f3w. Lekarka: pacjent po szczepieniu nie cierpi<\/a><\/p>\n<p class=\"ods-c-paragraph \">W sezonie szczepie\u0144 przeciwko grypie odnotowano rekordowe wyniki, co jest zas\u0142ug\u0105 farmaceut\u00f3w. Do pocz\u0105tku listopada szczepionk\u0119 przyj\u0119\u0142o blisko 2 mln os\u00f3b, co przewy\u017csza wyniki z poprzedniego sezonu. Najwi\u0119kszy wzrost zainteresowania szczepieniami zaobserwowano w regionach z du\u017c\u0105 liczb\u0105 aptecznych punkt\u00f3w szczepie\u0144.<\/p>\n<p><a href=\"https:\/\/eventory.cc\/event\/i-kongres-medonetpro#dlapi_npa=0&amp;dlapi_aid=f49e856d87f3b4b0bde1ff771909bff6&amp;dlapi_lu=202410231157264939106249\" title=\"MedonetPRO OnetPremium\" data-astro-prefetch=\"tap\" rel=\"nofollow noopener\" target=\"_blank\"> <img decoding=\"async\" src=\"https:\/\/www.europesays.com\/pl\/wp-content\/uploads\/2026\/01\/9xOk9lBaHR0cHM6Ly9vY2RuLmV1L3B1bHNjbXMvTURBXy9hMGY5NWNmMDcwYzA5MjFiZDc2NTFlYzU4MDEzNGIzNy5wbmeSlQMAA.jpeg\" height=\"200\" width=\"840\" alt=\"MedonetPRO OnetPremium\" loading=\"lazy\" class=\"ods-c-image__img ods-c-image__img--viewport-width\"\/> <\/a><\/p>\n<p>MedonetPRO OnetPremiumMedonet<\/p>\n<p class=\"ods-c-paragraph \">Prof. Sobierajski podsumowuje, \u017ce apteki b\u0119d\u0105 odgrywa\u0107 coraz wi\u0119ksz\u0105 rol\u0119 w profilaktyce zdrowotnej, dzi\u0119ki dost\u0119pno\u015bci i czasowi, jaki farmaceuci mog\u0105 po\u015bwi\u0119ci\u0107 pacjentom. Poszerzanie katalogu szczepie\u0144 w aptekach przynosi wymierne korzy\u015bci, co potwierdzaj\u0105 dane dotycz\u0105ce wzrostu wyszczepialno\u015bci.<\/p>\n<p class=\"ods-c-paragraph \">\u0179r\u00f3d\u0142o informacji: Polska Agencja Prasowa<\/p>\n<p> Tre\u015bci z serwisu Medonet maj\u0105 na celu polepszenie, a nie zast\u0105pienie, kontaktu pomi\u0119dzy U\u017cytkownikiem a jego lekarzem. Serwis ma charakter wy\u0142\u0105cznie informacyjno-edukacyjny. Przed zastosowaniem si\u0119 do porad z zakresu wiedzy specjalistycznej, w szczeg\u00f3lno\u015bci medycznych, zawartych w Serwisie nale\u017cy bezwzgl\u0119dnie skonsultowa\u0107 si\u0119 z lekarzem. <\/p>\n","protected":false},"excerpt":{"rendered":"SPIS TRE\u015aCI Sze\u015b\u0107 nowych szczepionek dost\u0119pnych w aptekach bezp\u0142atnie lub cz\u0119\u015bciowo odp\u0142atnie. LISTA Prof. Sobierajski: ten sezon szczepie\u0144&hellip;\n","protected":false},"author":2,"featured_media":205921,"comment_status":"","ping_status":"","sticky":false,"template":"","format":"standard","meta":{"footnotes":""},"categories":[5],"tags":[7882,32,33,39543,36,37,27,34,35,28,31,48,25,46,42,38,40,39,41,47,39542,531,29,30,26],"class_list":{"0":"post-205920","1":"post","2":"type-post","3":"status-publish","4":"format-standard","5":"has-post-thumbnail","7":"category-naglowki","8":"tag-apteki","9":"tag-breaking-news","10":"tag-breakingnews","11":"tag-farmaceuta","12":"tag-featured-news","13":"tag-featurednews","14":"tag-headlines","15":"tag-latest-news","16":"tag-latestnews","17":"tag-naglowki","18":"tag-najwazniejsze-artykuly","19":"tag-nat_styl","20":"tag-news","21":"tag-omp","22":"tag-pl","23":"tag-poland","24":"tag-polish","25":"tag-polska","26":"tag-polski","27":"tag-screening_general","28":"tag-szczepienia_na_grype","29":"tag-szczepionka","30":"tag-top-stories","31":"tag-topstories","32":"tag-wiadomosci"},"share_on_mastodon":{"url":"https:\/\/pubeurope.com\/@pl\/115897990005571592","error":""},"_links":{"self":[{"href":"https:\/\/www.europesays.com\/pl\/wp-json\/wp\/v2\/posts\/205920","targetHints":{"allow":["GET"]}}],"collection":[{"href":"https:\/\/www.europesays.com\/pl\/wp-json\/wp\/v2\/posts"}],"about":[{"href":"https:\/\/www.europesays.com\/pl\/wp-json\/wp\/v2\/types\/post"}],"author":[{"embeddable":true,"href":"https:\/\/www.europesays.com\/pl\/wp-json\/wp\/v2\/users\/2"}],"replies":[{"embeddable":true,"href":"https:\/\/www.europesays.com\/pl\/wp-json\/wp\/v2\/comments?post=205920"}],"version-history":[{"count":0,"href":"https:\/\/www.europesays.com\/pl\/wp-json\/wp\/v2\/posts\/205920\/revisions"}],"wp:featuredmedia":[{"embeddable":true,"href":"https:\/\/www.europesays.com\/pl\/wp-json\/wp\/v2\/media\/205921"}],"wp:attachment":[{"href":"https:\/\/www.europesays.com\/pl\/wp-json\/wp\/v2\/media?parent=205920"}],"wp:term":[{"taxonomy":"category","embeddable":true,"href":"https:\/\/www.europesays.com\/pl\/wp-json\/wp\/v2\/categories?post=205920"},{"taxonomy":"post_tag","embeddable":true,"href":"https:\/\/www.europesays.com\/pl\/wp-json\/wp\/v2\/tags?post=205920"}],"curies":[{"name":"wp","href":"https:\/\/api.w.org\/{rel}","templated":true}]}}