{"id":205922,"date":"2026-01-15T07:42:07","date_gmt":"2026-01-15T07:42:07","guid":{"rendered":"https:\/\/www.europesays.com\/pl\/205922\/"},"modified":"2026-01-15T07:42:07","modified_gmt":"2026-01-15T07:42:07","slug":"wielka-sensacja-w-pucharze-portugalii-trzecioligowe-ad-fafe-lepsze-od-bragi-sport-tvp-pl","status":"publish","type":"post","link":"https:\/\/www.europesays.com\/pl\/205922\/","title":{"rendered":"Wielka sensacja w Pucharze Portugalii. Trzecioligowe AD Fafe lepsze od Bragi! &#8211; sport.tvp.pl"},"content":{"rendered":"<ol>\n<li><a href=\"https:\/\/news.google.com\/rss\/articles\/CBMiqAFBVV95cUxOS0RqQWYyMTA4ME1QbFVXakZwT1gtd1UyS2ZFaGR2QjJSS3ROaXpwcGc4Z19nVHE4a2F6WDNZNlRSeHFYVmJiX2dQWFpObEhTc3RFNS10Z2JQYVlSNTJjb3U0UTJ4UXJsVm1qRFBKTVoyYWJVUjd1WDV0Zjh6VXE3dzVka1NqVG1URnFSMk9jekg4dkxGeXc0NjFiekgzNnRyVEcxbzVDdlLSAa4BQVVfeXFMTWxWTV9EWWp0U3ByMmJFV3QwS05IUXdIRXBCYk9YRkFfeXhJQTJuRWx3dENndWR3LUU5N3FtQUZMM0M1cXpVbkVSTHlNZjhRcmEtd3dGbDc4dTBqMV9RMjFKNERmdUlwSmZKRllXQzE2RmwtOWJSRC1GZS1tazdjNWtYTXRtYnB2bTFSMzdTczQycHNIbVJZV3lRWHkyZFFIbVNVelFoTzFfcUZmM2V3?oc=5\" target=\"_blank\" rel=\"nofollow noopener\">Wielka sensacja w Pucharze Portugalii. Trzecioligowe AD Fafe lepsze od Bragi!<\/a>&nbsp;&nbsp;sport.tvp.pl<\/li>\n<li><a href=\"https:\/\/news.google.com\/rss\/articles\/CBMisgFBVV95cUxNWE40Wm5SZ0JiSzl1UHJJRzBicWN6bFM1cjYwR21TVjQ3blR1eTc5TWdxdjVQb1ZMMWRubE5YTDlfUy1nb0ZZZE9rdlF3WDVOM3ZPOEs5MUJicFBDTEhrbU1LZU04Y3UwcF9tOExYTlJhQUZIQklVQkZXNzN6TzRhMGxaZm11OE4zUGdlTjIyaXpmY28xZ3ZneFZlU0hwR0p6M0FFVm1OMkZ4TjhrTC1RVl9n?oc=5\" target=\"_blank\" rel=\"nofollow noopener\">Sprawili najpi\u0119kniejsz\u0105 sensacj\u0119! Faworyt i wielki rywal Polak\u00f3w wylatuje<\/a>&nbsp;&nbsp;Sport.pl<\/li>\n<li><a href=\"https:\/\/news.google.com\/rss\/articles\/CBMiyAFBVV95cUxNQjFiMDFBY0d2bGxOQ0Uzb3dsZ2RVNzNnUFZNZFBENzhTeU9WemFaMEtyaWJkTXpISGxQTXMyQ1dKTjBzVkk1VGx1RzE5dXJRM0p1MEptMVc4bUctalY4Sml0MTBmNnZzdXdRSXBrY2xaTFpiWEswd0JMRU5rc1BGLWl4ZDdCcUZHeHl6cndUT1ViU1VFdmVPU0VuYjRDLW5RMkdTem9MTzlMOWtSbEdDWFdBUHUzS3RtNDJCRnZOdjI1RXRnaFNBZQ?oc=5\" target=\"_blank\" rel=\"nofollow noopener\">AD Fafe \u2013 Braga [NA \u017bYWO]. Ogl\u0105daj mecz Pucharu Portugalii!<\/a>&nbsp;&nbsp;sport.tvp.pl<\/li>\n<li><a href=\"https:\/\/news.google.com\/rss\/articles\/CBMicEFVX3lxTE90T3dncjB1aTNWZ3ZOVWNiRzhObHRpdjZoQ0tFNzdxdy1BMV82dW1aT253TnNGd05ZTUVqa2lZemVvMV9tWlNSVXdkYVdtbnhoU0R6ZzJfZDZEM2F5cHYxTERyN2dha3Z3ZTNnektmd2s?oc=5\" target=\"_blank\" rel=\"nofollow noopener\">Fafe \u2013 Braga Typy, Kursy, Zak\u0142ady 14.01.2026<\/a>&nbsp;&nbsp;Etoto<\/li>\n<li><a href=\"https:\/\/news.google.com\/rss\/articles\/CBMicEFVX3lxTE95U2hmT1NSSzZFOUExTmhhSF8tZXQ5WVNNYlNpRkoyamp6bHhmb0dYX1c5eUtuaHhXam9RVFAtUjcwazNUT1NwMDRORXRQS2NDN1lxYnVMSkM2S2dWZXVXZm02YjlHZTBOY09zb28wSkE?oc=5\" target=\"_blank\" rel=\"nofollow noopener\">Pi\u0142ka no\u017cna: Puchar Portugalii<\/a>&nbsp;&nbsp;Teleman<\/li>\n<\/ol>\n","protected":false},"excerpt":{"rendered":"Wielka sensacja w Pucharze Portugalii. Trzecioligowe AD Fafe lepsze od Bragi!&nbsp;&nbsp;sport.tvp.pl Sprawili najpi\u0119kniejsz\u0105 sensacj\u0119! Faworyt i wielki rywal&hellip;\n","protected":false},"author":2,"featured_media":205923,"comment_status":"","ping_status":"","sticky":false,"template":"","format":"standard","meta":{"footnotes":""},"categories":[24],"tags":[39544,269,42,38,40,39,41,14929,8563,127,334,126],"class_list":{"0":"post-205922","1":"post","2":"type-post","3":"status-publish","4":"format-standard","5":"has-post-thumbnail","7":"category-sport","8":"tag-ad-fafe","9":"tag-pilka-nozna","10":"tag-pl","11":"tag-poland","12":"tag-polish","13":"tag-polska","14":"tag-polski","15":"tag-puchar-portugalii","16":"tag-sc-braga","17":"tag-sport","18":"tag-sport-tvp-pl","19":"tag-sports"},"share_on_mastodon":{"url":"","error":""},"_links":{"self":[{"href":"https:\/\/www.europesays.com\/pl\/wp-json\/wp\/v2\/posts\/205922","targetHints":{"allow":["GET"]}}],"collection":[{"href":"https:\/\/www.europesays.com\/pl\/wp-json\/wp\/v2\/posts"}],"about":[{"href":"https:\/\/www.europesays.com\/pl\/wp-json\/wp\/v2\/types\/post"}],"author":[{"embeddable":true,"href":"https:\/\/www.europesays.com\/pl\/wp-json\/wp\/v2\/users\/2"}],"replies":[{"embeddable":true,"href":"https:\/\/www.europesays.com\/pl\/wp-json\/wp\/v2\/comments?post=205922"}],"version-history":[{"count":0,"href":"https:\/\/www.europesays.com\/pl\/wp-json\/wp\/v2\/posts\/205922\/revisions"}],"wp:featuredmedia":[{"embeddable":true,"href":"https:\/\/www.europesays.com\/pl\/wp-json\/wp\/v2\/media\/205923"}],"wp:attachment":[{"href":"https:\/\/www.europesays.com\/pl\/wp-json\/wp\/v2\/media?parent=205922"}],"wp:term":[{"taxonomy":"category","embeddable":true,"href":"https:\/\/www.europesays.com\/pl\/wp-json\/wp\/v2\/categories?post=205922"},{"taxonomy":"post_tag","embeddable":true,"href":"https:\/\/www.europesays.com\/pl\/wp-json\/wp\/v2\/tags?post=205922"}],"curies":[{"name":"wp","href":"https:\/\/api.w.org\/{rel}","templated":true}]}}