{"id":205999,"date":"2026-01-15T08:22:09","date_gmt":"2026-01-15T08:22:09","guid":{"rendered":"https:\/\/www.europesays.com\/pl\/205999\/"},"modified":"2026-01-15T08:22:09","modified_gmt":"2026-01-15T08:22:09","slug":"tragiczne-odkrycie-na-podhalu-w-domu-znaleziono-cialo-matki-i-syna","status":"publish","type":"post","link":"https:\/\/www.europesays.com\/pl\/205999\/","title":{"rendered":"Tragiczne odkrycie na Podhalu. W domu znaleziono cia\u0142o matki i syna"},"content":{"rendered":"<p>W Ba\u0144skiej Ni\u017cnej na Podhalu dosz\u0142o do tragicznego odkrycia. W jednym z dom\u00f3w mieszkalnych znaleziono cia\u0142a dw\u00f3ch os\u00f3b &#8211; 81-letniej kobiety oraz jej 52-letniego syna. Na miejscu pracuj\u0105 s\u0142u\u017cby, kt\u00f3re wyja\u015bniaj\u0105 okoliczno\u015bci zdarzenia.<\/p>\n<p>                         &#13;<br \/>\n        &#13;<\/p>\n<p>                                        &#13;<br \/>\n                        &#13;<br \/>\n                            <img decoding=\"async\" src=\"https:\/\/www.europesays.com\/pl\/wp-content\/uploads\/2026\/01\/000M78WLHLIRDJLE-C123-F4.jpg\" title=\"Tragedia na Podhalu. W budynku znaleziono cia\u0142o matki i syna\" alt=\"\/Shutterstock\" class=\"img-responsive\"\/>&#13;<\/p>\n<p>                            &#13;<\/p>\n<p>      &#13;<br \/>\n                            &#13;<br \/>\n                                    \/Shutterstock  &#13;\n                                    <\/p>\n<p>&#13;<\/p>\n<ul class=\"bullet\">\n<li>Wi\u0119cej informacji z\u00a0Polski i\u00a0\u015bwiata znajdziesz na\u00a0<a href=\"https:\/\/www.rmf24.pl\/\" target=\"_blank\" rel=\"noreferrer noopener nofollow\">RMF24.pl<\/a>.<\/li>\n<\/ul>\n<p>Jak informuje reporter RMF FM Maciej Pa\u0142ahicki, cz\u0142onkowie rodziny ofiar zaniepokoili si\u0119 ich d\u0142u\u017csz\u0105 nieobecno\u015bci\u0105 i brakiem kontaktu.\u00a0<\/p>\n<p>To w\u0142a\u015bnie oni postanowili sprawdzi\u0107, co dzieje si\u0119 z bliskimi. Po wej\u015bciu do domu dokonali makabrycznego odkrycia \u2013 w budynku znajdowa\u0142y si\u0119 zw\u0142oki 81-latki i jej 52-letniego syna.<\/p>\n<p>Na miejsce natychmiast wezwano policj\u0119. Funkcjonariusze rozpocz\u0119li czynno\u015bci wyja\u015bniaj\u0105ce.\u00a0<\/p>\n<p>Jak przekazali, wst\u0119pnie wykluczono, by do \u015bmierci matki i syna przyczyni\u0142y si\u0119 osoby trzecie.\u00a0<\/p>\n<p>Odpowied\u017a na pytanie, co doprowadzi\u0142o do tragedii, ma przynie\u015b\u0107 sekcja zw\u0142ok.<\/p>\n<p>Policja pod nadzorem prokuratury prowadzi post\u0119powanie, kt\u00f3re ma wyja\u015bni\u0107 wszystkie okoliczno\u015bci tego tragicznego zdarzenia.<\/p>\n","protected":false},"excerpt":{"rendered":"W Ba\u0144skiej Ni\u017cnej na Podhalu dosz\u0142o do tragicznego odkrycia. W jednym z dom\u00f3w mieszkalnych znaleziono cia\u0142a dw\u00f3ch os\u00f3b&hellip;\n","protected":false},"author":2,"featured_media":206000,"comment_status":"","ping_status":"","sticky":false,"template":"","format":"standard","meta":{"footnotes":""},"categories":[12],"tags":[32,33,36,37,27,34,35,28,31,25,42,38,40,39,41,29,30,26],"class_list":{"0":"post-205999","1":"post","2":"type-post","3":"status-publish","4":"format-standard","5":"has-post-thumbnail","7":"category-polska","8":"tag-breaking-news","9":"tag-breakingnews","10":"tag-featured-news","11":"tag-featurednews","12":"tag-headlines","13":"tag-latest-news","14":"tag-latestnews","15":"tag-naglowki","16":"tag-najwazniejsze-artykuly","17":"tag-news","18":"tag-pl","19":"tag-poland","20":"tag-polish","21":"tag-polska","22":"tag-polski","23":"tag-top-stories","24":"tag-topstories","25":"tag-wiadomosci"},"share_on_mastodon":{"url":"https:\/\/pubeurope.com\/@pl\/115898151383310207","error":""},"_links":{"self":[{"href":"https:\/\/www.europesays.com\/pl\/wp-json\/wp\/v2\/posts\/205999","targetHints":{"allow":["GET"]}}],"collection":[{"href":"https:\/\/www.europesays.com\/pl\/wp-json\/wp\/v2\/posts"}],"about":[{"href":"https:\/\/www.europesays.com\/pl\/wp-json\/wp\/v2\/types\/post"}],"author":[{"embeddable":true,"href":"https:\/\/www.europesays.com\/pl\/wp-json\/wp\/v2\/users\/2"}],"replies":[{"embeddable":true,"href":"https:\/\/www.europesays.com\/pl\/wp-json\/wp\/v2\/comments?post=205999"}],"version-history":[{"count":0,"href":"https:\/\/www.europesays.com\/pl\/wp-json\/wp\/v2\/posts\/205999\/revisions"}],"wp:featuredmedia":[{"embeddable":true,"href":"https:\/\/www.europesays.com\/pl\/wp-json\/wp\/v2\/media\/206000"}],"wp:attachment":[{"href":"https:\/\/www.europesays.com\/pl\/wp-json\/wp\/v2\/media?parent=205999"}],"wp:term":[{"taxonomy":"category","embeddable":true,"href":"https:\/\/www.europesays.com\/pl\/wp-json\/wp\/v2\/categories?post=205999"},{"taxonomy":"post_tag","embeddable":true,"href":"https:\/\/www.europesays.com\/pl\/wp-json\/wp\/v2\/tags?post=205999"}],"curies":[{"name":"wp","href":"https:\/\/api.w.org\/{rel}","templated":true}]}}