{"id":206036,"date":"2026-01-15T08:41:16","date_gmt":"2026-01-15T08:41:16","guid":{"rendered":"https:\/\/www.europesays.com\/pl\/206036\/"},"modified":"2026-01-15T08:41:16","modified_gmt":"2026-01-15T08:41:16","slug":"posiadacze-piecow-maja-14-dni-na-zgloszenie-bez-tego-kontrola-i-5-tys-zl-kary","status":"publish","type":"post","link":"https:\/\/www.europesays.com\/pl\/206036\/","title":{"rendered":"Posiadacze piec\u00f3w maj\u0105 14 dni na zg\u0142oszenie. Bez tego kontrola i 5 tys. z\u0142 kary"},"content":{"rendered":"<p>\t\t\t    \t<img decoding=\"async\" src=\"https:\/\/www.europesays.com\/pl\/wp-content\/uploads\/2026\/01\/283811_r0_940.jpg\" itemprop=\"image\" alt=\"Posiadacze piec\u00f3w maj\u0105 14 dni na zg\u0142oszenie. Bez tego kontrola i 5 tys. z\u0142 kary\" title=\"Stra\u017c miejska skontroluje, czy \u017ar\u00f3d\u0142o ogrzewania budynku zg\u0142oszone jest do CEEB\" class=\"gallery-image\" fetchpriority=\"high\"\/><\/p>\n<p>\t\t\t\t\t\t\tStra\u017c miejska skontroluje, czy \u017ar\u00f3d\u0142o ogrzewania budynku zg\u0142oszone jest do CEEB<\/p>\n<p>\n\t\t\t\t\t\t\t\t\tCzerep rubaszny \/ Shutterstock\n\t\t\t\t\t\t\t\t<\/p>\n<p>\n\t\t\tW\u0142a\u015bciciele dom\u00f3w, kt\u00f3rzy wymieniali ostatnio \u017ar\u00f3d\u0142o ogrzewania musz\u0105 pami\u0119ta\u0107 o zaktualizowaniu\u00a0danych w Centralnej Ewidencji Emisyjno\u015bci Budynk\u00f3w. Wpis do CEEB jest obowi\u0105zkowy dla w\u0142a\u015bcicieli i zarz\u0105dc\u00f3w nieruchomo\u015bci.\u00a0Inaczej mo\u017cna dosta\u0107 wysok\u0105 grzywn\u0119.\n\t\t<\/p>\n<ul>&#13;<\/p>\n<li>CEEB to rejestr informacji o \u017ar\u00f3d\u0142ach ciep\u0142a i paliwach spalanych w celu ogrzewania lokali mieszkalnych i niemieszkalnych.<\/li>\n<p>&#13;<\/p>\n<li>Obowi\u0105zek wype\u0142nienia deklaracji nale\u017cy do w\u0142a\u015bcicieli dom\u00f3w i zarz\u0105dc\u00f3w nieruchomo\u015bci. Dane trzeba aktualizowa\u0107 przy wymianie \u017ar\u00f3d\u0142a ogrzewania.<\/li>\n<p>&#13;<\/p>\n<li>Kontrole w ca\u0142ym kraju prowadzi stra\u017c miejska. W przypadku nieprawid\u0142owo\u015bci grzywna wynosi nawet 5 tys. z\u0142.<\/li>\n<p>&#13;\n<\/ul>\n<p>&#13;<\/p>\n<p>W zwi\u0105zku z trwaj\u0105cym sezonem grzewczym stra\u017c miejska w ca\u0142ej Polsce prowadzi kontrole m.in. pod k\u0105tem wpisania budynk\u00f3w do\u00a0Centralnej Ewidencji Emisyjno\u015bci Budynk\u00f3w.<\/p>\n<p>&#13;<\/p>\n<p>Odpowiadaj\u0105 za to w\u0142a\u015bciciele dom\u00f3w i zarz\u0105dcy obiekt\u00f3w (kamienic, apartamentowc\u00f3w itp.). Je\u015bli stra\u017cnicy stwierdz\u0105 nieprawid\u0142owo\u015bci, mog\u0105 na\u0142o\u017cy\u0107 srogie kary finansowe.<\/p>\n<p>&#13;<\/p>\n<p>\t\t\t\t\t<a href=\"https:\/\/www.portalsamorzadowy.pl\/gospodarka-komunalna\/koniec-zakrecania-kaloryferow-wchodzi-obowiazkowa-oplata-za-ogrzewanie,644426.html\" class=\"read-more-box-img-cnt\" rel=\"nofollow noopener\" target=\"_blank\"><br \/>\n\t\t\t\t<img decoding=\"async\" loading=\"lazy\" width=\"300\" height=\"200\" src=\"https:\/\/www.europesays.com\/pl\/wp-content\/uploads\/2026\/01\/283775_r0_300.jpg\" alt=\"Koniec zakr\u0119cania kaloryfer\u00f3w. Wchodzi obowi\u0105zkowa op\u0142ata za ogrzewanie\" class=\"read-more-box-img\"\/><br \/>\n\t\t\t<\/a><\/p>\n<p>&#13;<br \/>\nCentralna Ewidencja Emisyjno\u015bci Budynk\u00f3w. Wpis do niej jest obowi\u0105zkowy&#13;<\/p>\n<p>CEEB to rejestr informacji o \u017ar\u00f3d\u0142ach ciep\u0142a, a tak\u017ce paliwach spalanych w celu ogrzewania lokali mieszkalnych i niemieszkalnych. Powszechny spis ruszy\u0142 1 lipca 2021 r. i musi pami\u0119ta\u0107 o tym ka\u017cdy w\u0142a\u015bciciel lub zarz\u0105dca budynku\/lokalu, kt\u00f3ry posiada \u017ar\u00f3d\u0142o ciep\u0142a o mocy do 1 MW &#8211; czytamy w portalu gov.pl.<\/p>\n<p>&#13;<\/p>\n<p>Jak zaznaczono w oficjalnym komunikacie, w przypadku niez\u0142o\u017cenia prawid\u0142owej deklaracji, w\u0142a\u015bciciel nieruchomo\u015bci oraz zarz\u0105dca budynku mog\u0105 otrzyma\u0107 kar\u0119 grzywny. O jakich kwotach mowa? Jak wskazuje Business Insider,\u00a0brak zg\u0142oszenia budynku do CEEB, mo\u017ce skutkowa\u0107 grzywn\u0105 w wysoko\u015bci od 500 z\u0142 do nawet 5 tys. z\u0142.<\/p>\n<p>&#13;<\/p>\n<p>\t\t\t\t\t<a href=\"https:\/\/www.portalsamorzadowy.pl\/gospodarka-komunalna\/od-1-lutego-rachunki-znowu-w-gore-dotkliwe-podwyzki-nieuniknione,643982.html\" class=\"read-more-box-img-cnt\" rel=\"nofollow noopener\" target=\"_blank\"><br \/>\n\t\t\t\t<img decoding=\"async\" loading=\"lazy\" width=\"300\" height=\"200\" src=\"https:\/\/www.europesays.com\/pl\/wp-content\/uploads\/2026\/01\/283225_r0_300.jpg\" alt=\"Od 1 lutego rachunki znowu w g\u00f3r\u0119. Dotkliwe podwy\u017cki nieuniknione\" class=\"read-more-box-img\"\/><br \/>\n\t\t\t<\/a><\/p>\n<p>&#13;<br \/>\nDeklaracj\u0119 trzeba z\u0142o\u017cy\u0107\u00a0przy ka\u017cdej zmianie \u017ar\u00f3d\u0142a ciep\u0142a. Listownie, osobi\u015bcie w gminie lub przez internet&#13;<\/p>\n<p>Wspomnian\u0105 deklaracj\u0119\u00a0sk\u0142ada si\u0119 podczas\u00a0zg\u0142aszania nowego budynku do rejestru, ale tak\u017ce &#8211; o czym niekt\u00f3rzy zapominaj\u0105 &#8211; r\u00f3wnie\u017c przy ka\u017cdej zmianie \u017ar\u00f3d\u0142a ciep\u0142a. Obowi\u0105zek dotyczy ka\u017cdego w\u0142a\u015bciciela lub zarz\u0105dcy budynku b\u0105d\u017a lokalu, kt\u00f3ry posiada \u017ar\u00f3d\u0142o ciep\u0142a o mocy do 1 MW. Na aktualizacj\u0119 danych w rejestrze mamy 14 dni od momentu zmiany \u017ar\u00f3d\u0142a ciep\u0142a.<\/p>\n<p>&#13;<\/p>\n<blockquote><p>&#13;<\/p>\n<p>Regularne aktualizowanie danych po wymianie \u017ar\u00f3de\u0142 ciep\u0142a jest niezwykle istotne. Informacje gromadzone w CEEB pozwalaj\u0105 nam planowa\u0107 kolejne dzia\u0142ania proekologiczne<\/p>\n<p>&#13;\n<\/p><\/blockquote>\n<p>&#13;<\/p>\n<p>&#8211; podkre\u015bla burmistrz Pszczyny Dariusz Skrobol, cytowany przez pless.pl<\/p>\n<p>&#13;<\/p>\n<p>Deklaracj\u0119 do Centralnej Ewidencji Emisyjno\u015bci Budynk\u00f3w\u00a0mo\u017cna z\u0142o\u017cy\u0107 listownie, osobi\u015bcie w gminie lub przez internet. W dokumencie zawarte s\u0105 podstawowe dane, czyli m.in.:<\/p>\n<p>&#13;<\/p>\n<ul>&#13;<\/p>\n<li>imi\u0119 i nazwisko w\u0142a\u015bciciela lub zarz\u0105dcy budynku,\u00a0<\/li>\n<p>&#13;<\/p>\n<li>adres nieruchomo\u015bci,<\/li>\n<p>&#13;<\/p>\n<li>informacje o liczbie i rodzaju eksploatowanych w obr\u0119bie nieruchomo\u015bci \u017ar\u00f3de\u0142 ciep\u0142a lub \u017ar\u00f3de\u0142 spalania paliw oraz o ich przeznaczeniu i wykorzystywanych w nich paliwach, czyli\u00a0je\u015bli np. w budynku jest kocio\u0142 lub kot\u0142y na paliwo sta\u0142e to poda\u0107 nale\u017cy\u00a0klas\u0119 i liczb\u0119\u00a0kot\u0142\u00f3w.<\/li>\n<p>&#13;\n<\/ul>\n<p>&#13;<\/p>\n<p>\t\t\t\t\t<a href=\"https:\/\/www.portalsamorzadowy.pl\/gospodarka-komunalna\/problemy-z-kotlami-na-pellet-trzeba-spelnic-warunki-i-miec-zgode-wspolnoty,643500.html\" class=\"read-more-box-img-cnt\" rel=\"nofollow noopener\" target=\"_blank\"><br \/>\n\t\t\t\t<img decoding=\"async\" loading=\"lazy\" width=\"300\" height=\"200\" src=\"https:\/\/www.europesays.com\/pl\/wp-content\/uploads\/2026\/01\/282909_r0_300.jpg\" alt=\"Problemy z kot\u0142ami na pellet. Trzeba spe\u0142ni\u0107 warunki i mie\u0107 zgod\u0119 wsp\u00f3lnoty\" class=\"read-more-box-img\"\/><br \/>\n\t\t\t<\/a><\/p>\n<p>&#13;<br \/>\nPami\u0119tajmy o wymianie starych kot\u0142\u00f3w. Warto zanotowa\u0107 te daty&#13;<\/p>\n<p>Portal pless.pl przypomina te\u017c o obowi\u0105zuj\u0105cych terminach wymiany przestarza\u0142ych kot\u0142\u00f3w w wojew\u00f3dztwie \u015bl\u0105skim. Do ko\u0144ca\u00a02023 r. nale\u017ca\u0142o zast\u0105pi\u0107 urz\u0105dzenia z 2012 r. i starsze. Nast\u0119pnie:<\/p>\n<p>&#13;<\/p>\n<ul>&#13;<\/p>\n<li>do ko\u0144ca\u00a02025 r. &#8211; kot\u0142y wyprodukowane w latach 2013-2017,<\/li>\n<p>&#13;<\/p>\n<li>do ko\u0144ca\u00a02027 r. &#8211; kot\u0142y klasy 3. i 4.<\/li>\n<p>&#13;\n<\/ul>\n<p>&#13;<\/p>\n<p>A chocia\u017cby Urz\u0105d Miasta w Pszczynie oferuje pomoc w uzyskaniu dofinansowania na modernizacj\u0119 \u017ar\u00f3de\u0142 ciep\u0142a w ramach\u00a0Programu &#8222;Czyste Powietrze&#8221;.\u00a0Podobnie jest w innych gminach.<\/p>\n<p>&#13;<\/p>\n<p>Dodajmy, \u017ce beneficjentami programu mog\u0105 by\u0107 osoby fizyczne, kt\u00f3re s\u0105 minimum 3 lata w\u0142a\u015bcicielami lub wsp\u00f3\u0142w\u0142a\u015bcicielami budynku mieszkalnego jednorodzinnego lub wydzielonego w budynku jednorodzinnym lokalu mieszkalnego z wyodr\u0119bnion\u0105 ksi\u0119g\u0105 wieczyst\u0105 (w przypadku nabycia tego budynku lub lokalu w drodze spadku &#8211; minimalny okres wskazany powy\u017cej nie ma zastosowania).<\/p>\n<p>&#13;<\/p>\n<p><a href=\"https:\/\/www.portalsamorzadowy.pl\/ochrona-srodowiska\/bon-na-audyt-i-lista-sprawdzonych-wykonawcow-nowosciach-w-programie-czyste-powietrze,643939.html\" target=\"_blank\" rel=\"nofollow noopener\">W II kwartale 2026 r. ma zosta\u0107 uruchomiona lista sprawdzonych wykonawc\u00f3w inwestycji w ramach \u201eCzystego Powietrza\u201d &#8211; przekaza\u0142a niedawno prezes Narodowego Funduszu Ochrony \u015arodowiska i Gospodarki Wodnej Dorota Zawadzka-St\u0119pniak.<\/a><\/p>\n<p>\t\t\t\t<img decoding=\"async\" src=\"https:\/\/www.europesays.com\/pl\/wp-content\/uploads\/2025\/12\/copyright.png\"\/><\/p>\n<p>Materia\u0142 chroniony prawem autorskim &#8211; zasady przedruk\u00f3w okre\u015bla <a href=\"https:\/\/www.portalsamorzadowy.pl\/korzystanie-z-serwisu.html\" rel=\"nofollow noopener\" target=\"_blank\">regulamin<\/a>.<\/p>\n","protected":false},"excerpt":{"rendered":"Stra\u017c miejska skontroluje, czy \u017ar\u00f3d\u0142o ogrzewania budynku zg\u0142oszone jest do CEEB Czerep rubaszny \/ Shutterstock W\u0142a\u015bciciele dom\u00f3w, kt\u00f3rzy&hellip;\n","protected":false},"author":2,"featured_media":206037,"comment_status":"","ping_status":"","sticky":false,"template":"","format":"standard","meta":{"footnotes":""},"categories":[16],"tags":[664,1178,39557,39560,39563,7910,36227,113,112,39555,39558,31092,7908,39561,42,38,40,39,41,7909,39556,39559,36226,39562],"class_list":{"0":"post-206036","1":"post","2":"type-post","3":"status-publish","4":"format-standard","5":"has-post-thumbnail","7":"category-biznes","8":"tag-typedefinedterm","9":"tag-0-html","10":"tag-18660-html","11":"tag-20191-html","12":"tag-22552-html","13":"tag-7910","14":"tag-550-html","15":"tag-biznes","16":"tag-business","17":"tag-nameceeb","18":"tag-namecentralna-ewidencja-emisyjnou015bci-budynku00f3w","19":"tag-namekontrola","20":"tag-nameserwis-energia-gaz-ciepu0142o","21":"tag-namewymiana-pieca","22":"tag-pl","23":"tag-poland","24":"tag-polish","25":"tag-polska","26":"tag-polski","27":"tag-urlhttps-www-portalsamorzadowy-pl-gospodarka-komunalna-podserwis-serwis-energia-gaz-cieplo","28":"tag-urlhttps-www-portalsamorzadowy-pl-klucze-ceeb","29":"tag-urlhttps-www-portalsamorzadowy-pl-klucze-centralna-ewidencja-emisyjnosci-budynkow","30":"tag-urlhttps-www-portalsamorzadowy-pl-klucze-kontrola","31":"tag-urlhttps-www-portalsamorzadowy-pl-klucze-wymiana-pieca"},"share_on_mastodon":{"url":"","error":"Validation failed: Text character limit of 500 exceeded"},"_links":{"self":[{"href":"https:\/\/www.europesays.com\/pl\/wp-json\/wp\/v2\/posts\/206036","targetHints":{"allow":["GET"]}}],"collection":[{"href":"https:\/\/www.europesays.com\/pl\/wp-json\/wp\/v2\/posts"}],"about":[{"href":"https:\/\/www.europesays.com\/pl\/wp-json\/wp\/v2\/types\/post"}],"author":[{"embeddable":true,"href":"https:\/\/www.europesays.com\/pl\/wp-json\/wp\/v2\/users\/2"}],"replies":[{"embeddable":true,"href":"https:\/\/www.europesays.com\/pl\/wp-json\/wp\/v2\/comments?post=206036"}],"version-history":[{"count":0,"href":"https:\/\/www.europesays.com\/pl\/wp-json\/wp\/v2\/posts\/206036\/revisions"}],"wp:featuredmedia":[{"embeddable":true,"href":"https:\/\/www.europesays.com\/pl\/wp-json\/wp\/v2\/media\/206037"}],"wp:attachment":[{"href":"https:\/\/www.europesays.com\/pl\/wp-json\/wp\/v2\/media?parent=206036"}],"wp:term":[{"taxonomy":"category","embeddable":true,"href":"https:\/\/www.europesays.com\/pl\/wp-json\/wp\/v2\/categories?post=206036"},{"taxonomy":"post_tag","embeddable":true,"href":"https:\/\/www.europesays.com\/pl\/wp-json\/wp\/v2\/tags?post=206036"}],"curies":[{"name":"wp","href":"https:\/\/api.w.org\/{rel}","templated":true}]}}