{"id":206059,"date":"2026-01-15T08:53:14","date_gmt":"2026-01-15T08:53:14","guid":{"rendered":"https:\/\/www.europesays.com\/pl\/206059\/"},"modified":"2026-01-15T08:53:14","modified_gmt":"2026-01-15T08:53:14","slug":"barwy-szczescia-odcinek-3294-tak-janka-wskoczy-mariuszowi-do-lozka-nie-zawaha-sie-i-pokona-ostatnia-przeszkode-zdjecia-wideo","status":"publish","type":"post","link":"https:\/\/www.europesays.com\/pl\/206059\/","title":{"rendered":"Barwy szcz\u0119\u015bcia, odcinek 3294: Tak Janka wskoczy Mariuszowi do \u0142\u00f3\u017cka! Nie zawaha si\u0119 i pokona ostatni\u0105 przeszkod\u0119 \u2013 ZDJ\u0118CIA, WIDEO"},"content":{"rendered":"<p>W 3294 odcinku serialu \u201eBarwy szcz\u0119\u015bcia&#8221; Janka (Oliwia Dro\u017cd\u017cyk) spe\u0142ni marzenie, kt\u00f3re piel\u0119gnowa\u0142a od lat, od kiedy zadurzy\u0142a si\u0119 w Mariuszu (Rafa\u0142 Cieszy\u0144ski) jako nastolatka. Zaplanuje, \u017ce go wykorzysta pod nieobecno\u015b\u0107 Kasi (Katarzyna Glinka). Zaloty zacznie ju\u017c podczas wiejskiej imprezy w remizie w Brzezinach, ale poniewa\u017c nic nie wsk\u00f3ra, zdecyduje si\u0119 na odwa\u017cny krok. Zakradnie si\u0119 do jego sypialni i wskoczy do \u0142\u00f3\u017cka pijanemu Mariuszowi. Zobacz ZDJ\u0118CIA, jak tego dokona.<\/p>\n<p>\u201eBarwy szcz\u0119\u015bcia&#8221; odcinek 3294 &#8211; \u015broda, 14.01.2026, o godz. 20.05 w TVP<\/p>\n<p>W 3294. odcinku serialu \u201eBarwy szcz\u0119\u015bcia&#8221; Mariusz b\u0119dzie wraz z innymi stra\u017cakami odmalowywa\u0142 remiz\u0119. Kasia w tym czasie b\u0119dzie w Warszawie odbiera\u0107 Ksawerego (Bartosz Gruchot) z obozu. Podczas imprezy po zako\u0144czeniu malowania Karpiuk si\u0119 upije, ale i tak <a href=\"https:\/\/superseriale.se.pl\/barwy-szczescia\/barwy-szczescia-odcinek-3294-mariusz-okaze-sie-odporny-na-wdzieki-janki-ale-ona-znajdzie-perfidny-sposob-jak-go-bezdusznie-wykorzystac-zdjecia-aa-TCGa-NTK5-Xrhi.html\" target=\"_blank\" rel=\"follow nofollow noopener\">nie b\u0119dzie chcia\u0142 ta\u0144czy\u0107 z Jank\u0105<\/a>. Dziewczyna b\u0119dzie wr\u0119cz wychodzi\u0107 z siebie, by go do tego nak\u0142oni\u0107. Nawet wspomni Marlen\u0119, kt\u00f3ra rzekomo bardzo wiele jej naopowiada\u0142a o jego fantazji, co tylko sprawi mu przykro\u015b\u0107. Potem kompletnie pijany Mariusz z wielkim trudem dotrze do domu \u2013 sam. Rzuci si\u0119 do \u0142\u00f3\u017cka w stanie wskazuj\u0105cym na to, \u017ce zupe\u0142nie straci\u0142 kontakt z rzeczywisto\u015bci\u0105. Wtedy drzwi domu, kt\u00f3rego nie zamkn\u0105\u0142, otworz\u0105 si\u0119&#8230;<\/p>\n<p>Janka spe\u0142ni swoje marzenie w 3294. odcinku serialu \u201eBarwy szcz\u0119\u015bcia&#8221;<\/p>\n<p>W 3294. odcinku serialu \u201eBarwy szcz\u0119\u015bcia&#8221; trze\u017awa Janka wejdzie do domu Mariusza, a on \u2013 kompletnie pijany \u2013 nic nie us\u0142yszy. Uspokoi szczekaj\u0105cego Maria i powie mu:<\/p>\n<p>&#8211; Id\u017a st\u0105d, to nie jest widok dla ma\u0142ych piesk\u00f3w.<\/p>\n<p>Potem zdejmie szorty i w\u015bli\u017anie si\u0119 do \u0142\u00f3\u017cka \u015bpi\u0105cego g\u0142\u0119bokim snem Mariusza. Przytuli si\u0119 do niego\u2026<\/p>\n<p>Janka wyzna mi\u0142o\u015b\u0107 Mariuszowi w 3299. odcinku serialu \u201eBarwy szcz\u0119\u015bcia&#8221;<\/p>\n<p>W 3299. odcinku serialu \u201eBarwy szcz\u0119\u015bcia&#8221; Mariusz zwolni Jank\u0119 ze studenckich praktyk w jego gospodarstwie. Stanie si\u0119 to po absurdalnym zg\u0142oszeniu D\u0105browskiego (Piotr Kazimierczak) na policji, \u017ce Karpiuk zgwa\u0142ci\u0142 mu c\u00f3rk\u0119. Janka przyjdzie po\u017cegna\u0107 si\u0119 z Mariuszem i <a href=\"https:\/\/superseriale.se.pl\/barwy-szczescia\/barwy-szczescia-odcinek-3299-janka-zdecyduje-o-losie-oskarzonego-mariusza-karpiuk-bedzie-na-jej-lasce-zdjecia-aa-DsH1-yMaU-tNhk.html\" target=\"_blank\" rel=\"follow nofollow noopener\">przeprosi\u0107, ale tylko za ojca,<\/a> co go rozsierdzi &#8211; powie jej, \u017ce niszczy mu \u017cycie tak samo, jak zrobi\u0142a to Marlena, \u017ce wszystko zaplanowa\u0142a, prowokowa\u0142a go i szuka\u0142a okazji. I wtedy<a href=\"https:\/\/superseriale.se.pl\/barwy-szczescia\/barwy-szczescia-odcinek-3299-janka-ochlonie-i-zrozumie-jak-skrzywdzila-mariusza-wyzna-mu-milosc-ale-bedzie-juz-za-pozno-zdjecia-aa-KBsY-F4PC-2mVR.html\" target=\"_blank\" rel=\"follow nofollow noopener\"> dziewczyna wyzna Karpiukowi mi\u0142o\u015b\u0107 i powie, \u017ce kocha si\u0119 w nim od dziecka<\/a>, przyznaj\u0105c, \u017ce teraz wie, i\u017c jej uczucie nie mia\u0142o szans na wzajemno\u015b\u0107 i \u017ce straci\u0142a g\u0142ow\u0119. Ostatecznie przyzna te\u017c, \u017ce nie by\u0142o mi\u0119dzy nimi \u017cadnego seksu, a ona udawa\u0142a tylko, \u017ce by\u0142a pijana. Poprosi go o wybaczenie i zaproponuje, \u017ce wszystko wyja\u015bni Kasi.<\/p>\n<p>        <a href=\"https:\/\/superseriale.se.pl\/galeria\/barwy-szczescia-odcinek-3294-janka-sie-nie-zawaha-pokona-ostatnia-przeszkode-i-wskoczy-mariuszowi-do-lozka-zdjecia-wideo\/gg-Bb9b-dGmE-rhBa\/gp-tBs2-RP4p-ccQX\" data-recommendation-id=\"galeria_artykul\" rel=\"nofollow noopener\" target=\"_blank\"><\/p>\n<p>    <img decoding=\"async\" loading=\"lazy\" src=\"https:\/\/www.europesays.com\/pl\/wp-content\/uploads\/2026\/01\/gf-vUV4-j8JN-CbvD_barwy-szczescia-odcinek-3294-janka-oliwia-drozdzyk-mario-9-j.jpg\"  alt=\"Barwy szcz\u0119\u015bcia, odcinek 3294. Janka (Oliwia Dro\u017cd\u017cyk), Mario\" data-link=\"https:\/\/www.europesays.com\/pl\/wp-content\/uploads\/2026\/01\/gf-vUV4-j8JN-CbvD_barwy-szczescia-odcinek-3294-janka-oliwia-drozdzyk-mario-9-j.jpg\" width=\"994\" height=\"828\"\/><\/p>\n<p>        <\/a><\/p>\n<p>            <a href=\"https:\/\/superseriale.se.pl\/barwy-szczescia\/barwy-szczescia-odcinek-3294-podla-agnieszka-po-porwaniu-lukasza-odegra-przed-kasia-niezla-scene-bedzie-udawac-jak-wspolczuje-siostrze-zdjecia-zwiastun-aa-EPkq-BnGp-m4ex.html\" data-recommendation-id=\"polecany_artykul\" rel=\"nofollow noopener\" target=\"_blank\">Barwy szcz\u0119\u015bcia, odcinek 3294: Pod\u0142a Agnieszka po porwaniu \u0141ukasza odegra przed\u2026<\/a><\/p>\n<p>Barwy szcz\u0119\u015bcia. Ta impreza w remizie b\u0119dzie mia\u0142a dla Mariusza fatalny fina\u0142<\/p>\n<p class=\"playerBoard__text playerBoard__title\">Rozwijamy nasz serwis dzi\u0119ki wy\u015bwietlaniu reklam.<\/p>\n<p class=\"playerBoard__text playerBoard__text--icon\">Blokuj\u0105c reklamy, nie pozwalasz nam tworzy\u0107 warto\u015bciowych tre\u015bci. <\/p>\n<p class=\"playerBoard__text\">Wy\u0142\u0105cz AdBlock i od\u015bwie\u017c stron\u0119. <\/p>\n<p>            <video class=\"turbo-vjs video_player__aspect_ratio\" id=\"video-player-vv-5nqP-mdNf-Awjd_fallback\" src=\"https:\/\/cache.stream.smcdn.pl\/tovid\/_definst_\/5\/321\/9FE7375F6479488E8F4D40993BD61A46\/a4075cbc-9076-483f-87da-f426b113dc50.mp4\/playlist.m3u8\" data-title=\"Barwy szcz\u0119\u015bcia. Ta impreza w remizie b\u0119dzie mia\u0142a dla Mariusza fatalny fina\u0142\" preload=\"none\" poster=\"https:\/\/cdn.media.smcloud.net\/t\/videos\/8873775F715843D9B2725166878D961E_1-664x442.jpg\"><br \/>\n            <\/video><\/p>\n","protected":false},"excerpt":{"rendered":"W 3294 odcinku serialu \u201eBarwy szcz\u0119\u015bcia&#8221; Janka (Oliwia Dro\u017cd\u017cyk) spe\u0142ni marzenie, kt\u00f3re piel\u0119gnowa\u0142a od lat, od kiedy zadurzy\u0142a&hellip;\n","protected":false},"author":2,"featured_media":206060,"comment_status":"","ping_status":"","sticky":false,"template":"","format":"standard","meta":{"footnotes":""},"categories":[22],"tags":[122,42,38,40,39,41,123],"class_list":{"0":"post-206059","1":"post","2":"type-post","3":"status-publish","4":"format-standard","5":"has-post-thumbnail","7":"category-rozrywka","8":"tag-entertainment","9":"tag-pl","10":"tag-poland","11":"tag-polish","12":"tag-polska","13":"tag-polski","14":"tag-rozrywka"},"share_on_mastodon":{"url":"https:\/\/pubeurope.com\/@pl\/115898273493257883","error":""},"_links":{"self":[{"href":"https:\/\/www.europesays.com\/pl\/wp-json\/wp\/v2\/posts\/206059","targetHints":{"allow":["GET"]}}],"collection":[{"href":"https:\/\/www.europesays.com\/pl\/wp-json\/wp\/v2\/posts"}],"about":[{"href":"https:\/\/www.europesays.com\/pl\/wp-json\/wp\/v2\/types\/post"}],"author":[{"embeddable":true,"href":"https:\/\/www.europesays.com\/pl\/wp-json\/wp\/v2\/users\/2"}],"replies":[{"embeddable":true,"href":"https:\/\/www.europesays.com\/pl\/wp-json\/wp\/v2\/comments?post=206059"}],"version-history":[{"count":0,"href":"https:\/\/www.europesays.com\/pl\/wp-json\/wp\/v2\/posts\/206059\/revisions"}],"wp:featuredmedia":[{"embeddable":true,"href":"https:\/\/www.europesays.com\/pl\/wp-json\/wp\/v2\/media\/206060"}],"wp:attachment":[{"href":"https:\/\/www.europesays.com\/pl\/wp-json\/wp\/v2\/media?parent=206059"}],"wp:term":[{"taxonomy":"category","embeddable":true,"href":"https:\/\/www.europesays.com\/pl\/wp-json\/wp\/v2\/categories?post=206059"},{"taxonomy":"post_tag","embeddable":true,"href":"https:\/\/www.europesays.com\/pl\/wp-json\/wp\/v2\/tags?post=206059"}],"curies":[{"name":"wp","href":"https:\/\/api.w.org\/{rel}","templated":true}]}}