{"id":206075,"date":"2026-01-15T09:02:08","date_gmt":"2026-01-15T09:02:08","guid":{"rendered":"https:\/\/www.europesays.com\/pl\/206075\/"},"modified":"2026-01-15T09:02:08","modified_gmt":"2026-01-15T09:02:08","slug":"jechal-ulica-na-nartach-z-silnikiem-na-plecach-policja-zabrala-glos","status":"publish","type":"post","link":"https:\/\/www.europesays.com\/pl\/206075\/","title":{"rendered":"Jecha\u0142 ulic\u0105 na nartach z silnikiem na plecach. Policja zabra\u0142a g\u0142os"},"content":{"rendered":"<p>Najwa\u017cniejsze informacje <\/p>\n<ul>\n<li>Nagranie udost\u0119pnione przez Radio Kielce pokazuje m\u0119\u017cczyzn\u0119 na nartach z\u00a0silnikiem paralotniowym na plecach.<\/li>\n<li>Wideo, nagrane w\u00a0gminie Miedziana G\u00f3ra (woj. \u015bwi\u0119tokrzyskie) zdoby\u0142o ogromn\u0105 popularno\u015b\u0107 w\u00a0mediach spo\u0142eczno\u015bciowych.<\/li>\n<li>W\u00f3jt gminy pochwali\u0142 kreatywne wykorzystanie zimy w\u00a0komentarzu pod postem.<\/li>\n<li>Policja zabra\u0142a g\u0142os ws. zachowania m\u0119\u017cczyzny.<\/li>\n<\/ul>\n<p>Zaskakuj\u0105ce nagranie obieg\u0142o media spo\u0142eczno\u015bciowe: m\u0119\u017cczyzna sunie po o\u015bnie\u017conej jezdni na nartach, a\u00a0nap\u0119d zapewnia mu du\u017cy silnik zamontowany na plecach. Wed\u0142ug opisu do\u0142\u0105czonego do posta materia\u0142 pochodzi z\u00a0gminy Miedziana G\u00f3ra w\u00a0woj. \u015bwi\u0119tokrzyskim. Wideo znalaz\u0142o si\u0119 na oficjalnym profilu Radia Kielce, kt\u00f3re wskaza\u0142o, \u017ce film nades\u0142a\u0142 s\u0142uchacz.<\/p>\n<p><a class=\"wp-video-title-link\" href=\"https:\/\/turystyka.wp.pl\/dziala-dopiero-trzy-tygodnie-a-juz-staje-sie-popularna-nowa-atrakcja-w-polsce-7241181505217089v\" rel=\"nofollow noopener\" target=\"_blank\">Dzia\u0142a dopiero trzy tygodnie, a\u00a0ju\u017c staje si\u0119 popularna. Nowa atrakcja w\u00a0Polsce <\/a> <\/p>\n<p>Narciarz z\u00a0nap\u0119dem paralotniowym na\u00a0ulicy. Wideo sta\u0142o si\u0119 wiralem w\u00a0sieci <\/p>\n<p>Uj\u0119cia wzbudzi\u0142y ogromne zainteresowanie \u2013\u00a0licznik odtworze\u0144 przekroczy\u0142 p\u00f3\u0142 miliona wy\u015bwietle\u0144. O\u00a0samym bohaterze nagrania wiadomo niewiele, ale po wygl\u0105dzie sprz\u0119tu wida\u0107, \u017ce korzysta z\u00a0silnika paralotniowego. To lekka jednostka spalinowa montowana na plecach, znana z\u00a0nap\u0119du PPG, spotykana te\u017c w\u00a0motoparalotniach na w\u00f3zku.<\/p>\n<p> <img role=\"presentation\" class=\"absolute left-1\/2 top-1\/2 max-h-[80%] max-w-[100px] -translate-x-1\/2 -translate-y-1\/2\" src=\"https:\/\/v.wpimg.pl\/ZXJfd3AudTkrBBIAbg54LGhcRlAxHQUrPgJGH2MAeGJoSQ1eIBI_K2UHAEVuBTY5KQMMXC0RPyoVERQdMgM9ejc\" loading=\"lazy\" decoding=\"async\"\/> <\/p>\n<p>W komentarzach pod postem pojawi\u0142a si\u0119 mieszanina zachwytu i\u00a0krytyki. Jedni chwalili pomys\u0142 na zimow\u0105 zabaw\u0119, inni pytali o\u00a0kwestie bezpiecze\u0144stwa i\u00a0przepis\u00f3w. Pada\u0142y kr\u00f3tkie reakcje internaut\u00f3w: &#8222;Zaraz go znajd\u0105 i\u00a0b\u0119d\u0105 paragrafy&#8221;, &#8222;Co na to milicja?&#8221;, &#8222;Super pomys\u0142&#8221;, &#8222;Nie narzeka, \u017ce napada\u0142o \u015bniegu&#8221;. Dyskusja szybko nabra\u0142a tempa, co dodatkowo nap\u0119dzi\u0142o popularno\u015b\u0107 materia\u0142u.<\/p>\n<p> <a href=\"https:\/\/www.o2.pl\/informacje\/tym-jechal-po-ulicy-wideo-ma-pol-miliona-wyswietlen-7242677301225984a\" class=\"teaser-inline\" rel=\"nofollow noopener\" target=\"_blank\">  <img decoding=\"async\" src=\"https:\/\/www.europesays.com\/pl\/wp-content\/uploads\/2026\/01\/MzIzMTJiYhsoGDtnZRJvDmtAbz0jS2FYPFh3dmVYf0J5AmIyIwUoCCwKInotGzgKKA09ejoFYhs5E2Iie0YpEzoKITUzRigXKx8p.jpeg\" width=\"0\" height=\"0\" loading=\"lazy\" class=\"wp-media-image cropped\" alt=\"Tym jecha\u0142 po ulicy. Wideo ma p\u00f3\u0142 miliona wy\u015bwietle\u0144\"\/><\/p>\n<p>Tym jecha\u0142 po ulicy. Wideo ma p\u00f3\u0142 miliona wy\u015bwietle\u0144<\/p>\n<p><\/a> <\/p>\n<p>G\u0142os w\u00a0tej sprawie zabra\u0142 r\u00f3wnie\u017c w\u00f3jt gminy Miedziana G\u00f3ra, Damian S\u0142awski. Pod postem Radia Kielce napisa\u0142: &#8222;Wystarczy spojrze\u0107 na zim\u0119 z\u00a0troch\u0119 innej strony, aby przynios\u0142a ona mn\u00f3stwo rado\u015bci i\u00a0zabawy!&#8221;. Kr\u00f3tki komentarz samorz\u0105dowca sta\u0142 si\u0119 jednym z\u00a0najcz\u0119\u015bciej cytowanych wpis\u00f3w w\u00a0w\u0105tku pod wideo.<\/p>\n<p> <img role=\"presentation\" class=\"absolute left-1\/2 top-1\/2 max-h-[80%] max-w-[100px] -translate-x-1\/2 -translate-y-1\/2\" src=\"https:\/\/v.wpimg.pl\/ZXJfd3AudTkrBBIAbg54LGhcRlAxHQUrPgJGH2MAeGJoSQ1eIBI_K2UHAEVuBTY5KQMMXC0RPyoVERQdMgM9ejc\" loading=\"lazy\" decoding=\"async\"\/> <\/p>\n<p>Policja reaguje na\u00a0zachowanie narciarza z\u00a0silnikiem na\u00a0plecach <\/p>\n<p>W celu ustalenia legalno\u015bci takiego sposobu poruszania si\u0119 po ulicy, poprosili\u015bmy o\u00a0komentarz Komend\u0119 Miejsk\u0105 Policji w\u00a0Kielcach. W\u00a0odpowiedzi uzyskali\u015bmy informacj\u0119, \u017ce policja nie odnotowa\u0142a \u017cadnego zg\u0142oszenia dotycz\u0105cego zdarzenia widocznego na nagraniu, lecz informacja o\u00a0przedmiotowym zdarzeniu zosta\u0142a przekazana do w\u0142a\u015bciwego miejscowo komisariatu Policji.<\/p>\n<blockquote><p>Poruszanie si\u0119 po drodze publicznej w\u00a0spos\u00f3b nietypowy, odbiegaj\u0105cy od normalnego ruchu pieszego, w\u00a0szczeg\u00f3lno\u015bci przy u\u017cyciu nart lub innego wyposa\u017cenia wp\u0142ywaj\u0105cego na stabilno\u015b\u0107 i\u00a0tor ruchu, mo\u017ce zosta\u0107 zakwalifikowane jako naruszenie obowi\u0105zku zachowania szczeg\u00f3lnej ostro\u017cno\u015bci oraz jako zachowanie utrudniaj\u0105ce ruch lub stwarzaj\u0105ce zagro\u017cenie dla innych uczestnik\u00f3w ruchu drogowego &#8211;\u00a0m\u00f3wi o2.pl podkom. Ma\u0142gorzata Perkowska-Kiepas, Oficer prasowy KMP w\u00a0Kielcach.<\/p><\/blockquote>\n<p> <img role=\"presentation\" class=\"absolute left-1\/2 top-1\/2 max-h-[80%] max-w-[100px] -translate-x-1\/2 -translate-y-1\/2\" src=\"https:\/\/v.wpimg.pl\/ZXJfd3AudTkrBBIAbg54LGhcRlAxHQUrPgJGH2MAeGJoSQ1eIBI_K2UHAEVuBTY5KQMMXC0RPyoVERQdMgM9ejc\" loading=\"lazy\" decoding=\"async\"\/> <\/p>\n<p>Poinformowano nas, \u017ce zachowanie widoczne na materiale wideo podlega ocenie na gruncie przepis\u00f3w reguluj\u0105cych ruch pieszych, zawartych w\u00a0ustawie z\u00a0dnia 20 czerwca 1997 r. \u2013\u00a0Prawo o\u00a0ruchu drogowym.<\/p>\n<p> <a href=\"https:\/\/www.o2.pl\/informacje\/odkrycie-na-terenie-firmy-w-gdansku-ta-historia-lamie-serce-7243613085562976a\" class=\"teaser-inline\" rel=\"nofollow noopener\" target=\"_blank\">  <img decoding=\"async\" src=\"https:\/\/www.europesays.com\/pl\/wp-content\/uploads\/2026\/01\/Yjk1N2E5dgsKUzgBak57HkkLbFssF3VIHhN0EGoEa1JbSWFULFk8GA5BIRwiRywaCkY-HDVZdgsbWGFEdBo9AxhBIlM8GjwHCVQq.jpeg\" width=\"0\" height=\"0\" loading=\"lazy\" class=\"wp-media-image cropped\" alt=\"Odkrycie na terenie firmy w Gda\u0144sku. Ta historia \u0142amie serce\"\/><\/p>\n<p>Odkrycie na terenie firmy w Gda\u0144sku. Ta historia \u0142amie serce<\/p>\n<p><\/a> <\/p>\n<p>Zgodnie z\u00a0art. 2\u00a0pkt 18 ustawy, pieszym jest osoba znajduj\u0105ca si\u0119 poza pojazdem na drodze. Do pieszych stosuje si\u0119 przepisy okre\u015blaj\u0105ce zasady poruszania si\u0119 po drogach publicznych, w\u00a0szczeg\u00f3lno\u015bci art. 11 oraz art. 14 Prawa o\u00a0ruchu drogowym.<\/p>\n<p> <img role=\"presentation\" class=\"absolute left-1\/2 top-1\/2 max-h-[80%] max-w-[100px] -translate-x-1\/2 -translate-y-1\/2\" src=\"https:\/\/v.wpimg.pl\/ZXJfd3AudTkrBBIAbg54LGhcRlAxHQUrPgJGH2MAeGJoSQ1eIBI_K2UHAEVuBTY5KQMMXC0RPyoVERQdMgM9ejc\" loading=\"lazy\" decoding=\"async\"\/> <\/p>\n<blockquote><p>Przepisy te nak\u0142adaj\u0105 na pieszego obowi\u0105zek korzystania z\u00a0chodnika lub drogi dla pieszych, a\u00a0w\u00a0przypadku ich braku \u2013\u00a0z\u00a0pobocza, ewentualnie z\u00a0jezdni, przy czym pieszy poruszaj\u0105cy si\u0119 jezdni\u0105 ma obowi\u0105zek zachowania szczeg\u00f3lnej ostro\u017cno\u015bci oraz poruszania si\u0119 lew\u0105 stron\u0105 drogi. Jednocze\u015bnie pieszym zabrania si\u0119 poruszania si\u0119 po jezdni w\u00a0spos\u00f3b utrudniaj\u0105cy ruch pojazd\u00f3w lub stwarzaj\u0105cy zagro\u017cenie dla bezpiecze\u0144stwa ruchu drogowego &#8211;\u00a0dodaje.<\/p><\/blockquote>\n<p>Jak dzia\u0142a silnik paralotniowy? <\/p>\n<p>Silnik paralotniowy to najcz\u0119\u015bciej lekka, dwusuwowa jednostka spalinowa mocowana na plecach pilota. W\u00a0lotnictwie ultralekkim pozwala wystartowa\u0107 z\u00a0p\u0142askiego terenu i\u00a0unosi\u0107 si\u0119 bez pr\u0105d\u00f3w termicznych czy startu ze wzniesienia. W\u00a0tym przypadku pos\u0142u\u017cy\u0142 jako nietypowy nap\u0119d do jazdy na nartach po \u015bnie\u017cnej nawierzchni, co wywo\u0142a\u0142o skrajne reakcje widz\u00f3w i\u00a0pytania o\u00a0granice zimowych eksperyment\u00f3w.<\/p>\n<p>Karol Osi\u0144ski, dziennikarz o2.pl.<\/p>\n","protected":false},"excerpt":{"rendered":"Najwa\u017cniejsze informacje Nagranie udost\u0119pnione przez Radio Kielce pokazuje m\u0119\u017cczyzn\u0119 na nartach z\u00a0silnikiem paralotniowym na plecach. Wideo, nagrane w\u00a0gminie&hellip;\n","protected":false},"author":2,"featured_media":206076,"comment_status":"","ping_status":"","sticky":false,"template":"","format":"standard","meta":{"footnotes":""},"categories":[16],"tags":[113,112,42,38,40,39,41],"class_list":{"0":"post-206075","1":"post","2":"type-post","3":"status-publish","4":"format-standard","5":"has-post-thumbnail","7":"category-biznes","8":"tag-biznes","9":"tag-business","10":"tag-pl","11":"tag-poland","12":"tag-polish","13":"tag-polska","14":"tag-polski"},"share_on_mastodon":{"url":"https:\/\/pubeurope.com\/@pl\/115898308725556040","error":""},"_links":{"self":[{"href":"https:\/\/www.europesays.com\/pl\/wp-json\/wp\/v2\/posts\/206075","targetHints":{"allow":["GET"]}}],"collection":[{"href":"https:\/\/www.europesays.com\/pl\/wp-json\/wp\/v2\/posts"}],"about":[{"href":"https:\/\/www.europesays.com\/pl\/wp-json\/wp\/v2\/types\/post"}],"author":[{"embeddable":true,"href":"https:\/\/www.europesays.com\/pl\/wp-json\/wp\/v2\/users\/2"}],"replies":[{"embeddable":true,"href":"https:\/\/www.europesays.com\/pl\/wp-json\/wp\/v2\/comments?post=206075"}],"version-history":[{"count":0,"href":"https:\/\/www.europesays.com\/pl\/wp-json\/wp\/v2\/posts\/206075\/revisions"}],"wp:featuredmedia":[{"embeddable":true,"href":"https:\/\/www.europesays.com\/pl\/wp-json\/wp\/v2\/media\/206076"}],"wp:attachment":[{"href":"https:\/\/www.europesays.com\/pl\/wp-json\/wp\/v2\/media?parent=206075"}],"wp:term":[{"taxonomy":"category","embeddable":true,"href":"https:\/\/www.europesays.com\/pl\/wp-json\/wp\/v2\/categories?post=206075"},{"taxonomy":"post_tag","embeddable":true,"href":"https:\/\/www.europesays.com\/pl\/wp-json\/wp\/v2\/tags?post=206075"}],"curies":[{"name":"wp","href":"https:\/\/api.w.org\/{rel}","templated":true}]}}