{"id":206079,"date":"2026-01-15T09:04:08","date_gmt":"2026-01-15T09:04:08","guid":{"rendered":"https:\/\/www.europesays.com\/pl\/206079\/"},"modified":"2026-01-15T09:04:08","modified_gmt":"2026-01-15T09:04:08","slug":"dramat-pod-nowym-targiem-w-domu-odkryto-zwloki-matki-i-syna-onet","status":"publish","type":"post","link":"https:\/\/www.europesays.com\/pl\/206079\/","title":{"rendered":"Dramat pod Nowym Targiem. W domu odkryto zw\u0142oki matki i syna &#8211; Onet"},"content":{"rendered":"<ol>\n<li><a href=\"https:\/\/news.google.com\/rss\/articles\/CBMixAFBVV95cUxQWkxwTi1WM01kMUMyVnJTNmFqakI0Tk9xNk5BQThGTHE1bmhEV0ZzRzA3YlZJX3dNTENXcWdWRGZGSXdVdTBJM3NPVHJEWlZFcl9NcUJqVmd5TU9tcUdMalREc0NUdTVUMi1ZY2oxRlFXYUg5TnhlLUNUM0Rqa3dSTVZjaUhwcmdmNHZWcWgyUGhia05sTkJoclhSbXI4VVFZYjNmZF82TU5RNV9ZNkdQTFdiRUJYM1NCaHJlbVVLMjhiREJf?oc=5\" target=\"_blank\" rel=\"nofollow noopener\">Dramat pod Nowym Targiem. W domu odkryto zw\u0142oki matki i syna<\/a>&nbsp;&nbsp;Onet<\/li>\n<li><a href=\"https:\/\/news.google.com\/rss\/articles\/CBMiuwFBVV95cUxNS0kxOVhIRTYzZE5BVzR1V0lJZTVCczRkaTV4aFFyWGFybjZUeDdiMHVzREd1NTJmUXg3Z3VUVUlCSXh4UlVQVEJYMGpKUUdoem9NTEp5Nm9LTEtnU3hZcG5JZG5KaTFsY2M3NW5QV0lNZDVyMGlwOHJWVXQtSWtneDAxU3o5RVA2dmwweE1NOGdDNFllR3AtSzNDWnJsZGhQR2ltSEhMNlExdEk2c0p4NHNwaXVGNmo4Q3Zj?oc=5\" target=\"_blank\" rel=\"nofollow noopener\">Tragedia na Podhalu. Znaleziono cia\u0142a matki i syna, w domu nie wykryto czadu<\/a>&nbsp;&nbsp;Wydarzenia w INTERIA.PL<\/li>\n<li><a href=\"https:\/\/news.google.com\/rss\/articles\/CBMiowFBVV95cUxQRTJSV19yU3FXeGJEbEVyZHBQYTd4V0Nqc1c5aW1GbGs3S00tNTgxSXAtZ0pfbXBla0NEZWtvazNfTEYyTE9sMVFMUmpNVmlmT1U1LW9BdmZQRjM0Mk5iYUZocVFWS1JWYUJZNWtoWWFKaVZ0QUlOaTlaYnhaOEFtSkNwazdwVE1sd0wwbHhuUERyRjdLaF8zWDkyVXE3SHVsdWtv?oc=5\" target=\"_blank\" rel=\"nofollow noopener\">Nie \u017cyje matka i syn. Rodzina dokona\u0142a tragicznego odkrycia<\/a>&nbsp;&nbsp;WP Wiadomo\u015bci<\/li>\n<li><a href=\"https:\/\/news.google.com\/rss\/articles\/CBMikAFBVV95cUxOZGVWbmhMOHdaVVNHbGU3U3pTdzZKcWl2REpqLVI3Y19ndUNfcDJteHltX0dWYnFtZThtWWpkbld2eWhTMjR0X1FMMXJWVGJZQTJQWE83VDNnS3RORGpFNElyZE1Rb2hoblkzYWVzS01Rd3ExOE1FQVh2WklfWVBNSGkwdnJFczNocmRZREcyOU4?oc=5\" target=\"_blank\" rel=\"nofollow noopener\">Nie mogli skontaktowa\u0107 si\u0119 z bliskimi, pojechali do ich domu. Znale\u017ali dwa cia\u0142a<\/a>&nbsp;&nbsp;TVN24<\/li>\n<li><a href=\"https:\/\/news.google.com\/rss\/articles\/CBMitAFBVV95cUxNcnlSRHY4aFB5aldIUWROZ2Nlb3AxWTdLMmJxRHhFbnpXUEtBakNudFVPNmlFeDJQWHFXQzk2TU5VdW5GeE1OTFVUWmc2MG4zSWI2bGFObWczTlQzTTRNTUFpcDFPdnVBdVJUNlkxV1JiYWtpcFFmY0Z4NzFrSHpTQmF4QlVrd3hodGNMeE5KeXkxQ19kcTZjZHNwWGdKV2RPZHY3SVRDQWptVXhuMHI1Zi15Z0g?oc=5\" target=\"_blank\" rel=\"nofollow noopener\">Tragedia na Podhalu. W budynku znaleziono cia\u0142o matki i syna<\/a>&nbsp;&nbsp;RMF24<\/li>\n<\/ol>\n","protected":false},"excerpt":{"rendered":"Dramat pod Nowym Targiem. W domu odkryto zw\u0142oki matki i syna&nbsp;&nbsp;Onet Tragedia na Podhalu. Znaleziono cia\u0142a matki i&hellip;\n","protected":false},"author":2,"featured_media":206080,"comment_status":"","ping_status":"","sticky":false,"template":"","format":"standard","meta":{"footnotes":"","_share_on_mastodon":"0"},"categories":[12],"tags":[32,33,19480,36,37,66,27,67,34,35,28,31,53,25,52,68,51,55,42,38,40,39,41,47,39565,29,30,50,26],"class_list":["post-206079","post","type-post","status-publish","format-standard","has-post-thumbnail","category-polska","tag-breaking-news","tag-breakingnews","tag-czad","tag-featured-news","tag-featurednews","tag-give_me_perspective","tag-headlines","tag-intextvideo_splayer","tag-latest-news","tag-latestnews","tag-naglowki","tag-najwazniejsze-artykuly","tag-new_header","tag-news","tag-onet3","tag-onet3d","tag-onet3d_2i","tag-phx","tag-pl","tag-poland","tag-polish","tag-polska","tag-polski","tag-screening_general","tag-szaflary","tag-top-stories","tag-topstories","tag-v2021","tag-wiadomosci"],"share_on_mastodon":{"url":"https:\/\/pubeurope.com\/@pl\/115898316381195854","error":""},"_links":{"self":[{"href":"https:\/\/www.europesays.com\/pl\/wp-json\/wp\/v2\/posts\/206079","targetHints":{"allow":["GET"]}}],"collection":[{"href":"https:\/\/www.europesays.com\/pl\/wp-json\/wp\/v2\/posts"}],"about":[{"href":"https:\/\/www.europesays.com\/pl\/wp-json\/wp\/v2\/types\/post"}],"author":[{"embeddable":true,"href":"https:\/\/www.europesays.com\/pl\/wp-json\/wp\/v2\/users\/2"}],"replies":[{"embeddable":true,"href":"https:\/\/www.europesays.com\/pl\/wp-json\/wp\/v2\/comments?post=206079"}],"version-history":[{"count":0,"href":"https:\/\/www.europesays.com\/pl\/wp-json\/wp\/v2\/posts\/206079\/revisions"}],"wp:featuredmedia":[{"embeddable":true,"href":"https:\/\/www.europesays.com\/pl\/wp-json\/wp\/v2\/media\/206080"}],"wp:attachment":[{"href":"https:\/\/www.europesays.com\/pl\/wp-json\/wp\/v2\/media?parent=206079"}],"wp:term":[{"taxonomy":"category","embeddable":true,"href":"https:\/\/www.europesays.com\/pl\/wp-json\/wp\/v2\/categories?post=206079"},{"taxonomy":"post_tag","embeddable":true,"href":"https:\/\/www.europesays.com\/pl\/wp-json\/wp\/v2\/tags?post=206079"}],"curies":[{"name":"wp","href":"https:\/\/api.w.org\/{rel}","templated":true}]}}