{"id":206081,"date":"2026-01-15T09:06:09","date_gmt":"2026-01-15T09:06:09","guid":{"rendered":"https:\/\/www.europesays.com\/pl\/206081\/"},"modified":"2026-01-15T09:06:09","modified_gmt":"2026-01-15T09:06:09","slug":"australian-open-losowanie-drabinki-pary-z-kim-zagraja-polacy","status":"publish","type":"post","link":"https:\/\/www.europesays.com\/pl\/206081\/","title":{"rendered":"Australian Open. Losowanie drabinki. Pary. Z kim zagraj\u0105 Polacy?"},"content":{"rendered":"<p>Drabinka turnieju pan\u00f3w w Australian Open zosta\u0142a rozlosowana. W m\u0119skim singlu Polska b\u0119dzie mie\u0107 dw\u00f3ch przedstawicieli &#8211; Huberta Hurkacza i Kamila Majchrzaka. Sprawd\u017a, z kim zmierz\u0105 si\u0119 bia\u0142o-czerwoni tenisi\u015bci.<\/p>\n<p>Wracaj\u0105cy do wielkoszlemowej rywalizacji po p\u00f3\u0142rocznej przerwie spowodowanej k\u0142opotami zdrowotnymi 28-letni Wroc\u0142awianin, kt\u00f3ry zajmuje 53. miejsce w \u015bwiecie, na otwarcie zagra z 43. w rankingu ATP Belgiem Zizou Bergsem. B\u0119dzie to ich premierowe spotkanie.<\/p>\n<p>\u00a0<\/p>\n<p>ZOBACZ TAK\u017bE: <a href=\"https:\/\/www.polsatsport.pl\/iga-swiatek\/2026-01-15\/drabinka-australian-open-rozlosowana-oto-na-kogo-trafi-swiatek\/\" target=\"_blank\" rel=\"noopener noreferrer nofollow\">Drabinka Australian Open rozlosowana! Oto na kogo trafi \u015awi\u0105tek<\/a><\/p>\n<p>\u00a0<\/p>\n<p>W 2. rundzie przeciwnikiem Polaka mo\u017ce by\u0107 Tallon Griekspoor, kt\u00f3rego pokona\u0142 w United Cup. Rozstawiony z numerem 23. Holender musi wcze\u015bniej pokona\u0107 Amerykanina Ethana Quinna.<\/p>\n<p>\u00a0<\/p>\n<p>Kamil Majchrzak zmierzy si\u0119 w 1. rundzie z Jacobem Fearnleyem. Polak zajmuje najwy\u017csze w karierze 58. miejsce w \u015bwiecie, a Brytyjczyk jest aktualnie 77. tenisist\u0105 globu.<\/p>\n<p>Do tej pory spotkali si\u0119 raz &#8211; w 2024 w kwalifikacjach halowej imprezy w Sztokholmie g\u00f3r\u0105 by\u0142 zawodnik z Worcester, kt\u00f3ry w czerwcu zesz\u0142ego roku na tydzie\u0144 zago\u015bci\u0142 w TOP 50 rankingu ATP.<\/p>\n<p>\u017byciowym sukcesem 30-latka z Piotrkowa Trybunalskiego w Wielkim Szlemie jest 1\/8 fina\u0142u ubieg\u0142orocznego Wimbledonu. W Melbourne tylko raz &#8211; w 2022 roku &#8211; dotar\u0142 do 2. rundy.<\/p>\n<p>Organizatorzy w tegorocznej edycji turnieju w Melbourne przygotowali rekordow\u0105 pul\u0119 nagr\u00f3d w wysoko\u015bci 111,5 mln dolar\u00f3w australijskich (ok. 75 mln USD).<\/p>\n<p><a class=\"news__read-more-button\" href=\"https:\/\/www.polsatsport.pl\/\" rel=\"nofollow noopener\" target=\"_blank\">Przejd\u017a na Polsatsport.pl<\/a><\/p>\n<ul class=\"polling__answers\">\n<li class=\"polling__answer polling__answer--no-img\">Hubert Hurkacz<\/li>\n<li class=\"polling__answer polling__answer--no-img\">Zizou Bergs&#8230;<\/li>\n<\/ul>\n<p><img decoding=\"async\" src=\"https:\/\/www.europesays.com\/pl\/wp-content\/uploads\/2026\/01\/hny48r9j5j6p9owf544v7cerrxk29wrk.jpg\" alt=\"\" itemprop=\"contentUrl\" style=\"position:absolute; width: 100%; max-height: 100%;\"\/><video controls=\"\" controlslist=\"nodownload\" poster=\"https:\/\/www.europesays.com\/pl\/wp-content\/uploads\/2026\/01\/hny48r9j5j6p9owf544v7cerrxk29wrk.jpg\" class=\"videoPlayer player7308862 news__video\" data-id=\"7308862\">Twoja przegl\u0105darka nie wspiera odtwarzacza wideo&#8230;<\/video>PolsatSport.pl w wersji na telefony z systemem Android i iOS!<\/p>\n<p class=\"app-ad__preview\">Najnowsze informacje i wiadomo\u015bci na bie\u017c\u0105co, gdziekolwiek jeste\u015b.<\/p>\n","protected":false},"excerpt":{"rendered":"Drabinka turnieju pan\u00f3w w Australian Open zosta\u0142a rozlosowana. W m\u0119skim singlu Polska b\u0119dzie mie\u0107 dw\u00f3ch przedstawicieli &#8211; Huberta&hellip;\n","protected":false},"author":2,"featured_media":206082,"comment_status":"","ping_status":"","sticky":false,"template":"","format":"standard","meta":{"footnotes":""},"categories":[24],"tags":[42,38,40,39,41,127,126],"class_list":{"0":"post-206081","1":"post","2":"type-post","3":"status-publish","4":"format-standard","5":"has-post-thumbnail","7":"category-sport","8":"tag-pl","9":"tag-poland","10":"tag-polish","11":"tag-polska","12":"tag-polski","13":"tag-sport","14":"tag-sports"},"share_on_mastodon":{"url":"https:\/\/pubeurope.com\/@pl\/115898324440067158","error":""},"_links":{"self":[{"href":"https:\/\/www.europesays.com\/pl\/wp-json\/wp\/v2\/posts\/206081","targetHints":{"allow":["GET"]}}],"collection":[{"href":"https:\/\/www.europesays.com\/pl\/wp-json\/wp\/v2\/posts"}],"about":[{"href":"https:\/\/www.europesays.com\/pl\/wp-json\/wp\/v2\/types\/post"}],"author":[{"embeddable":true,"href":"https:\/\/www.europesays.com\/pl\/wp-json\/wp\/v2\/users\/2"}],"replies":[{"embeddable":true,"href":"https:\/\/www.europesays.com\/pl\/wp-json\/wp\/v2\/comments?post=206081"}],"version-history":[{"count":0,"href":"https:\/\/www.europesays.com\/pl\/wp-json\/wp\/v2\/posts\/206081\/revisions"}],"wp:featuredmedia":[{"embeddable":true,"href":"https:\/\/www.europesays.com\/pl\/wp-json\/wp\/v2\/media\/206082"}],"wp:attachment":[{"href":"https:\/\/www.europesays.com\/pl\/wp-json\/wp\/v2\/media?parent=206081"}],"wp:term":[{"taxonomy":"category","embeddable":true,"href":"https:\/\/www.europesays.com\/pl\/wp-json\/wp\/v2\/categories?post=206081"},{"taxonomy":"post_tag","embeddable":true,"href":"https:\/\/www.europesays.com\/pl\/wp-json\/wp\/v2\/tags?post=206081"}],"curies":[{"name":"wp","href":"https:\/\/api.w.org\/{rel}","templated":true}]}}