{"id":206127,"date":"2026-01-15T09:31:07","date_gmt":"2026-01-15T09:31:07","guid":{"rendered":"https:\/\/www.europesays.com\/pl\/206127\/"},"modified":"2026-01-15T09:31:07","modified_gmt":"2026-01-15T09:31:07","slug":"niefortunny-zart-kandydata-trumpa-stwierdzil-ze-islandia-zostanie-52-stanem-usa","status":"publish","type":"post","link":"https:\/\/www.europesays.com\/pl\/206127\/","title":{"rendered":"Niefortunny \u017cart kandydata Trumpa. Stwierdzi\u0142, \u017ce Islandia zostanie 52. stanem USA"},"content":{"rendered":"<p> Za\u017cartowa\u0142 ws. przy\u0142\u0105czenia Islandii do USA<\/p>\n<p class=\"art_paragraph\">Przysz\u0142y ambasador USA w Islandii\u00a0Billy Long, by\u0142y kongresmen z\u00a0Missouri wyg\u0142osi\u0142 swoje przem\u00f3wienie na temat Islandii we wtorek podczas posiedzenia\u00a0Izby Reprezentant\u00f3w USA. Jak poinformowa\u0142 ameryka\u0144ski serwis informacyjny Politico, &#8222;s\u0142yszeli\u015bmy, \u017ce by\u0142y pose\u0142 Billy Long, kandydat Trumpa na ambasadora na Islandii, \u017cartowa\u0142\u00a0(&#8230;), \u017ce Islandia b\u0119dzie 52. stanem, a on zostanie gubernatorem&#8221;.\u00a0Wcze\u015bniej, 12 stycznia republikanin z Florydy Randy Fine\u00a0z\u0142o\u017cy\u0142 w Kongresie\u00a0projekt ustawy, wed\u0142ug kt\u00f3rej\u00a0Grenlandia zosta\u0142aby 51. stanem Ameryki &#8211; o czym poinformowa\u0142 w serwisie X.<\/p>\n<p> Czym zajmowa\u0142 si\u0119\u00a0Billy Long?<\/p>\n<p class=\"art_paragraph\">W sierpniu ubieg\u0142ego roku\u00a0Billy Long zosta\u0142 odwo\u0142any ze stanowiska\u00a0szefa Urz\u0119du Skarbowego (IRS). Na to stanowisko zosta\u0142 nominowany zaledwie dwa miesi\u0105ce wcze\u015bniej, co wywo\u0142a\u0142o sporo komentarzy, poniewa\u017c nie mia\u0142 wymaganego do\u015bwiadczenia. Nie musia\u0142 jednak d\u0142ugo czeka\u0107 na kolejn\u0105 posad\u0119, poniewa\u017c tego samego dnia, w kt\u00f3rym zosta\u0142 odwo\u0142any, Donald Trump nominowa\u0142 go na ambasadora w Islandii. W listopadzie Departament Stanu stwierdzi\u0142, \u017ce Billy Long jest kompetentny do pe\u0142nienia tej funkcji, a 13 stycznia 2026 roku formalnie nominowano go na\u00a0stanowisko Ambasadora Nadzwyczajnego i Pe\u0142nomocnego Stan\u00f3w Zjednoczonych Ameryki w Republice Islandii.<\/p>\n<p> USA naciskaj\u0105 w sprawie Grenlandii<\/p>\n<p class=\"art_paragraph\">Wypowied\u017a ameryka\u0144skiego <a href=\"https:\/\/wiadomosci.gazeta.pl\/polityka\/0,0.html#anchorLink\" rel=\"nofollow noopener\" target=\"_blank\">polityka<\/a> w sprawie Islandii mo\u017ce budzi\u0107 kontrowersje w kontek\u015bcie stanowiska USA w sprawie Arktyki, a szczeg\u00f3lnie ch\u0119ci przej\u0119cia Grenlandii.\u00a0Donald Trump ca\u0142y czas zaostrza ameryka\u0144sk\u0105 retoryk\u0119\u00a0w sprawie tego arktycznego terytorium zale\u017cnego od Kr\u00f3lestwa Danii. <a href=\"https:\/\/wiadomosci.gazeta.pl\/wiadomosci\/0,114916.html?tag=Bia%B3y+Dom#anchorLink\" rel=\"nofollow noopener\" target=\"_blank\">Bia\u0142y Dom<\/a> chce podj\u0105\u0107 dzia\u0142ania wobec wyspy bez wzgl\u0119du na konsekwencje wobec europejskich sojusznik\u00f3w Waszyngtonu. &#8211; Zamierzamy co\u015b zrobi\u0107 w sprawie Grenlandii, niezale\u017cnie od tego, czy to podoba si\u0119 to Europie, czy nie. Je\u017celi nie zaczniemy dzia\u0142a\u0107, to Rosja lub Chiny przejm\u0105 Grenlandi\u0119, a nie chcemy mie\u0107 Rosji ani <a href=\"https:\/\/wiadomosci.gazeta.pl\/chiny#anchorLink\" rel=\"nofollow noopener\" target=\"_blank\">Chin<\/a> za s\u0105siada\u00a0&#8211; podkre\u015bla\u0142 w rozmowie z dziennikarzami <a href=\"https:\/\/wiadomosci.gazeta.pl\/donald-trump#anchorLink\" rel=\"nofollow noopener\" target=\"_blank\">Trump<\/a>. Z kolei 14 stycznia prezydent USA przekonywa\u0142, \u017ce jego kraj potrzebuje Grenlandii dla utrzymania bezpiecze\u0144stwa narodowego. W\u00a0mediach spo\u0142eczno\u015bciowych przekonywa\u0142, \u017ce USA chc\u0105 zbudowa\u0107 Z\u0142ot\u0105 Kopu\u0142\u0119. To system obrony przed pociskami balistycznymi, hipersonicznymi i manewruj\u0105cymi. Jego zdaniem NATO powinno to <a href=\"https:\/\/wiadomosci.gazeta.pl\/Waszyngton#anchorLink\" rel=\"nofollow noopener\" target=\"_blank\">Waszyngtonowi<\/a> umo\u017cliwi\u0107.\u00a0<\/p>\n<p class=\"art_paragraph\">Wi\u0119cej na temat sytuacji zwi\u0105zanej z Grenlandi\u0105 przeczytasz w artykule: <a href=\"https:\/\/wiadomosci.gazeta.pl\/polityka\/7,198013,32529028,przedstawiciele-grenlandii-w-usa-ostro-odpowiadaja-trumpowi.html\" class=\"art_link\" rel=\"dofollow noopener\" target=\"_blank\">&#8222;Przedstawiciele Grenlandii w USA ostro odpowiadaj\u0105 Trumpowi. 'Dlaczego nas nie spytacie?'&#8221;<\/a>.\n  <\/p>\n<p>\u0179r\u00f3d\u0142a:\u00a0arctictoday.com,\u00a0grapevine.is, politico.com,\u00a0Congressman Randy Fine (X), IAR<\/p>\n","protected":false},"excerpt":{"rendered":"Za\u017cartowa\u0142 ws. przy\u0142\u0105czenia Islandii do USA Przysz\u0142y ambasador USA w Islandii\u00a0Billy Long, by\u0142y kongresmen z\u00a0Missouri wyg\u0142osi\u0142 swoje przem\u00f3wienie&hellip;\n","protected":false},"author":2,"featured_media":206128,"comment_status":"","ping_status":"","sticky":false,"template":"","format":"standard","meta":{"footnotes":""},"categories":[14],"tags":[32,33,27,34,35,28,31,25,40,41,80,29,30,26,82,83,84],"class_list":{"0":"post-206127","1":"post","2":"type-post","3":"status-publish","4":"format-standard","5":"has-post-thumbnail","7":"category-swiat","8":"tag-breaking-news","9":"tag-breakingnews","10":"tag-headlines","11":"tag-latest-news","12":"tag-latestnews","13":"tag-naglowki","14":"tag-najwazniejsze-artykuly","15":"tag-news","16":"tag-polish","17":"tag-polski","18":"tag-swiat","19":"tag-top-stories","20":"tag-topstories","21":"tag-wiadomosci","22":"tag-world","23":"tag-world-news","24":"tag-worldnews"},"share_on_mastodon":{"url":"https:\/\/pubeurope.com\/@pl\/115898422650533437","error":""},"_links":{"self":[{"href":"https:\/\/www.europesays.com\/pl\/wp-json\/wp\/v2\/posts\/206127","targetHints":{"allow":["GET"]}}],"collection":[{"href":"https:\/\/www.europesays.com\/pl\/wp-json\/wp\/v2\/posts"}],"about":[{"href":"https:\/\/www.europesays.com\/pl\/wp-json\/wp\/v2\/types\/post"}],"author":[{"embeddable":true,"href":"https:\/\/www.europesays.com\/pl\/wp-json\/wp\/v2\/users\/2"}],"replies":[{"embeddable":true,"href":"https:\/\/www.europesays.com\/pl\/wp-json\/wp\/v2\/comments?post=206127"}],"version-history":[{"count":0,"href":"https:\/\/www.europesays.com\/pl\/wp-json\/wp\/v2\/posts\/206127\/revisions"}],"wp:featuredmedia":[{"embeddable":true,"href":"https:\/\/www.europesays.com\/pl\/wp-json\/wp\/v2\/media\/206128"}],"wp:attachment":[{"href":"https:\/\/www.europesays.com\/pl\/wp-json\/wp\/v2\/media?parent=206127"}],"wp:term":[{"taxonomy":"category","embeddable":true,"href":"https:\/\/www.europesays.com\/pl\/wp-json\/wp\/v2\/categories?post=206127"},{"taxonomy":"post_tag","embeddable":true,"href":"https:\/\/www.europesays.com\/pl\/wp-json\/wp\/v2\/tags?post=206127"}],"curies":[{"name":"wp","href":"https:\/\/api.w.org\/{rel}","templated":true}]}}