{"id":20625,"date":"2025-09-28T14:21:13","date_gmt":"2025-09-28T14:21:13","guid":{"rendered":"https:\/\/www.europesays.com\/pl\/20625\/"},"modified":"2025-09-28T14:21:13","modified_gmt":"2025-09-28T14:21:13","slug":"pytamy-o-kultowe-seriale-i-programy-telewizyjne-wypadniesz-powyzej-sredniej-wiadomosci","status":"publish","type":"post","link":"https:\/\/www.europesays.com\/pl\/20625\/","title":{"rendered":"Pytamy o kultowe seriale i programy telewizyjne. Wypadniesz powy\u017cej \u015bredniej? &#8211; Wiadomo\u015bci"},"content":{"rendered":"<p>        <a href=\"https:\/\/www.onet.pl\/\" title=\"Onet.pl\" aria-label=\"Onet.pl\" data-astro-prefetch=\"tap\" class=\"ods-a-logo-main\" rel=\"nofollow noopener\" target=\"_blank\"><img src=\"https:\/\/cdn.kultura.onet.pl\/img\/logo_Onet.svg\" class=\"ods-a-logo-main__image\" alt=\"Logo\" width=\"124\" height=\"60\" fetchpriority=\"high\" decoding=\"sync\"\/><\/a><a href=\"https:\/\/kultura.onet.pl\/\" title=\"Strona g\u0142\u00f3wna serwisu\" aria-label=\"Strona g\u0142\u00f3wna serwisu\" class=\"ods-a-logo-brand\" rel=\"nofollow noopener\" target=\"_blank\"><img src=\"https:\/\/cdn.kultura.onet.pl\/img\/logo_service.svg\" class=\"ods-a-logo-brand__image\" alt=\"Logo serwisu\" width=\"120\" height=\"60\" fetchpriority=\"high\" decoding=\"sync\"\/><\/a>            <a class=\"ods-c-breadcrumbs-item\" href=\"https:\/\/kultura.onet.pl\/\" rel=\"nofollow noopener\" target=\"_blank\"><\/a><a class=\"ods-c-breadcrumbs-item\" href=\"https:\/\/kultura.onet.pl\/wiadomosci\" rel=\"nofollow noopener\" target=\"_blank\">Wiadomo\u015bci<\/a>Pytamy o kultowe seriale i programy telewizyjne. Wypadniesz powy\u017cej \u015bredniej?  <\/p>\n<p class=\"ods-a-lead-text\">Kim by\u0142a Monika, przyjaci\u00f3\u0142ka Kulfona, bohatera programu dla dzieci &#8222;Ciuchcia&#8221;? W kt\u00f3rym reality show bra\u0142a udzia\u0142 Doda? Kto wcieli\u0142 si\u0119 w rol\u0119 Hansa Klossa w serialu &#8222;Stawka wi\u0119ksza ni\u017c \u017cycie&#8221;? Je\u015bli znasz odpowiedzi na te pytania, masz ju\u017c trzy punkty w naszym quizie o kultowych programach i serialach telewizyjnych. Sprawd\u017a swoj\u0105 pami\u0119\u0107!<\/p>\n<p>      <img loading=\"lazy\" decoding=\"async\" class=\"ods-a-photo\" src=\"https:\/\/www.europesays.com\/pl\/wp-content\/uploads\/2025\/09\/NLNk9lBaHR0cHM6Ly9vY2RuLmV1L3B1bHNjbXMvTURBXy9hNTRjZGFjNTE3YTBkZWUwNjZhZWFkODhjOGY1ZWViYy5wbmeSlQMAL.jpeg\"   height=\"530\" width=\"940\" alt=\"Pami\u0119tasz kultowe programy i seriale telewizyjne? Wysil pami\u0119\u0107!\" url=\"https:\/\/ocdn.eu\/pulscms\/MDA_\/a54cdac517a0dee066aead88c8f5eebc.png\" description=\"Pami\u0119tasz kultowe programy i seriale telewizyjne? Wysil pami\u0119\u0107!\" author=\"Karol Kania \/ Onet\" source=\"\"\/>   <\/p>\n<p>Karol Kania \/ Onet<\/p>\n<p> Pami\u0119tasz kultowe programy i seriale telewizyjne? Wysil pami\u0119\u0107! <\/p>\n<p>                Rozpocznij quiz              <\/p>\n<p>\nBrakuje jeszcze 15 odpowiedzi\n<\/p>\n<p>\nWype\u0142nij odpowiedzi na wszystkie pytania, \u017ceby zobaczy\u0107 wynik\n<\/p>\n<p>Mog\u0142o by\u0107 lepiej!<\/p>\n<p>Tym razem nie posz\u0142o ci zbyt dobrze. Pora od\u015bwie\u017cy\u0107 pami\u0119\u0107!<\/p>\n<p>Dobrze<\/p>\n<p>Pami\u0119tasz wiele kultowych seriali i program\u00f3w. Jeste\u015b o krok od mistrzostwa!<\/p>\n<p>\u015awietnie ci posz\u0142o!<\/p>\n<p>Twoja pami\u0119\u0107 to absolutny fenomen. Podziel si\u0119 quizem ze znajomymi i sprawd\u017a, czy poradz\u0105 sobie tak dobrze jak ty!<\/p>\n<p>                 Dzi\u0119kujemy, \u017ce przeczyta\u0142a\u015b\/e\u015b nasz artyku\u0142 do ko\u0144ca.  B\u0105d\u017a na bie\u017c\u0105co!  <a class=\"ods-c-follow-us__link\" href=\"https:\/\/news.google.com\/publications\/CAAqKggKIiRDQklTRlFnTWFoRUtEMnQxYkhSMWNtRXViMjVsZEM1d2JDZ0FQAQ?hl=pl&amp;gl=PL&amp;ceid=PL%3Apl\" rel=\"nofollow noopener\" target=\"_blank\">Obserwuj<\/a>  nas w Wiadomo\u015bciach Google.        Materia\u0142 promocyjny <a href=\"\" class=\"ods-c-card__link\" data-lps-url=\"\" data-uuid-ui=\"\" data-astro-prefetch=\"tap\">  <img fetchpriority=\"auto\" loading=\"lazy\" decoding=\"async\" class=\"ods-c-image__img ods-c-card__image ods-c-image__img--placeholder\"\/>     <\/a>                                          <\/p>\n","protected":false},"excerpt":{"rendered":"Wiadomo\u015bciPytamy o kultowe seriale i programy telewizyjne. Wypadniesz powy\u017cej \u015bredniej? Kim by\u0142a Monika, przyjaci\u00f3\u0142ka Kulfona, bohatera programu dla&hellip;\n","protected":false},"author":2,"featured_media":20626,"comment_status":"","ping_status":"","sticky":false,"template":"","format":"standard","meta":{"footnotes":""},"categories":[22],"tags":[122,816,48,46,42,38,40,39,41,5269,123,47,218,224,26],"class_list":{"0":"post-20625","1":"post","2":"type-post","3":"status-publish","4":"format-standard","5":"has-post-thumbnail","7":"category-rozrywka","8":"tag-entertainment","9":"tag-film","10":"tag-nat_styl","11":"tag-omp","12":"tag-pl","13":"tag-poland","14":"tag-polish","15":"tag-polska","16":"tag-polski","17":"tag-quiz","18":"tag-rozrywka","19":"tag-screening_general","20":"tag-seriale","21":"tag-telewizja","22":"tag-wiadomosci"},"share_on_mastodon":{"url":"","error":""},"_links":{"self":[{"href":"https:\/\/www.europesays.com\/pl\/wp-json\/wp\/v2\/posts\/20625","targetHints":{"allow":["GET"]}}],"collection":[{"href":"https:\/\/www.europesays.com\/pl\/wp-json\/wp\/v2\/posts"}],"about":[{"href":"https:\/\/www.europesays.com\/pl\/wp-json\/wp\/v2\/types\/post"}],"author":[{"embeddable":true,"href":"https:\/\/www.europesays.com\/pl\/wp-json\/wp\/v2\/users\/2"}],"replies":[{"embeddable":true,"href":"https:\/\/www.europesays.com\/pl\/wp-json\/wp\/v2\/comments?post=20625"}],"version-history":[{"count":0,"href":"https:\/\/www.europesays.com\/pl\/wp-json\/wp\/v2\/posts\/20625\/revisions"}],"wp:featuredmedia":[{"embeddable":true,"href":"https:\/\/www.europesays.com\/pl\/wp-json\/wp\/v2\/media\/20626"}],"wp:attachment":[{"href":"https:\/\/www.europesays.com\/pl\/wp-json\/wp\/v2\/media?parent=20625"}],"wp:term":[{"taxonomy":"category","embeddable":true,"href":"https:\/\/www.europesays.com\/pl\/wp-json\/wp\/v2\/categories?post=20625"},{"taxonomy":"post_tag","embeddable":true,"href":"https:\/\/www.europesays.com\/pl\/wp-json\/wp\/v2\/tags?post=20625"}],"curies":[{"name":"wp","href":"https:\/\/api.w.org\/{rel}","templated":true}]}}