{"id":206250,"date":"2026-01-15T10:43:15","date_gmt":"2026-01-15T10:43:15","guid":{"rendered":"https:\/\/www.europesays.com\/pl\/206250\/"},"modified":"2026-01-15T10:43:15","modified_gmt":"2026-01-15T10:43:15","slug":"chinskie-okrety-u-wybrzezy-grenlandii-dania-to-nieprawda","status":"publish","type":"post","link":"https:\/\/www.europesays.com\/pl\/206250\/","title":{"rendered":"Chi\u0144skie okr\u0119ty u wybrze\u017cy Grenlandii? Dania: to nieprawda"},"content":{"rendered":"\n<p>W\u00a0\u015brod\u0119 Waszyngtonie zako\u0144czy\u0142y si\u0119 rozmowy dotycz\u0105ce ameryka\u0144skich zapowiedzi dotycz\u0105cych przej\u0119cia kontroli nad Grenlandi\u0105, kt\u00f3ra obecnie jest autonomicznym terytorium zale\u017cnym Danii. Wzi\u0119li w\u00a0nich udzia\u0142: sekretarz stanu USA Marco Rubio, wiceprezydent J.D. Vance, szef du\u0144skiego MSZ Lars Lokke Rasmussen oraz szefowa grenlandzkiej dyplomacji Vivian Motzfeldt. Rasmussen na konferencji prasowej w\u00a0\u015brod\u0119 wieczorem polskiego czasu przyzna\u0142, \u017ce wykorzysta\u0142 t\u0119 okazj\u0119 do tego, by zmierzy\u0107 si\u0119 z\u00a0narracj\u0105, kt\u00f3ra p\u0142ynie z\u00a0USA.<\/p>\n<p>&#8211; Nie jest prawd\u0105, \u017ce chi\u0144skie okr\u0119ty wojenne otaczaj\u0105 Grenlandi\u0119. Wed\u0142ug naszych s\u0142u\u017cb, obecno\u015bci chi\u0144skiego okr\u0119tu u\u00a0wybrze\u017cy Grenlandii nie odnotowano od dekady. Zatem z\u00a0tej perspektywy mieli\u015bmy bardzo konstruktywne spotkanie &#8211;\u00a0stwierdzi\u0142 du\u0144ski minister.<\/p>\n<p>Zatrudnia 10\u00a0tys. os\u00f3b. M\u00f3wi, jak rozwi\u0105za\u0107 problem um\u00f3w <\/p>\n<p>  <img role=\"presentation\" class=\"absolute left-1\/2 top-1\/2 max-h-[80%] max-w-[100px] -translate-x-1\/2 -translate-y-1\/2\" src=\"https:\/\/v.wpimg.pl\/ZXJfd3AudTkrBBIAbg54LGhcRlAxHQUrPgJGH2MAeGJoSQ1eIBI_K2UHAEVuBTY5KQMMXC0RPyoVERQdMgM9ejc\" loading=\"lazy\" decoding=\"async\"\/> <\/p>\n<p>&#8211; Jego tematem by\u0142o bezpiecze\u0144stwo (Grenlandii &#8211;\u00a0red.). Nie ma w\u00a0tej chwili bezpo\u015bredniego zagro\u017cenia ze strony Rosji czy <a href=\"https:\/\/www.money.pl\/wiadomosci\/chiny.html\" rel=\"noopener noreferrer nofollow\" target=\"_blank\">Chin<\/a>. Unikali\u015bmy chi\u0144skich inwestycji np. w\u00a0infrastruktur\u0119 na Grenlandii, a\u00a0by\u0142o to mo\u017cliwe dzi\u0119ki bliskiej wsp\u00f3\u0142pracy Danii. Na Grenlandii nie ma chi\u0144skiej obecno\u015bci. Jest obawa (ze strony Amerykan\u00f3w &#8211;\u00a0red.), czy nie zmieni si\u0119 to za 10 czy 20 lat. Tak si\u0119 nie stanie, zadbali o\u00a0to nasi grenlandzcy przyjaciele, a\u00a0Dania jest po w\u0142a\u015bciwej stronie historii &#8211;\u00a0o\u015bwiadczy\u0142 Rasmussen.<\/p>\n<p> <a href=\"https:\/\/www.money.pl\/gospodarka\/ile-kosztuje-grenlandia-amerykanie-wycenili-wyspe-7243399348058208a.html\" class=\"teaser-inline\" rel=\"nofollow noopener\" target=\"_blank\">  <img decoding=\"async\" src=\"https:\/\/www.europesays.com\/pl\/wp-content\/uploads\/2026\/01\/ZjFjNjY3dQsnCDhZdkh4HmRQbAMwEXZIM0h0SHYCaFJ2EmEMMF8_GCMaIUQ-QS8aJx0-RClfdQs2A2EcaBw-AzUaIgsgHD8HJA8q.jpeg\" width=\"0\" height=\"0\" loading=\"lazy\" class=\"wp-media-image cropped\" alt=\"Ile kosztuje Grenlandia? Amerykanie wycenili wysp\u0119\"\/><\/p>\n<p>Ile kosztuje Grenlandia? Amerykanie wycenili wysp\u0119<\/p>\n<p><\/a> <\/p>\n<p>Polityk przyzna\u0142, \u017ce temat Grenlandii, wywo\u0142any przez prezydenta <a href=\"https:\/\/www.money.pl\/wiadomosci\/donald-trump.html\" rel=\"noopener noreferrer nofollow\" target=\"_blank\">Donalda Trumpa<\/a> ju\u017c na pocz\u0105tku jego drugiej kadencji w\u00a0Bia\u0142ym Domu, wywo\u0142uje wielkie emocje na wyspie i\u00a0w\u00a0samej Danii. &#8211;\u00a0Postrzegamy siebie jako najbli\u017cszych sojusznik\u00f3w Stan\u00f3w Zjednoczonych. Rozmawia\u0142em o\u00a0tym wcze\u015bniej z\u00a0prezydentem (Trumpem &#8211;\u00a0red.). Nie jest \u0142atwo my\u015ble\u0107 nad rozwi\u0105zaniami, gdy ka\u017cdego dnia budzimy si\u0119 i\u00a0s\u0142yszymy r\u00f3\u017cne gro\u017aby &#8211;\u00a0przyzna\u0142 Rasmussen.<\/p>\n<p> <img role=\"presentation\" class=\"absolute left-1\/2 top-1\/2 max-h-[80%] max-w-[100px] -translate-x-1\/2 -translate-y-1\/2\" src=\"https:\/\/v.wpimg.pl\/ZXJfd3AudTkrBBIAbg54LGhcRlAxHQUrPgJGH2MAeGJoSQ1eIBI_K2UHAEVuBTY5KQMMXC0RPyoVERQdMgM9ejc\" loading=\"lazy\" decoding=\"async\"\/> <\/p>\n<p>&#8211; Nie odnie\u015bli\u015bmy takiego sukcesu, \u017ce nasz ameryka\u0144ski kolega powiedzia\u0142: &#8222;Przepraszam, to by\u0142o ca\u0142kowite nieporozumienie, zrezygnowali\u015bmy z\u00a0naszych ambicji&#8221;. Wyra\u017anie istnieje r\u00f3\u017cnica zda\u0144 &#8211;\u00a0powiedzia\u0142 Rasmussen dziennikarzom w\u00a0du\u0144skiej ambasadzie w\u00a0Waszyngtonie. &#8211;\u00a0Zgodzili\u015bmy si\u0119 jednak, \u017ce warto spr\u00f3bowa\u0107 usi\u0105\u015b\u0107 na wysokim szczeblu i\u00a0zbada\u0107, czy istniej\u0105 mo\u017cliwo\u015bci uwzgl\u0119dnienia obaw prezydenta, jednocze\u015bnie szanuj\u0105c czerwone linie Kr\u00f3lestwa Danii. Czy to b\u0119dzie mo\u017cliwe, tego nie wiem &#8211;\u00a0doda\u0142.<\/p>\n<p> <a href=\"https:\/\/www.money.pl\/gospodarka\/europa-omawia-zwiekszenie-swojej-obecnosci-wojskowej-na-grenlandii-7242536578362336a.html\" class=\"teaser-inline\" rel=\"nofollow noopener\" target=\"_blank\">  <img decoding=\"async\" src=\"https:\/\/www.europesays.com\/pl\/wp-content\/uploads\/2026\/01\/ZmE4ZDhldQwkVix3Rxd4GWcOeC0BTnZPMBZgZkddaFV1THUiAQA_HyBENWoPHi8dJEMqahgAdQw1XXUyWUM-BDZENiURQz8AJ1E-.jpeg\" width=\"0\" height=\"0\" loading=\"lazy\" class=\"wp-media-image cropped\" alt=\"Wielka mobilizacja w sprawie Grenlandii? Niemcy maj\u0105 plan. Na stole zwi\u0119kszenie obecno\u015bci wojskowej\"\/><\/p>\n<p>Wielka mobilizacja w sprawie Grenlandii? Niemcy maj\u0105 plan. Na stole zwi\u0119kszenie obecno\u015bci wojskowej<\/p>\n<p><\/a><\/p>\n<p>Trump: zrobimy co\u015b z\u00a0Grenlandi\u0105 <\/p>\n<p>&#8211; Zrobimy co\u015b z\u00a0Grenlandi\u0105 niezale\u017cnie od tego, czy tego chc\u0105, czy nie. Poniewa\u017c je\u015bli my tego nie zrobimy, Rosja albo Chiny przejm\u0105 kontrol\u0119 nad Grenlandi\u0105. A\u00a0nie chcemy mie\u0107 Rosji ani Chin jako s\u0105siad\u00f3w. Chcia\u0142bym dogada\u0107 si\u0119 po dobroci, ale je\u015bli to si\u0119 nie uda, zrobimy to ostrzej &#8211;\u00a0m\u00f3wi\u0142 w\u00a0ubieg\u0142y pi\u0105tek Trump.<\/p>\n<p> <img role=\"presentation\" class=\"absolute left-1\/2 top-1\/2 max-h-[80%] max-w-[100px] -translate-x-1\/2 -translate-y-1\/2\" src=\"https:\/\/v.wpimg.pl\/ZXJfd3AudTkrBBIAbg54LGhcRlAxHQUrPgJGH2MAeGJoSQ1eIBI_K2UHAEVuBTY5KQMMXC0RPyoVERQdMgM9ejc\" loading=\"lazy\" decoding=\"async\"\/> <\/p>\n<p>&#8211; Potrzebujemy tego, poniewa\u017c je\u015bli spojrzy si\u0119 teraz poza Grenlandi\u0119, wida\u0107 tam rosyjskie niszczyciele, chi\u0144skie niszczyciele, a\u00a0co wi\u0119cej, rosyjskie okr\u0119ty podwodne. Nie pozwolimy Rosji ani Chinom zaj\u0105\u0107 Grenlandii, a\u00a0w\u0142a\u015bnie to zrobi\u0105, je\u015bli nie podejmiemy odpowiednich dzia\u0142a\u0144 &#8211;\u00a0stwierdzi\u0142 ameryka\u0144ski prezydent.<\/p>\n<p>\u017ar\u00f3d\u0142o: konferencja prasowa, CNN<\/p>\n<p> <a href=\"https:\/\/www.money.pl\/gospodarka\/trump-odpowiada-premierowi-grenlandii-to-jego-problem-7243228215683072a.html\" class=\"teaser-inline\" rel=\"nofollow noopener\" target=\"_blank\">  <img decoding=\"async\" src=\"https:\/\/www.europesays.com\/pl\/wp-content\/uploads\/2026\/01\/M2YzNTFmYlM4GDhnaRZvRntAbD0vT2EQLFh0dmlcfwppAmEyLwEoQDwKIXohHzhCOA0-ejYBYlMpE2Eid0IpWyoKIjU_QihfOx8q.jpeg\" width=\"0\" height=\"0\" loading=\"lazy\" class=\"wp-media-image cropped\" alt=\"Trump odpowiada premierowi Grenlandii. &quot;To jego problem&quot;\"\/><\/p>\n<p>Trump odpowiada premierowi Grenlandii. &#8222;To jego problem&#8221;<\/p>\n<p><\/a><\/p>\n","protected":false},"excerpt":{"rendered":"W\u00a0\u015brod\u0119 Waszyngtonie zako\u0144czy\u0142y si\u0119 rozmowy dotycz\u0105ce ameryka\u0144skich zapowiedzi dotycz\u0105cych przej\u0119cia kontroli nad Grenlandi\u0105, kt\u00f3ra obecnie jest autonomicznym terytorium&hellip;\n","protected":false},"author":2,"featured_media":206251,"comment_status":"","ping_status":"","sticky":false,"template":"","format":"standard","meta":{"footnotes":""},"categories":[5],"tags":[32,33,36,37,27,34,35,28,31,25,42,38,40,39,41,29,30,26],"class_list":{"0":"post-206250","1":"post","2":"type-post","3":"status-publish","4":"format-standard","5":"has-post-thumbnail","7":"category-naglowki","8":"tag-breaking-news","9":"tag-breakingnews","10":"tag-featured-news","11":"tag-featurednews","12":"tag-headlines","13":"tag-latest-news","14":"tag-latestnews","15":"tag-naglowki","16":"tag-najwazniejsze-artykuly","17":"tag-news","18":"tag-pl","19":"tag-poland","20":"tag-polish","21":"tag-polska","22":"tag-polski","23":"tag-top-stories","24":"tag-topstories","25":"tag-wiadomosci"},"share_on_mastodon":{"url":"https:\/\/pubeurope.com\/@pl\/115898705904218350","error":""},"_links":{"self":[{"href":"https:\/\/www.europesays.com\/pl\/wp-json\/wp\/v2\/posts\/206250","targetHints":{"allow":["GET"]}}],"collection":[{"href":"https:\/\/www.europesays.com\/pl\/wp-json\/wp\/v2\/posts"}],"about":[{"href":"https:\/\/www.europesays.com\/pl\/wp-json\/wp\/v2\/types\/post"}],"author":[{"embeddable":true,"href":"https:\/\/www.europesays.com\/pl\/wp-json\/wp\/v2\/users\/2"}],"replies":[{"embeddable":true,"href":"https:\/\/www.europesays.com\/pl\/wp-json\/wp\/v2\/comments?post=206250"}],"version-history":[{"count":0,"href":"https:\/\/www.europesays.com\/pl\/wp-json\/wp\/v2\/posts\/206250\/revisions"}],"wp:featuredmedia":[{"embeddable":true,"href":"https:\/\/www.europesays.com\/pl\/wp-json\/wp\/v2\/media\/206251"}],"wp:attachment":[{"href":"https:\/\/www.europesays.com\/pl\/wp-json\/wp\/v2\/media?parent=206250"}],"wp:term":[{"taxonomy":"category","embeddable":true,"href":"https:\/\/www.europesays.com\/pl\/wp-json\/wp\/v2\/categories?post=206250"},{"taxonomy":"post_tag","embeddable":true,"href":"https:\/\/www.europesays.com\/pl\/wp-json\/wp\/v2\/tags?post=206250"}],"curies":[{"name":"wp","href":"https:\/\/api.w.org\/{rel}","templated":true}]}}