{"id":206283,"date":"2026-01-15T11:03:08","date_gmt":"2026-01-15T11:03:08","guid":{"rendered":"https:\/\/www.europesays.com\/pl\/206283\/"},"modified":"2026-01-15T11:03:08","modified_gmt":"2026-01-15T11:03:08","slug":"podhale-tragiczne-odkrycie-w-domu-znaleziono-ciala-matki-i-syna","status":"publish","type":"post","link":"https:\/\/www.europesays.com\/pl\/206283\/","title":{"rendered":"Podhale. Tragiczne odkrycie w domu, znaleziono cia\u0142a matki i syna"},"content":{"rendered":"<p class=\"article-p\" data-section=\"detail-body\">Wed\u0142ug reportera stacji cz\u0142onk\u00f3w rodziny zaniepokoi\u0142a d\u0142u\u017csza nieobecno\u015b\u0107 matki i syna oraz brak kontaktu z nimi. Postanowili oni sprawdzi\u0107, co dzieje si\u0119 z bliskimi. Po wej\u015bciu do domu okaza\u0142o si\u0119, \u017ce znajduj\u0105 si\u0119 w nim zw\u0142oki 81-latki i jej 52-letniego syna.<\/p>\n<p class=\"article-p\" data-section=\"detail-body\">Czytaj te\u017c: <a href=\"https:\/\/www.fakt.pl\/wydarzenia\/polska\/slask\/wyniki-sekcji-starszej-pani-z-borowej-znaleziono-ja-100-m-od-domu-grozy\/yhh72mt\" id=\"0262ea3e-d8fc-40aa-9d56-bad69875e94c\" rel=\"nofollow noopener\" target=\"_blank\">Tragedia w cieniu &#8222;domu grozy&#8221; w Borowej. Sekcja zw\u0142ok wyja\u015bni\u0142a przyczyn\u0119 \u015bmierci starszej pani<\/a><\/p>\n<p class=\"article-p\" data-section=\"detail-body\">Jak czytamy w &#8222;Gazecie Krakowskiej&#8221;, zg\u0142oszenie na policj\u0119 o odnalezionych cia\u0142ach wp\u0142yn\u0119\u0142o tu\u017c przed godz. 21 w \u015brod\u0119 14 stycznia. Przez wiele godzin na miejscu dzia\u0142a\u0142a grupa dochodzeniowo-\u015bledcza.<\/p>\n<p>        Ba\u0144ska Ni\u017cna. Makabryczne odkrycie w domu, nie \u017cyj\u0105 matka i syn<\/p>\n<p class=\"article-p\" data-section=\"detail-body\">Nie wiadomo, jak dosz\u0142o do tego tragicznego zdarzenia, ale policja wst\u0119pnie przekaza\u0142a, \u017ce wykluczono udzia\u0142 os\u00f3b trzecich. Zlecono tak\u017ce sekcj\u0119 zw\u0142ok. Prowadzone jest \u015bledztwo pod nadzorem prokuratora.<\/p>\n<p class=\"article-p\" data-section=\"detail-body\">\u0179r\u00f3d\u0142o: RMF FM, &#8222;Gazeta Krakowska&#8221;<\/p>\n<p class=\"article-p\" data-section=\"detail-body\"><a href=\"https:\/\/www.fakt.pl\/wydarzenia\/swiat\/koszmar-w-madrycie-matka-wypadla-z-10-pietra-z-dziecmi-w-ramionach\/1pz64tf\" id=\"511c3ea4-e908-47d6-beeb-a64a2b587354\" rel=\"nofollow noopener\" target=\"_blank\">Skoczy\u0142a z 10. pi\u0119tra z malutkimi dzie\u0107mi w ramionach. &#8222;Dzie\u0144 wcze\u015bniej obchodzi\u0142y urodziny&#8221;<\/a><\/p>\n<p>        \/2<\/p>\n<p>                    <img decoding=\"async\" class=\"article-image-img\" loading=\"lazy\" alt=\"\" src=\"https:\/\/www.europesays.com\/pl\/wp-content\/uploads\/2026\/01\/oCBk9kuTURBXy9lMjRhYjEyYy1iNGNkLTQ0YzQtYjU5YS0wMjkzZWRhNTJhNmUuanBlZ5GTAs0DSM0B2N4AAqEwAaExAQ.jpeg\" width=\"840\" height=\"472\"\/><\/p>\n<p>                  Stanis\u0142aw Bielski\/Newspix.pl; \/ google maps<\/p>\n<p class=\"article-gallery-p\">\n        Ba\u0144ska Ni\u017cna. Znaleziono cia\u0142a matki i syna.\n    <\/p>\n<p>        \/2<\/p>\n<p>                    <img decoding=\"async\" class=\"article-image-img\" loading=\"lazy\" alt=\"\" src=\"https:\/\/www.europesays.com\/pl\/wp-content\/uploads\/2026\/01\/KNVk9kuTURBXy9mY2JhNzkyOC1lMTBmLTRlMmQtYmQ5Ni1kMjE0ZjNmMGYzZWEuanBlZ5GTAs0DSM0CL94AAqEwAaExAQ.jpeg\" width=\"840\" height=\"559\"\/><\/p>\n<p>                  Stanislaw Krzywy \/ newspix.pl<\/p>\n<p class=\"article-gallery-p\">\n        S\u0142u\u017cby wst\u0119pnie wykluczy\u0142y udzia\u0142 os\u00f3b trzecich.\n    <\/p>\n","protected":false},"excerpt":{"rendered":"Wed\u0142ug reportera stacji cz\u0142onk\u00f3w rodziny zaniepokoi\u0142a d\u0142u\u017csza nieobecno\u015b\u0107 matki i syna oraz brak kontaktu z nimi. Postanowili oni&hellip;\n","protected":false},"author":2,"featured_media":206284,"comment_status":"","ping_status":"","sticky":false,"template":"","format":"standard","meta":{"footnotes":""},"categories":[12],"tags":[32,33,36,37,27,34,35,28,31,25,42,38,40,39,41,29,30,26],"class_list":{"0":"post-206283","1":"post","2":"type-post","3":"status-publish","4":"format-standard","5":"has-post-thumbnail","7":"category-polska","8":"tag-breaking-news","9":"tag-breakingnews","10":"tag-featured-news","11":"tag-featurednews","12":"tag-headlines","13":"tag-latest-news","14":"tag-latestnews","15":"tag-naglowki","16":"tag-najwazniejsze-artykuly","17":"tag-news","18":"tag-pl","19":"tag-poland","20":"tag-polish","21":"tag-polska","22":"tag-polski","23":"tag-top-stories","24":"tag-topstories","25":"tag-wiadomosci"},"share_on_mastodon":{"url":"https:\/\/pubeurope.com\/@pl\/115898784548796627","error":""},"_links":{"self":[{"href":"https:\/\/www.europesays.com\/pl\/wp-json\/wp\/v2\/posts\/206283","targetHints":{"allow":["GET"]}}],"collection":[{"href":"https:\/\/www.europesays.com\/pl\/wp-json\/wp\/v2\/posts"}],"about":[{"href":"https:\/\/www.europesays.com\/pl\/wp-json\/wp\/v2\/types\/post"}],"author":[{"embeddable":true,"href":"https:\/\/www.europesays.com\/pl\/wp-json\/wp\/v2\/users\/2"}],"replies":[{"embeddable":true,"href":"https:\/\/www.europesays.com\/pl\/wp-json\/wp\/v2\/comments?post=206283"}],"version-history":[{"count":0,"href":"https:\/\/www.europesays.com\/pl\/wp-json\/wp\/v2\/posts\/206283\/revisions"}],"wp:featuredmedia":[{"embeddable":true,"href":"https:\/\/www.europesays.com\/pl\/wp-json\/wp\/v2\/media\/206284"}],"wp:attachment":[{"href":"https:\/\/www.europesays.com\/pl\/wp-json\/wp\/v2\/media?parent=206283"}],"wp:term":[{"taxonomy":"category","embeddable":true,"href":"https:\/\/www.europesays.com\/pl\/wp-json\/wp\/v2\/categories?post=206283"},{"taxonomy":"post_tag","embeddable":true,"href":"https:\/\/www.europesays.com\/pl\/wp-json\/wp\/v2\/tags?post=206283"}],"curies":[{"name":"wp","href":"https:\/\/api.w.org\/{rel}","templated":true}]}}