{"id":206298,"date":"2026-01-15T11:11:08","date_gmt":"2026-01-15T11:11:08","guid":{"rendered":"https:\/\/www.europesays.com\/pl\/206298\/"},"modified":"2026-01-15T11:11:08","modified_gmt":"2026-01-15T11:11:08","slug":"trump-uderza-w-zelenskiego-absurdalne-slowa-putin-jest-gotowy","status":"publish","type":"post","link":"https:\/\/www.europesays.com\/pl\/206298\/","title":{"rendered":"Trump uderza w Ze\u0142enskiego. Absurdalne s\u0142owa. 'Putin jest gotowy&#8217;"},"content":{"rendered":"<p> Trump: Putin got\u00f3w na uk\u0142ad pokojowy, Ze\u0142enski mniej<\/p>\n<p class=\"art_paragraph\">Donald <a href=\"https:\/\/wiadomosci.gazeta.pl\/donald-trump#anchorLink\" rel=\"nofollow noopener\" target=\"_blank\">Trump<\/a> powiedzia\u0142 w wywiadzie dla agencji Reutera, \u017ce <a href=\"https:\/\/wiadomosci.gazeta.pl\/wladimir-putin#anchorLink\" rel=\"nofollow noopener\" target=\"_blank\">W\u0142adimir Putin<\/a> &#8222;jest gotowy do zawarcia uk\u0142adu&#8221;. &#8211;\u00a0My\u015bl\u0119, \u017ce Ukraina jest mniej gotowa &#8211; oceni\u0142\u00a0prezydent USA. Dopytywany o przeszkod\u0119 stoj\u0105c\u0105 na drodze do osi\u0105gni\u0119cia pokoju, stwierdzi\u0142: &#8222;Ze\u0142enski&#8221;. Jak podkre\u015bli\u0142, ameryka\u0144ska administracja musi &#8222;sk\u0142oni\u0107 prezydenta Ukrainy, \u017ceby si\u0119 zgodzi\u0142&#8221;. Zdaniem Trumpa\u00a0W\u0142adimir Putin jest got\u00f3w zako\u0144czy\u0107 swoj\u0105 prawie czteroletni\u0105 inwazj\u0119 na Ukrain\u0119, a Wo\u0142odymyr Ze\u0142enski ma by\u0107 &#8222;bardziej pow\u015bci\u0105gliwy&#8221; w tej kwestii.\u00a0Wed\u0142ug dziennikarzy agencji komentarze Trumpa sugeruj\u0105 ponownie rosn\u0105c\u0105 frustracj\u0119 w stosunku do ukrai\u0144skiego przyw\u00f3dcy.\u00a0<\/p>\n<p>\n    Zobacz wideo Republikanie w rozsypce. Putin, Epstein, Mamdani\n  <\/p>\n<p> Wizyta\u00a0wys\u0142annik\u00f3w Bia\u0142ego Domu w Moskwie<\/p>\n<p class=\"art_paragraph\">Kreml nie zareagowa\u0142 na \u015brodowe\u00a0doniesienia w sprawie potencjalnej wizyty wys\u0142annik\u00f3w Bia\u0142ego Domu w Moskwie. Informacj\u0119 tak\u0105 przekaza\u0142a agencja Bloomberg, podaj\u0105c, \u017ce Steve Witkoff i Jared Kushner maj\u0105 w styczniu przylecie\u0107 do Rosji.\u00a0Wed\u0142ug Bloomberga, celem wizyty przedstawicieli <a href=\"https:\/\/wiadomosci.gazeta.pl\/Waszyngton#anchorLink\" rel=\"nofollow noopener\" target=\"_blank\">Waszyngtonu<\/a> ma by\u0107 przekazanie W\u0142adimirowi Putinowi projektu planu pokojowego. Dokument w ostatnich tygodniach by\u0142 konsultowany i poprawiany przez Stany Zjednoczone, Ukrain\u0119 i pa\u0144stwa europejskie. Doniesie\u0144 w tej sprawie nie skomentowali rosyjscy urz\u0119dnicy. Nie odnie\u015bli si\u0119 do niej ani Putin, ani jego rzecznik Dmitrij Pieskow. Jak poinformowa\u0142y rosyjskie media pa\u0144stwowe, powo\u0142uj\u0105c si\u0119 na agencj\u0119 Reutera, Donald Trump nic nie wie o wyje\u017adzie Witkoffa i Kushnera do Moskwy. Rosyjskie media jednocze\u015bnie zacytowa\u0142y wypowied\u017a ameryka\u0144skiego prezydenta, w kt\u00f3rej ten uwa\u017ca, \u017ce to Putin jest got\u00f3w do zawarcia porozumienia pokojowego, a nie Ze\u0142enski.<\/p>\n<p class=\"art_paragraph\">Przeczytaj tak\u017ce <a href=\"https:\/\/wiadomosci.gazeta.pl\/wiadomosci\/0,0.html#anchorLink\" rel=\"nofollow noopener\" target=\"_blank\">najnowszy<\/a> raport Ma\u0107ka Kucharczyka: <a href=\"https:\/\/wiadomosci.gazeta.pl\/swiat\/7,198077,32527783,trwa-dluzej-niz-wojna-ojczyzniana-rosjanie-traca-ludzi-a-oszczedzaja.html\" class=\"art_link\" rel=\"dofollow noopener\" target=\"_blank\">&#8222;Trwa d\u0142u\u017cej ni\u017c wielka wojna ojczy\u017aniana. Rosjanie trac\u0105 ludzi, a chroni\u0105 sprz\u0119t. Podsumowanie 2025 na froncie&#8221;<\/a>.\n  <\/p>\n<p>\u0179r\u00f3d\u0142a:Reuters, IAR<\/p>\n","protected":false},"excerpt":{"rendered":"Trump: Putin got\u00f3w na uk\u0142ad pokojowy, Ze\u0142enski mniej Donald Trump powiedzia\u0142 w wywiadzie dla agencji Reutera, \u017ce W\u0142adimir&hellip;\n","protected":false},"author":2,"featured_media":206299,"comment_status":"","ping_status":"","sticky":false,"template":"","format":"standard","meta":{"footnotes":""},"categories":[5],"tags":[32,33,36,37,27,34,35,28,31,25,42,38,40,39,41,29,30,26],"class_list":{"0":"post-206298","1":"post","2":"type-post","3":"status-publish","4":"format-standard","5":"has-post-thumbnail","7":"category-naglowki","8":"tag-breaking-news","9":"tag-breakingnews","10":"tag-featured-news","11":"tag-featurednews","12":"tag-headlines","13":"tag-latest-news","14":"tag-latestnews","15":"tag-naglowki","16":"tag-najwazniejsze-artykuly","17":"tag-news","18":"tag-pl","19":"tag-poland","20":"tag-polish","21":"tag-polska","22":"tag-polski","23":"tag-top-stories","24":"tag-topstories","25":"tag-wiadomosci"},"share_on_mastodon":{"url":"https:\/\/pubeurope.com\/@pl\/115898815892461262","error":""},"_links":{"self":[{"href":"https:\/\/www.europesays.com\/pl\/wp-json\/wp\/v2\/posts\/206298","targetHints":{"allow":["GET"]}}],"collection":[{"href":"https:\/\/www.europesays.com\/pl\/wp-json\/wp\/v2\/posts"}],"about":[{"href":"https:\/\/www.europesays.com\/pl\/wp-json\/wp\/v2\/types\/post"}],"author":[{"embeddable":true,"href":"https:\/\/www.europesays.com\/pl\/wp-json\/wp\/v2\/users\/2"}],"replies":[{"embeddable":true,"href":"https:\/\/www.europesays.com\/pl\/wp-json\/wp\/v2\/comments?post=206298"}],"version-history":[{"count":0,"href":"https:\/\/www.europesays.com\/pl\/wp-json\/wp\/v2\/posts\/206298\/revisions"}],"wp:featuredmedia":[{"embeddable":true,"href":"https:\/\/www.europesays.com\/pl\/wp-json\/wp\/v2\/media\/206299"}],"wp:attachment":[{"href":"https:\/\/www.europesays.com\/pl\/wp-json\/wp\/v2\/media?parent=206298"}],"wp:term":[{"taxonomy":"category","embeddable":true,"href":"https:\/\/www.europesays.com\/pl\/wp-json\/wp\/v2\/categories?post=206298"},{"taxonomy":"post_tag","embeddable":true,"href":"https:\/\/www.europesays.com\/pl\/wp-json\/wp\/v2\/tags?post=206298"}],"curies":[{"name":"wp","href":"https:\/\/api.w.org\/{rel}","templated":true}]}}