{"id":206310,"date":"2026-01-15T11:17:10","date_gmt":"2026-01-15T11:17:10","guid":{"rendered":"https:\/\/www.europesays.com\/pl\/206310\/"},"modified":"2026-01-15T11:17:10","modified_gmt":"2026-01-15T11:17:10","slug":"warminsko-mazurskie-cztery-szkoly-zawiesily-zajecia-przyczyna-pogoda","status":"publish","type":"post","link":"https:\/\/www.europesays.com\/pl\/206310\/","title":{"rendered":"Warmi\u0144sko-mazurskie. Cztery szko\u0142y zawiesi\u0142y zaj\u0119cia. Przyczyn\u0105 pogoda"},"content":{"rendered":"<p>W skr\u00f3cie<\/p>\n<ul class=\"typography ids-typeset-text ids-typeset-text--preset-large list ids-list ids-list--unordered ids-list--size-large \" datatype=\"disc\">\n<li class=\"ids-list-item\">\n<p>Cztery szko\u0142y w wojew\u00f3dztwie warmi\u0144sko-mazurskim zawiesi\u0142y zaj\u0119cia z powodu trudnych warunk\u00f3w drogowych po ataku zimy.<\/p>\n<\/li>\n<li class=\"ids-list-item\">\n<p>W kilku plac\u00f3wkach w regionie prowadzona jest nauka zdalna lub hybrydowa z powodu problem\u00f3w z ogrzaniem pomieszcze\u0144 lub trudno\u015bciami w dowo\u017ceniu uczni\u00f3w.<\/p>\n<\/li>\n<li class=\"ids-list-item\">\n<p>IMGW wyda\u0142 ostrze\u017cenia meteorologiczne o marzn\u0105cych opadach i g\u0119stej mgle obowi\u0105zuj\u0105ce w r\u00f3\u017cnych regionach kraju.<\/p>\n<\/li>\n<li class=\"ids-list-item\"><\/li>\n<\/ul>\n<p class=\"typography ids-typeset-body ids-typeset-body--preset-large link paragraph ids-paragraph ids-paragraph--default\">Kurator o\u015bwiaty w <a href=\"https:\/\/wydarzenia.interia.pl\/tematy-olsztyn,gsbi,4124\" rel=\"nofollow noopener\" target=\"_blank\">Olsztynie<\/a> Jolanta Skrzypczy\u0144ska powiedzia\u0142a, \u017ce zaj\u0119cia zosta\u0142y zawieszone w czwartek\u00a0w szko\u0142ach podstawowych w Suszu, Babi\u0119tach Wielkich i Jawtach Wielkich, w zwi\u0105zku z go\u0142oledzi\u0105 po \u015brodowym ataku zimy w regionie.<\/p>\n<p class=\"typography ids-typeset-body ids-typeset-body--preset-large link paragraph ids-paragraph ids-paragraph--default\">Ze wzgl\u0119du na bardzo trudne warunki panuj\u0105ce na drogach i chodnikach zaj\u0119cia zawieszono na jeden dzie\u0144 r\u00f3wnie\u017c w Zespole Szk\u00f3\u0142 Zawodowych i Og\u00f3lnokszta\u0142c\u0105cych w Mor\u0105gu. Dyrekcja plac\u00f3wki poinformowa\u0142a w komunikacie, \u017ce tak\u0105 decyzj\u0119 podj\u0119to w trosce o bezpiecze\u0144stwo uczni\u00f3w.<\/p>\n<p>Warmi\u0144sko-mazurskie. Zamkni\u0119to kilka szk\u00f3\u0142, trwaj\u0105 zaj\u0119cia zdalne<\/p>\n<p class=\"typography ids-typeset-body ids-typeset-body--preset-large link paragraph ids-paragraph ids-paragraph--default\">Jak przypomnia\u0142a kurator, kilka innych szk\u00f3\u0142 na Warmii i Mazurach ju\u017c w poprzednich dniach wprowadzi\u0142o do ko\u0144ca tygodnia nauk\u0119 zdaln\u0105 lub hybrydow\u0105. Skrzypczy\u0144ska przekaza\u0142a, \u017ce z powodu problem\u00f3w z ogrzaniem pomieszcze\u0144 zdalnie ucz\u0105 si\u0119 liceali\u015bci z LO 5. w Olsztynie, a w czterech szko\u0142ach podstawowych w gminie Koz\u0142owo nauka jest prowadzona hybrydowo ze wzgl\u0119du na trudno\u015bci w dowo\u017ceniu uczni\u00f3w.<\/p>\n<p class=\"typography ids-typeset-body ids-typeset-body--preset-large link paragraph ids-paragraph ids-paragraph--default\">W czwartek wznowiono ponadto zaj\u0119cia w oddzia\u0142ach przedszkolnych i szkole podstawowej w Bystrym ko\u0142o Gi\u017cycka, gdzie ucz\u0119szcza ok. 170 dzieci. Przez poprzednie trzy dni zaj\u0119cia by\u0142y tam zawieszone z powodu awarii ciep\u0142owniczej.<\/p>\n<p class=\"typography ids-typeset-body ids-typeset-body--preset-large link paragraph ids-paragraph ids-paragraph--default\">Do czwartku rano w zachodniej i centralnej cz\u0119\u015bci regionu obowi\u0105zywa\u0142o ostrze\u017cenie meteorologiczne I stopnia o marzn\u0105cych opadach powoduj\u0105cych go\u0142oled\u017a. Najwi\u0119ksze nat\u0119\u017cenie niebezpiecznych zjawisk pogodowych odnotowano w \u015brod\u0119.<\/p>\n<p>Pogoda w Polsce. IMGW ostrzega przed mg\u0142ami i marzn\u0105cymi opadami<\/p>\n<p class=\"typography ids-typeset-body ids-typeset-body--preset-large link paragraph ids-paragraph ids-paragraph--default\">Z analiz Instytut Meteorologii i Gospodarki Wodnej (IMGW) wynika, \u017ce w czwartek najtrudniejsza sytuacja panuje natomiast w cz\u0119\u015bci wojew\u00f3dztw &#8211; \u015bwi\u0119tokrzyskiego, mazowieckiego i podkarpackiego oraz na niemal ca\u0142ej Lubelszczy\u017anie. Og\u0142oszono tam ostrze\u017cenia pierwszego stopnia w zwi\u0105zku z marzn\u0105cymi opadami.<\/p>\n<p class=\"typography ids-typeset-body ids-typeset-body--preset-large link paragraph ids-paragraph ids-paragraph--default\">Ponadto w zachodniej, centralnej i po\u0142udniowo-wschodniej cz\u0119\u015bci kraju <a href=\"https:\/\/wydarzenia.interia.pl\/tematy-imgw,gsbi,2368\" rel=\"nofollow noopener\" target=\"_blank\">IMGW<\/a> og\u0142osi\u0142 alert dotycz\u0105cy g\u0119stej mg\u0142y, kt\u00f3ra mo\u017ce znacz\u0105co utrudnia\u0107 widoczno\u015b\u0107.<\/p>\n<p class=\"typography ids-typeset-body ids-typeset-body--preset-large link paragraph ids-paragraph ids-paragraph--default\">Dodajmy, \u017ce ostrze\u017cenia przed marzn\u0105cymi opadami oraz g\u0119stymi mg\u0142ami obowi\u0105zuj\u0105 do godzin oko\u0142o po\u0142udniowych w czwartek. Mimo to Instytut nie wyklucza kolejnych alert\u00f3w dotycz\u0105cych trudnych warunk\u00f3w pogodowych.<\/p>\n<p>Spotkanie u prezydenta. Do rozwi\u0105zania kilka spor\u00f3wPolsat News<\/p>\n<p><a class=\"ids-undecorated-link source ids-page-info--source__link\" href=\"https:\/\/p.iplsc.com\/-\/000L0SCEGA4O3ESS.pdf\" rel=\"nofollow noopener\" target=\"_blank\"><img decoding=\"async\" class=\"ids-image-holder__img\" loading=\"lazy\" alt=\"\" title=\"\" height=\"24px\" src=\"https:\/\/www.europesays.com\/pl\/wp-content\/uploads\/2026\/01\/1767424989_457_0009A6098CYXTC6T-C202-F4.webp.webp\"\/><\/a><a class=\"ids-undecorated-link source ids-page-info--source__link\" href=\"https:\/\/www.interia.pl\" rel=\"nofollow noopener\" target=\"_blank\"><img decoding=\"async\" class=\"ids-image-holder__img\" loading=\"lazy\" alt=\"\" title=\"\" height=\"24px\" src=\"https:\/\/www.europesays.com\/pl\/wp-content\/uploads\/2026\/01\/1768417092_915_0009A60QQ5I2TYF7-C202-F4.webp.webp\"\/><\/a><\/p>\n<p>Masz sugestie, uwagi albo widzisz b\u0142\u0105d? Napisz do nas<\/p>\n","protected":false},"excerpt":{"rendered":"W skr\u00f3cie Cztery szko\u0142y w wojew\u00f3dztwie warmi\u0144sko-mazurskim zawiesi\u0142y zaj\u0119cia z powodu trudnych warunk\u00f3w drogowych po ataku zimy. W&hellip;\n","protected":false},"author":2,"featured_media":206311,"comment_status":"","ping_status":"","sticky":false,"template":"","format":"standard","meta":{"footnotes":""},"categories":[12],"tags":[32,33,36,37,27,34,35,28,31,25,42,38,40,39,41,29,30,26],"class_list":{"0":"post-206310","1":"post","2":"type-post","3":"status-publish","4":"format-standard","5":"has-post-thumbnail","7":"category-polska","8":"tag-breaking-news","9":"tag-breakingnews","10":"tag-featured-news","11":"tag-featurednews","12":"tag-headlines","13":"tag-latest-news","14":"tag-latestnews","15":"tag-naglowki","16":"tag-najwazniejsze-artykuly","17":"tag-news","18":"tag-pl","19":"tag-poland","20":"tag-polish","21":"tag-polska","22":"tag-polski","23":"tag-top-stories","24":"tag-topstories","25":"tag-wiadomosci"},"share_on_mastodon":{"url":"https:\/\/pubeurope.com\/@pl\/115898839527489231","error":""},"_links":{"self":[{"href":"https:\/\/www.europesays.com\/pl\/wp-json\/wp\/v2\/posts\/206310","targetHints":{"allow":["GET"]}}],"collection":[{"href":"https:\/\/www.europesays.com\/pl\/wp-json\/wp\/v2\/posts"}],"about":[{"href":"https:\/\/www.europesays.com\/pl\/wp-json\/wp\/v2\/types\/post"}],"author":[{"embeddable":true,"href":"https:\/\/www.europesays.com\/pl\/wp-json\/wp\/v2\/users\/2"}],"replies":[{"embeddable":true,"href":"https:\/\/www.europesays.com\/pl\/wp-json\/wp\/v2\/comments?post=206310"}],"version-history":[{"count":0,"href":"https:\/\/www.europesays.com\/pl\/wp-json\/wp\/v2\/posts\/206310\/revisions"}],"wp:featuredmedia":[{"embeddable":true,"href":"https:\/\/www.europesays.com\/pl\/wp-json\/wp\/v2\/media\/206311"}],"wp:attachment":[{"href":"https:\/\/www.europesays.com\/pl\/wp-json\/wp\/v2\/media?parent=206310"}],"wp:term":[{"taxonomy":"category","embeddable":true,"href":"https:\/\/www.europesays.com\/pl\/wp-json\/wp\/v2\/categories?post=206310"},{"taxonomy":"post_tag","embeddable":true,"href":"https:\/\/www.europesays.com\/pl\/wp-json\/wp\/v2\/tags?post=206310"}],"curies":[{"name":"wp","href":"https:\/\/api.w.org\/{rel}","templated":true}]}}