{"id":206312,"date":"2026-01-15T11:18:07","date_gmt":"2026-01-15T11:18:07","guid":{"rendered":"https:\/\/www.europesays.com\/pl\/206312\/"},"modified":"2026-01-15T11:18:07","modified_gmt":"2026-01-15T11:18:07","slug":"tajemnicza-smierc-rosyjskiego-biznesmena-zaginal-kilka-dni-wczesniej","status":"publish","type":"post","link":"https:\/\/www.europesays.com\/pl\/206312\/","title":{"rendered":"Tajemnicza \u015bmier\u0107 rosyjskiego biznesmena. Zagin\u0105\u0142 kilka dni wcze\u015bniej"},"content":{"rendered":"<p data-section=\"detail-body\">Wed\u0142ug wst\u0119pnych informacji \u015bledczych z Cypru przyczyn\u0105 \u015bmierci biznesmena prawdopodobnie by\u0142 nieszcz\u0119\u015bliwy wypadek, chocia\u017c \u2014 jak pisze cypryjski portal Philonews \u2014 &#8222;nie mo\u017cna wykluczy\u0107 \u017cadnej mo\u017cliwej przyczyny zgonu&#8221;. Jego cia\u0142o odnaleziono w g\u00f3rskim w\u0105wozie na po\u0142udniowym wybrze\u017cu. Jak przypomina Fontanka \u2014 Baumgertner by\u0142 amatorem g\u00f3rskiej wspinaczki, a w dniu, w kt\u00f3rym planowa\u0142 wycieczk\u0119, w tym rejonie wyspy mia\u0142 by\u0107 silny wiatr. Wcze\u015bniej, kiedy Rosjanin by\u0142 poszukiwany, pojawia\u0142y si\u0119 teorie spiskowe po tym, jak zaledwie dzie\u0144 po zagini\u0119ciu Baumgertnera na terenie rosyjskiej ambasady w Nikozji znaleziono cia\u0142o dyplomaty \u2014 Aleksieja Panowa, trzeciego sekretarza plac\u00f3wki.<\/p>\n<p class=\"article_p\" data-section=\"detail-body\">Zobacz tak\u017ce: <a href=\"https:\/\/wiadomosci.onet.pl\/kraj\/polak-wyslal-poruszajaca-wiadomosc-rosjanie-zameczyli-go-w-wiezieniu\/m43zpws\" id=\"baea78f6-158f-4fe5-afa3-fac7cc93e9a2\" rel=\"nofollow noopener\" target=\"_blank\">Polak zgin\u0105\u0142 w rosyjskim wi\u0119zieniu. Wys\u0142a\u0142 wcze\u015bniej poruszaj\u0105c\u0105 wiadomo\u015b\u0107<\/a><\/p>\n<p>        Biznesmen z Rosji zagin\u0105\u0142 w g\u00f3rach Cypru<\/p>\n<p class=\"article_p\" data-section=\"detail-body\">O zagini\u0119ciu W\u0142adys\u0142awa Baumgertnera cypryjska policja poinformowa\u0142a 11 stycznia. Ostatni sygna\u0142 logowania jego telefonu wykryto 10 stycznia w pobli\u017cu Pissouri na po\u0142udniowym wybrze\u017cu Cypru. Jak donosi\u0142 cypryjski portal Phileneus, widziano go po raz ostatni, kiedy opuszcza\u0142 sw\u00f3j dom w Limassol 7 stycznia. Nied\u0142ugo p\u00f3\u017aniej pracownik zg\u0142osi\u0142 jego zagini\u0119cie.<\/p>\n<p class=\"article_p\" data-section=\"detail-body\">Rozpocz\u0119\u0142y si\u0119 poszukiwania zaginionego biznesmena w g\u00f3rach Cypru. Ostatecznie jego cia\u0142o znaleziono w jednym z w\u0105woz\u00f3w mi\u0119dzy miejscowo\u015bciami Pissouri i Avdimou. \u015aledczy oczekuj\u0105 obecnie na ostateczne potwierdzenie, \u017ce szcz\u0105tki nale\u017c\u0105 do Baumgertnera. W poszukiwaniach zaginionego m\u0119\u017cczyzny uczestniczy\u0142y lokalne organy \u015bcigania i personel baz brytyjskich. Do przeszukania trudno dost\u0119pnych teren\u00f3w wykorzystano r\u00f3wnie\u017c drony.<\/p>\n<p class=\"article_p\" data-section=\"detail-body\">Zobacz tak\u017ce: <a href=\"https:\/\/wiadomosci.onet.pl\/kraj\/rosyjski-naukowiec-zatrzymany-w-polsce-ukraincy-chca-ekstradycji\/vldp897\" id=\"da5c125a-7453-406f-9434-d25174503e7c\" rel=\"nofollow noopener\" target=\"_blank\">Rosyjski naukowiec zatrzymany w Polsce. Ukrai\u0144cy chc\u0105 ekstradycji<\/a><\/p>\n<p class=\"article_p\" data-section=\"detail-body\">W\u0142adys\u0142aw Baumgertner w latach 2003\u20132013 by\u0142 dyrektorem handlowym, a nast\u0119pnie dyrektorem generalnym sp\u00f3\u0142ki Uralkali, zasiada\u0142 tak\u017ce w zarz\u0105dzie sp\u00f3\u0142ki. Latem 2013 r. zosta\u0142 aresztowany na Bia\u0142orusi pod zarzutem nadu\u017cycia w\u0142adzy. W listopadzie tego samego roku biznesmen zosta\u0142 ekstradowany do Rosji, gdzie r\u00f3wnie\u017c wszcz\u0119to przeciwko niemu post\u0119powanie karne. W lutym 2015 r. sprawa zosta\u0142a umorzona z powodu braku dowod\u00f3w.<\/p>\n","protected":false},"excerpt":{"rendered":"Wed\u0142ug wst\u0119pnych informacji \u015bledczych z Cypru przyczyn\u0105 \u015bmierci biznesmena prawdopodobnie by\u0142 nieszcz\u0119\u015bliwy wypadek, chocia\u017c \u2014 jak pisze cypryjski&hellip;\n","protected":false},"author":2,"featured_media":206313,"comment_status":"","ping_status":"","sticky":false,"template":"","format":"standard","meta":{"footnotes":""},"categories":[5],"tags":[32,33,36,37,27,34,35,28,31,25,42,38,40,39,41,29,30,26],"class_list":{"0":"post-206312","1":"post","2":"type-post","3":"status-publish","4":"format-standard","5":"has-post-thumbnail","7":"category-naglowki","8":"tag-breaking-news","9":"tag-breakingnews","10":"tag-featured-news","11":"tag-featurednews","12":"tag-headlines","13":"tag-latest-news","14":"tag-latestnews","15":"tag-naglowki","16":"tag-najwazniejsze-artykuly","17":"tag-news","18":"tag-pl","19":"tag-poland","20":"tag-polish","21":"tag-polska","22":"tag-polski","23":"tag-top-stories","24":"tag-topstories","25":"tag-wiadomosci"},"share_on_mastodon":{"url":"https:\/\/pubeurope.com\/@pl\/115898843444324187","error":""},"_links":{"self":[{"href":"https:\/\/www.europesays.com\/pl\/wp-json\/wp\/v2\/posts\/206312","targetHints":{"allow":["GET"]}}],"collection":[{"href":"https:\/\/www.europesays.com\/pl\/wp-json\/wp\/v2\/posts"}],"about":[{"href":"https:\/\/www.europesays.com\/pl\/wp-json\/wp\/v2\/types\/post"}],"author":[{"embeddable":true,"href":"https:\/\/www.europesays.com\/pl\/wp-json\/wp\/v2\/users\/2"}],"replies":[{"embeddable":true,"href":"https:\/\/www.europesays.com\/pl\/wp-json\/wp\/v2\/comments?post=206312"}],"version-history":[{"count":0,"href":"https:\/\/www.europesays.com\/pl\/wp-json\/wp\/v2\/posts\/206312\/revisions"}],"wp:featuredmedia":[{"embeddable":true,"href":"https:\/\/www.europesays.com\/pl\/wp-json\/wp\/v2\/media\/206313"}],"wp:attachment":[{"href":"https:\/\/www.europesays.com\/pl\/wp-json\/wp\/v2\/media?parent=206312"}],"wp:term":[{"taxonomy":"category","embeddable":true,"href":"https:\/\/www.europesays.com\/pl\/wp-json\/wp\/v2\/categories?post=206312"},{"taxonomy":"post_tag","embeddable":true,"href":"https:\/\/www.europesays.com\/pl\/wp-json\/wp\/v2\/tags?post=206312"}],"curies":[{"name":"wp","href":"https:\/\/api.w.org\/{rel}","templated":true}]}}