{"id":206314,"date":"2026-01-15T11:19:07","date_gmt":"2026-01-15T11:19:07","guid":{"rendered":"https:\/\/www.europesays.com\/pl\/206314\/"},"modified":"2026-01-15T11:19:07","modified_gmt":"2026-01-15T11:19:07","slug":"szokujace-slowa-danielle-collins-o-idze-swiatek-tego-sie-nie-spodziewacie","status":"publish","type":"post","link":"https:\/\/www.europesays.com\/pl\/206314\/","title":{"rendered":"Szokuj\u0105ce s\u0142owa Danielle Collins o Idze \u015awi\u0105tek. Tego si\u0119 nie spodziewacie"},"content":{"rendered":"<p class=\"Paragraph_desktopParagraph__Fd2e9\">Przypomnijmy, \u017ce w decyduj\u0105cej fazie United Cup pojawi\u0142y si\u0119 problemy w grze Igi \u015awi\u0105tek. Liderka polskiej reprezentacji najpierw przegra\u0142a sw\u00f3j singlowy pojedynek w p\u00f3\u0142finale z Coco Gauff, a nast\u0119pnie w finale uleg\u0142a Belindzie Bencic. Mimo tych pora\u017cek polska dru\u017cyna si\u0119gn\u0119\u0142a po ko\u0144cowy triumf. O zwyci\u0119stwie Polski przes\u0105dzi\u0142a znakomita postawa Huberta Hurkacza oraz debla Katarzyny Kawy i Jana Zieli\u0144skiego, dzi\u0119ki kt\u00f3rym bia\u0142o-czerwoni odnie\u015bli historyczny sukces.<\/p>\n<p class=\"VideoPlayerText_videoPlayerText__zrtJk\">Dalszy ci\u0105g materia\u0142u pod wideo<\/p>\n<p>Niepokoj\u0105ce dwie pora\u017cki z rz\u0119du<\/p>\n<p class=\"Paragraph_desktopParagraph__Fd2e9\">\u2014 Dla wielu os\u00f3b ogl\u0105daj\u0105cych Ig\u0119 podczas United Cup przy tym nazwisku stoi wielki znak zapytania. Dwie pora\u017cki z rz\u0119du \u2014 to najbardziej rzuca mi si\u0119 w oczy \u2014 rozpocz\u0119\u0142a w\u0105tek prowadz\u0105ca program Coco Vandeweghe.<\/p>\n<p class=\"Paragraph_desktopParagraph__Fd2e9\">Mistrzyni juniorskiego US Open 2008 zwr\u00f3ci\u0142a uwag\u0119 na wa\u017cny szczeg\u00f3\u0142, kt\u00f3ry zaobserwowa\u0142a podczas gry \u015awi\u0105tek na turnieju, kt\u00f3ry ostatecznie wygra\u0142a polska kadra. \u2014 Dla mnie, wchodz\u0105c w stycze\u0144, powinno si\u0119 by\u0107 \u015bwie\u017cym i zregenerowanym, a ona wygl\u0105da na psychicznie wycie\u0144czon\u0105. Mam nadziej\u0119, \u017ce za kulisami nie dzieje si\u0119 nic strasznego, o czym nie wiemy. Ale wydaje mi si\u0119, \u017ce dla ka\u017cdego patrz\u0105cego z zewn\u0105trz jest to niepokoj\u0105ce \u2014 przyzna\u0142a.<\/p>\n<p>Zaskakuj\u0105ce s\u0142owa Collins na temat \u015awi\u0105tek<\/p>\n<p class=\"Paragraph_desktopParagraph__Fd2e9\">Do tych s\u0142\u00f3w odnios\u0142a si\u0119 Danielle Collins. \u2014 Z pewno\u015bci\u0105 w raju Igi s\u0105 teraz k\u0142opoty po przegraniu dw\u00f3ch mecz\u00f3w z rz\u0119du, co jest nietypowe dla by\u0142ej numer jeden na \u015bwiecie, prawda? Nie widzimy zbyt cz\u0119sto, by przegrywa\u0142a mecz po meczu \u2014 zwr\u00f3ci\u0142a uwag\u0119 zawodniczka, po czym pochwali\u0142a Belind\u0119 Bencic: \u2014 zagra\u0142a niesamowicie dobrze \u2014 mecz przeciwko Idze by\u0142 modelowy.<\/p>\n<p class=\"Paragraph_desktopParagraph__Fd2e9\">Amerykanka nast\u0119pnie przesz\u0142a do wcze\u015bniejszego spotkania Igi z Gauff. \u2014 Mecz przeciwko Coco\u2026 to wci\u0105\u017c nie by\u0142 ten rodzaj tenisa, na jaki sta\u0107 by\u0142o Ig\u0119 w tamtym starciu \u2014 wyzna\u0142a. Po czym wypowiedzia\u0142a do\u015b\u0107 zaskakuj\u0105ce s\u0142owa, zwa\u017cywszy na trudn\u0105 relacj\u0119 z Polk\u0105. \u2014 Ciekawie b\u0119dzie zobaczy\u0107 przed Australian Open, jak poradzi sobie z tym wszystkim mentalnie. Gdy jest skupiona i czuje si\u0119 dobrze, jest numerem jeden na \u015bwiecie \u2014 stwierdzi\u0142a.<\/p>\n<p class=\"Paragraph_desktopParagraph__Fd2e9\">Gdy dosz\u0142o o wskazanie faworyt\u00f3w nadchodz\u0105cego Australian Open, Collins nie mia\u0142a jednak w\u0105tpliwo\u015bci co do szans \u015awi\u0105tek. \u2014 W tej chwili wykre\u015blam Ig\u0119 z tego grona. Je\u015bli b\u0119dzie si\u0119 czu\u0142a dobrze psychicznie, to oczywi\u015bcie zmieni posta\u0107 rzeczy \u2014 zaznaczy\u0142a.<\/p>\n<p>Trudna relacja Danielle Collins z Ig\u0105 \u015awi\u0105tek<\/p>\n<p class=\"Paragraph_desktopParagraph__Fd2e9\">S\u0142owa Danielle Collins, \u017ce Iga \u015awi\u0105tek w formie jest najlepsz\u0105 zawodniczk\u0105 na \u015bwiecie, brzmi\u0105 nieco zaskakuj\u0105co, zw\u0142aszcza \u017ce Amerykanka nie darzy naszej rodaczki szczeg\u00f3ln\u0105 sympati\u0105. <a href=\"https:\/\/przegladsportowy.onet.pl\/tenis\/wimbledon\/tak-rozpetala-sie-burza-pomiedzy-iga-swiatek-i-danielle-collins-wyjasniamy\/2vcem7x\" id=\"0acf03b7-0124-42c7-adbf-0af52049fbaf\" rel=\"nofollow noopener\" target=\"_blank\">Konflikt mi\u0119dzy tenisistkami wybuch\u0142 po meczu na Igrzyskach Olimpijskich w Pary\u017cu<\/a>, gdy Collins oskar\u017cy\u0142a \u015awi\u0105tek o nieszczero\u015b\u0107 i udawanie w zwi\u0105zku z jej kontuzj\u0105, stwierdzaj\u0105c, \u017ce Iga &#8222;nie musi by\u0107 fa\u0142szywa&#8221; i &#8222;nie potrzebuje fa\u0142szu&#8221;. Te s\u0142owa wywo\u0142a\u0142y prawdziw\u0105 burz\u0119 w Pary\u017cu. Od tego czasu \u015bwiat \u015bledzi\u0142 trudn\u0105 relacj\u0119 obu tenisistek, kt\u00f3ra od czasu do czasu by\u0142a podsycana, szczeg\u00f3lnie przez Amerykank\u0119. Collins nie omieszkiwa\u0142a prowokowa\u0107 \u015awi\u0105tek \u2014 zar\u00f3wno w mediach spo\u0142eczno\u015bciowych, jak i podczas konferencji prasowych, a tak\u017ce poprzez gesty w trakcie bezpo\u015brednich spotka\u0144 na korcie.<\/p>\n<p class=\"Paragraph_desktopParagraph__Fd2e9\">Po raz ostatni obie zawodniczki zagra\u0142y przeciwko sobie podczas zesz\u0142orocznego Wimbledonu. W trzeciej rundzie londy\u0144skiego szlema \u015awi\u0105tek pokona\u0142a Collins w dw\u00f3ch setach 6:2, 6:3.<\/p>\n","protected":false},"excerpt":{"rendered":"Przypomnijmy, \u017ce w decyduj\u0105cej fazie United Cup pojawi\u0142y si\u0119 problemy w grze Igi \u015awi\u0105tek. Liderka polskiej reprezentacji najpierw&hellip;\n","protected":false},"author":2,"featured_media":206315,"comment_status":"","ping_status":"","sticky":false,"template":"","format":"standard","meta":{"footnotes":""},"categories":[24],"tags":[12889,5218,39573,39574,252,67,549,42,38,40,39,41,136,128,47,127,135,126,156],"class_list":{"0":"post-206314","1":"post","2":"type-post","3":"status-publish","4":"format-standard","5":"has-post-thumbnail","7":"category-sport","8":"tag-australian_open","9":"tag-coco_gauff","10":"tag-coco_vandeweghe","11":"tag-danielle_collins","12":"tag-iga_swiatek","13":"tag-intextvideo_splayer","14":"tag-pber","15":"tag-pl","16":"tag-poland","17":"tag-polish","18":"tag-polska","19":"tag-polski","20":"tag-ps_detal_new","21":"tag-psv2","22":"tag-screening_general","23":"tag-sport","24":"tag-sport_sport","25":"tag-sports","26":"tag-tenis"},"share_on_mastodon":{"url":"https:\/\/pubeurope.com\/@pl\/115898847467752015","error":""},"_links":{"self":[{"href":"https:\/\/www.europesays.com\/pl\/wp-json\/wp\/v2\/posts\/206314","targetHints":{"allow":["GET"]}}],"collection":[{"href":"https:\/\/www.europesays.com\/pl\/wp-json\/wp\/v2\/posts"}],"about":[{"href":"https:\/\/www.europesays.com\/pl\/wp-json\/wp\/v2\/types\/post"}],"author":[{"embeddable":true,"href":"https:\/\/www.europesays.com\/pl\/wp-json\/wp\/v2\/users\/2"}],"replies":[{"embeddable":true,"href":"https:\/\/www.europesays.com\/pl\/wp-json\/wp\/v2\/comments?post=206314"}],"version-history":[{"count":0,"href":"https:\/\/www.europesays.com\/pl\/wp-json\/wp\/v2\/posts\/206314\/revisions"}],"wp:featuredmedia":[{"embeddable":true,"href":"https:\/\/www.europesays.com\/pl\/wp-json\/wp\/v2\/media\/206315"}],"wp:attachment":[{"href":"https:\/\/www.europesays.com\/pl\/wp-json\/wp\/v2\/media?parent=206314"}],"wp:term":[{"taxonomy":"category","embeddable":true,"href":"https:\/\/www.europesays.com\/pl\/wp-json\/wp\/v2\/categories?post=206314"},{"taxonomy":"post_tag","embeddable":true,"href":"https:\/\/www.europesays.com\/pl\/wp-json\/wp\/v2\/tags?post=206314"}],"curies":[{"name":"wp","href":"https:\/\/api.w.org\/{rel}","templated":true}]}}