{"id":206316,"date":"2026-01-15T11:20:09","date_gmt":"2026-01-15T11:20:09","guid":{"rendered":"https:\/\/www.europesays.com\/pl\/206316\/"},"modified":"2026-01-15T11:20:09","modified_gmt":"2026-01-15T11:20:09","slug":"cezary-pazura-rozbawil-syna-mowiac-po-angielsku-wytknal-ojcu-polski-akcent","status":"publish","type":"post","link":"https:\/\/www.europesays.com\/pl\/206316\/","title":{"rendered":"Cezary Pazura rozbawi\u0142 syna, m\u00f3wi\u0105c po angielsku. Wytkn\u0105\u0142 ojcu polski akcent"},"content":{"rendered":"<p class=\"article-p\" data-section=\"detail-body\">Cezary Pazura, jeden z najbardziej rozpoznawalnych aktor\u00f3w w Polsce, nie tylko cieszy si\u0119 uznaniem za swoje osi\u0105gni\u0119cia zawodowe, ale tak\u017ce zaanga\u017cowaniem w \u017cycie rodzinne. Prywatnie aktor tworzy szcz\u0119\u015bliwy zwi\u0105zek z Edyt\u0105 Pazur\u0105, a ich wsp\u00f3lne \u017cycie cz\u0119sto staje si\u0119 tematem rozm\u00f3w w mediach spo\u0142eczno\u015bciowych. Para wychowuje tr\u00f3jk\u0119 dzieci: Ameli\u0119, Rit\u0119 i Antoniego. To w\u0142a\u015bnie 13-letni syn aktora coraz cz\u0119\u015bciej pojawia si\u0119 w mediach spo\u0142eczno\u015bciowych swojego ojca, zyskuj\u0105c sympati\u0119 internaut\u00f3w.<\/p>\n<p>        13-letni syn Cezarego Pazury wy\u015bmiewa si\u0119 z akcentu ojca<\/p>\n<p class=\"article-p\" data-section=\"detail-body\">Niedawno Cezary Pazura podzieli\u0142 si\u0119 nagraniem, w kt\u00f3rym Antoni wyja\u015bnia\u0142 mu znaczenie m\u0142odzie\u017cowych s\u0142\u00f3w roku. Filmik szybko zyska\u0142 popularno\u015b\u0107, a w komentarzach pojawi\u0142y si\u0119 g\u0142osy, \u017ce ch\u0142opiec odziedziczy\u0142 urok i poczucie humoru po swojej mamie. Teraz aktor opublikowa\u0142 kolejne wideo z udzia\u0142em syna, kt\u00f3re ponownie rozbawi\u0142o internaut\u00f3w. Tym razem Antoni postanowi\u0142 udzieli\u0107 ojcu korepetycji z j\u0119zyka angielskiego, zwracaj\u0105c uwag\u0119 na jego akcent.<\/p>\n<p class=\"article-p\" data-section=\"detail-body\">\u2014 Taki akcent masz, polski taki \u2014 skomentowa\u0142 Antoni, wywo\u0142uj\u0105c u\u015bmiech na twarzy swojego taty.<\/p>\n<p>        Cezary Pazura broni swojego akcentu<\/p>\n<p class=\"article-p\" data-section=\"detail-body\">Cezary Pazura nie zamierza\u0142 jednak przyj\u0105\u0107 krytyki bez walki. Pr\u00f3bowa\u0142 przekona\u0107 syna, \u017ce jego angielski akcent jest na wysokim poziomie, zw\u0142aszcza \u017ce obecnie pracuje nad rol\u0105 w filmie, w kt\u00f3rym m\u00f3wi po angielsku.<\/p>\n<p class=\"article-p\" data-section=\"detail-body\">\u2014 Ja mam akcent polski? Ja gram teraz po angielsku w filmie, mog\u0119 ci powiedzie\u0107 tekst nawet. &#8222;Look at this tree!&#8221; \u2014 m\u00f3wi\u0142 aktor, staraj\u0105c si\u0119 udowodni\u0107 swoje umiej\u0119tno\u015bci j\u0119zykowe.<\/p>\n<p class=\"article-p\" data-section=\"detail-body\">Cho\u0107 Antoni doceni\u0142 niekt\u00f3re wysi\u0142ki ojca, nie omieszka\u0142 zasugerowa\u0107, \u017ce wci\u0105\u017c pobrzmiewa w nich s\u0142owia\u0144ski akcent. Zabawna wymiana zda\u0144 mi\u0119dzy ojcem a synem szybko zyska\u0142a uznanie w sieci, a obserwatorzy aktora chwalili ich relacj\u0119.<\/p>\n<p class=\"article-p\" data-section=\"detail-body\"><a href=\"https:\/\/ludzie.fakt.pl\/nastoletni-syn-cezarego-pazury-skradl-uwage-fanow-wszyscy-widza-to-samo\/trf5vm5\" id=\"e0a05649-5edf-49c9-bd4f-7d06638a140c\" rel=\"nofollow noopener\" target=\"_blank\">Cezary Pazura pokaza\u0142 nastoletniego syna. Fani nie maj\u0105 w\u0105tpliwo\u015bci, do kogo jest podobny<\/a><\/p>\n<p class=\"article-p\" data-section=\"detail-body\"><a href=\"https:\/\/ludzie.fakt.pl\/tomasz-kot-przyprowadzil-syna-na-salony-tak-dzis-wyglada-nastolatek\/wcf41tc\" id=\"d76c226d-3d2c-4d9f-8f59-42ec526da8e3\" rel=\"nofollow noopener\" target=\"_blank\">Tomasz Kot zabra\u0142 nastoletniego syna na salony. Podobny do ojca?<\/a><\/p>\n<p class=\"article-p\" data-section=\"detail-body\"><a href=\"https:\/\/ludzie.fakt.pl\/cezary-zak-ma-znanego-brata-to-popularny-satyryk\/nrdqnxc\" id=\"3a90ba09-d2d7-4b73-bcf5-0ad06852ddf9\" rel=\"nofollow noopener\" target=\"_blank\">Cezary \u017bak ma 12 lat starszego brata. To znana posta\u0107 telewizyjna!<\/a><\/p>\n","protected":false},"excerpt":{"rendered":"Cezary Pazura, jeden z najbardziej rozpoznawalnych aktor\u00f3w w Polsce, nie tylko cieszy si\u0119 uznaniem za swoje osi\u0105gni\u0119cia zawodowe,&hellip;\n","protected":false},"author":2,"featured_media":206317,"comment_status":"","ping_status":"","sticky":false,"template":"","format":"standard","meta":{"footnotes":""},"categories":[22],"tags":[122,42,38,40,39,41,123],"class_list":{"0":"post-206316","1":"post","2":"type-post","3":"status-publish","4":"format-standard","5":"has-post-thumbnail","7":"category-rozrywka","8":"tag-entertainment","9":"tag-pl","10":"tag-poland","11":"tag-polish","12":"tag-polska","13":"tag-polski","14":"tag-rozrywka"},"share_on_mastodon":{"url":"https:\/\/pubeurope.com\/@pl\/115898852311663577","error":""},"_links":{"self":[{"href":"https:\/\/www.europesays.com\/pl\/wp-json\/wp\/v2\/posts\/206316","targetHints":{"allow":["GET"]}}],"collection":[{"href":"https:\/\/www.europesays.com\/pl\/wp-json\/wp\/v2\/posts"}],"about":[{"href":"https:\/\/www.europesays.com\/pl\/wp-json\/wp\/v2\/types\/post"}],"author":[{"embeddable":true,"href":"https:\/\/www.europesays.com\/pl\/wp-json\/wp\/v2\/users\/2"}],"replies":[{"embeddable":true,"href":"https:\/\/www.europesays.com\/pl\/wp-json\/wp\/v2\/comments?post=206316"}],"version-history":[{"count":0,"href":"https:\/\/www.europesays.com\/pl\/wp-json\/wp\/v2\/posts\/206316\/revisions"}],"wp:featuredmedia":[{"embeddable":true,"href":"https:\/\/www.europesays.com\/pl\/wp-json\/wp\/v2\/media\/206317"}],"wp:attachment":[{"href":"https:\/\/www.europesays.com\/pl\/wp-json\/wp\/v2\/media?parent=206316"}],"wp:term":[{"taxonomy":"category","embeddable":true,"href":"https:\/\/www.europesays.com\/pl\/wp-json\/wp\/v2\/categories?post=206316"},{"taxonomy":"post_tag","embeddable":true,"href":"https:\/\/www.europesays.com\/pl\/wp-json\/wp\/v2\/tags?post=206316"}],"curies":[{"name":"wp","href":"https:\/\/api.w.org\/{rel}","templated":true}]}}