{"id":206324,"date":"2026-01-15T11:24:10","date_gmt":"2026-01-15T11:24:10","guid":{"rendered":"https:\/\/www.europesays.com\/pl\/206324\/"},"modified":"2026-01-15T11:24:10","modified_gmt":"2026-01-15T11:24:10","slug":"donald-tusk-doszlo-do-atakow-na-polska-infrastrukture-energetyczna","status":"publish","type":"post","link":"https:\/\/www.europesays.com\/pl\/206324\/","title":{"rendered":"Donald Tusk: dosz\u0142o do atak\u00f3w na polsk\u0105 infrastruktur\u0119 energetyczn\u0105"},"content":{"rendered":"<p><img decoding=\"async\" alt=\"Donald Tusk\" src=\"https:\/\/www.europesays.com\/pl\/wp-content\/uploads\/2026\/01\/1768476250_619_WEBP_LANDSCAPE_480.webp\" class=\"sc-1hpi2ez-6 hIHHkJy\"\/><\/p>\n<p>Tusk o\u00a0atakach na\u00a0infrastruktur\u0119 energetyczn\u0105: obronili\u015bmy si\u0119<\/p>\n<p>\u0179r\u00f3d\u0142o: TVN2429 i 30 grudnia dosz\u0142o do cyberatak\u00f3w na infrastruktur\u0119 energetyczn\u0105 w Polsce &#8211; przekaza\u0142 premier Donald Tusk na konferencji prasowej. Doda\u0142, \u017ce w przypadku ich powodzenia, nawet p\u00f3\u0142 miliona os\u00f3b mog\u0142oby zosta\u0107 pozbawionych ciep\u0142a.<\/p>\n<p class=\"sc-aXZVgy sc-gEvEery ldavXXy dUmtgUy sc-gHCuMny sc-dkkA-Dcy chcjuDy iqYeLUy Paragraph TextBox\" part=\"Paragraph TextBox\" data-paragraph=\"\">W czwartek premier <a href=\"https:\/\/tvn24.pl\/tagi\/donald-tusk\" target=\"_self\" data-salt=\"1\" class=\"ds-link\" rel=\"nofollow noopener\">Donald Tusk<\/a> spotka\u0142 si\u0119 z szefami instytucji odpowiedzialnymi za bezpiecze\u0144stwo energetyczne, m.in. s\u0142u\u017cbami specjalnymi i ministrami energetyki odpowiedzialnymi za sp\u00f3\u0142ki energetyczne. Tematem spotkania by\u0142y grudniowe ataki na infrastruktur\u0119 energetyczn\u0105.<\/p>\n<p class=\"sc-aXZVgy sc-gEvEery ldavXXy dUmtgUy sc-gHCuMny sc-dkkA-Dcy chcjuDy iqYeLUy Paragraph TextBox\" part=\"Paragraph TextBox\" data-paragraph=\"\">&#8211; Chc\u0119 powiedzie\u0107, \u017ce Polska obroni\u0142a si\u0119 przed pr\u00f3bami destabilizacji infrastruktury energetycznej &#8211; m\u00f3wi\u0142 Tusk na konferencji prasowej po zako\u0144czeniu spotkania. Doda\u0142, \u017ce &#8222;ani przez chwil\u0119 nie by\u0142a zagro\u017cona infrastruktura krytyczna&#8221;.<\/p>\n<p class=\"sc-aXZVgy sc-gEvEery ldavXXy dUmtgUy sc-gHCuMny sc-dkkA-Dcy chcjuDy iqYeLUy Paragraph TextBox\" part=\"Paragraph TextBox\" data-paragraph=\"\">Szef rz\u0105du m\u00f3wi\u0142 r\u00f3wnie\u017c, \u017ce by\u0142a to pr\u00f3ba ataku &#8222;na pewne elementy infrastruktury energetycznej&#8221;, kt\u00f3ra &#8222;nie grozi\u0142a destabilizacj\u0105 ca\u0142ego systemu czy blackoutem&#8221;.<\/p>\n<p>Kto sta\u0142 za atakami? Premier: nie ma twardych dowod\u00f3w<\/p>\n<p class=\"sc-aXZVgy sc-gEvEery ldavXXy dUmtgUy sc-gHCuMny sc-dkkA-Dcy chcjuDy iqYeLUy Paragraph TextBox\" part=\"Paragraph TextBox\" data-paragraph=\"\">&#8211; Nie ma twardych dowod\u00f3w, ale wiele na to wskazuje, \u017ce te ataki by\u0142y przygotowane przez grupy wprost zwi\u0105zane z rosyjskimi s\u0142u\u017cbami &#8211; zaznaczy\u0142 premier, dodaj\u0105c \u017ce &#8222;nie chce na ten temat spekulowa\u0107&#8221;.<\/p>\n<p class=\"sc-aXZVgy sc-gEvEery ldavXXy dUmtgUy sc-gHCuMny sc-dkkA-Dcy chcjuDy iqYeLUy Paragraph TextBox\" part=\"Paragraph TextBox\" data-paragraph=\"\">&#8211; Systemy zabezpieczaj\u0105ce zadzia\u0142a\u0142y i b\u0119d\u0105 dzia\u0142a\u0142y tak\u017ce w przysz\u0142o\u015bci &#8211; zapewnia\u0142 Tusk. &#8211; Musimy przygotowa\u0107 dodatkowe zabezpieczenia, szczeg\u00f3lnie, \u017ce to ma tak\u017ce kontekst zwi\u0105zany z <a href=\"https:\/\/tvn24.pl\/tagi\/ukraina\" target=\"_self\" data-salt=\"1\" class=\"ds-link\" rel=\"nofollow noopener\">Ukrain\u0105<\/a> &#8211; doda\u0142.<\/p>\n<p class=\"sc-aXZVgy sc-gEvEery ldavXXy dUmtgUy sc-gHCuMny sc-dkkA-Dcy chcjuDy iqYeLUy Paragraph TextBox\" part=\"Paragraph TextBox\" data-paragraph=\"\">Premier zwr\u00f3ci\u0142 przy tym uwag\u0119, \u017ce Polska prowadzi wymian\u0119 energetyczn\u0105 z Ukrain\u0105. &#8211; My sprzedajemy tam pr\u0105d, czasami w sytuacjach krytycznych my dostajemy stamt\u0105d pr\u0105d, a infrastruktura energetyczna w Ukrainie jest poddana teraz gigantycznej presji przez bombardowania, drony, rakiety, tak\u017ce cyberataki, wi\u0119c musimy to wszystko traktowa\u0107 bardzo powa\u017cnie -zaznaczy\u0142.<\/p>\n<p>Tusk: gdyby ten atak si\u0119 powi\u00f3d\u0142, p\u00f3\u0142 miliona os\u00f3b mog\u0142o by\u0107 pozbawionych ciep\u0142a<\/p>\n<p class=\"sc-aXZVgy sc-gEvEery ldavXXy dUmtgUy sc-gHCuMny sc-dkkA-Dcy chcjuDy iqYeLUy Paragraph TextBox\" part=\"Paragraph TextBox\" data-paragraph=\"\">&#8211; Nie by\u0142y przesadnie masywne i nie dotyczy\u0142y np. system\u00f3w przesy\u0142owych, ale mog\u0142y zdezorganizowa\u0107 prac\u0119 farm wiatrowych i dotkn\u0119\u0142y tak\u017ce dw\u00f3ch elektrociep\u0142owni (&#8230;) Ich charakter by\u0142 lokalny &#8211; m\u00f3wi\u0142 o atakach szef rz\u0105du. Jak doda\u0142, istniej\u0105 przypuszczenia, \u017ce atak by\u0142 przygotowywany od &#8222;wielu, wielu tygodni&#8221;.<\/p>\n<p>&#8211; Gdyby ten atak si\u0119 powi\u00f3d\u0142, gdyby wszystko to, co zorganizowano by\u0142o skuteczne, to nawet do 500 tys. ludzi by\u0142oby pozbawionych ciep\u0142a &#8211; powiedzia\u0142 premier.<\/p>\n<p class=\"sc-aXZVgy sc-gEvEery ldavXXy dUmtgUy sc-gHCuMny sc-dkkA-Dcy chcjuDy iqYeLUy Paragraph TextBox\" part=\"Paragraph TextBox\" data-paragraph=\"\">Poinformowa\u0142 r\u00f3wnie\u017c, \u017ce poleci\u0142 rz\u0105dowi zachowanie gotowo\u015bci wobec niebezpiecze\u0144stwa ponowienia atak\u00f3w na polski system energetyczny.<\/p>\n<p class=\"sc-aXZVgy sc-gEvEery ldavXXy dUmtgUy sc-gHCuMny sc-dkkA-Dcy chcjuDy iqYeLUy Paragraph TextBox\" part=\"Paragraph TextBox\" data-paragraph=\"\">&#8211; Zmobilizowa\u0142em dzisiaj wszystkich ministr\u00f3w, a tak\u017ce s\u0142u\u017cby specjalne, \u017ceby trzyma\u0107 r\u0119k\u0119 na pulsie i mie\u0107 \u015bwiadomo\u015b\u0107, \u017ce wszystkie te ataki mog\u0105 by\u0107 agresywniejsze i bardziej wyrafinowane, \u017ceby by\u0107 przygotowanym na r\u00f3\u017cne scenariusze. Poprzednie pr\u00f3by nie przynios\u0142y napastnikom oczekiwanych przez nich rezultat\u00f3w &#8211; tak\u017ce dzi\u0119ki pracy naszych ludzi, kt\u00f3rzy s\u0105 zaanga\u017cowani w bezpiecze\u0144stwo systemu energetycznego &#8211; podkre\u015bli\u0142 Tusk.<\/p>\n<p class=\"sc-aXZVgy sc-gEvEery ldavXXy dUmtgUy sc-gHCuMny sc-dkkA-Dcy chcjuDy iqYeLUy sc-eRdibty sc-dTciy iXTDvxy bKTejPy ArticleMetaItem Paragraph TextBox\" part=\"ArticleMetaItem Paragraph TextBox\">Autorka\/Autor: ms\/ads<\/p>\n<p class=\"sc-aXZVgy sc-gEvEery ldavXXy dUmtgUy sc-gHCuMny sc-dkkA-Dcy chcjuDy iqYeLUy sc-eRdibty sc-dTciy iXTDvxy bKTejPy ArticleMetaItem Paragraph TextBox\" part=\"ArticleMetaItem Paragraph TextBox\">\u0179r\u00f3d\u0142o: TVN24, PAP<\/p>\n<p class=\"sc-aXZVgy sc-gEvEery ldavXXy dUmtgUy sc-gHCuMny sc-dkkA-Dcy chcjuDy iqYeLUy sc-eRdibty sc-dTciy iXTDvxy bKTejPy ArticleMetaItem Paragraph TextBox\" part=\"ArticleMetaItem Paragraph TextBox\">\u0179r\u00f3d\u0142o zdj\u0119cia g\u0142\u00f3wnego: TVN24<\/p>\n","protected":false},"excerpt":{"rendered":"Tusk o\u00a0atakach na\u00a0infrastruktur\u0119 energetyczn\u0105: obronili\u015bmy si\u0119 \u0179r\u00f3d\u0142o: TVN2429 i 30 grudnia dosz\u0142o do cyberatak\u00f3w na infrastruktur\u0119 energetyczn\u0105 w&hellip;\n","protected":false},"author":2,"featured_media":206325,"comment_status":"","ping_status":"","sticky":false,"template":"","format":"standard","meta":{"footnotes":""},"categories":[12],"tags":[39584,23224,29602,32,33,36,37,27,34,35,1369,28,31,25,42,38,40,39,41,29,30,26],"class_list":{"0":"post-206324","1":"post","2":"type-post","3":"status-publish","4":"format-standard","5":"has-post-thumbnail","7":"category-polska","8":"tag-keywordcyberatak-infrastruktura-polska","9":"tag-keywordinfrastruktura","10":"tag-keywordtusk","11":"tag-breaking-news","12":"tag-breakingnews","13":"tag-featured-news","14":"tag-featurednews","15":"tag-headlines","16":"tag-latest-news","17":"tag-latestnews","18":"tag-maintrue","19":"tag-naglowki","20":"tag-najwazniejsze-artykuly","21":"tag-news","22":"tag-pl","23":"tag-poland","24":"tag-polish","25":"tag-polska","26":"tag-polski","27":"tag-top-stories","28":"tag-topstories","29":"tag-wiadomosci"},"share_on_mastodon":{"url":"https:\/\/pubeurope.com\/@pl\/115898866970300103","error":""},"_links":{"self":[{"href":"https:\/\/www.europesays.com\/pl\/wp-json\/wp\/v2\/posts\/206324","targetHints":{"allow":["GET"]}}],"collection":[{"href":"https:\/\/www.europesays.com\/pl\/wp-json\/wp\/v2\/posts"}],"about":[{"href":"https:\/\/www.europesays.com\/pl\/wp-json\/wp\/v2\/types\/post"}],"author":[{"embeddable":true,"href":"https:\/\/www.europesays.com\/pl\/wp-json\/wp\/v2\/users\/2"}],"replies":[{"embeddable":true,"href":"https:\/\/www.europesays.com\/pl\/wp-json\/wp\/v2\/comments?post=206324"}],"version-history":[{"count":0,"href":"https:\/\/www.europesays.com\/pl\/wp-json\/wp\/v2\/posts\/206324\/revisions"}],"wp:featuredmedia":[{"embeddable":true,"href":"https:\/\/www.europesays.com\/pl\/wp-json\/wp\/v2\/media\/206325"}],"wp:attachment":[{"href":"https:\/\/www.europesays.com\/pl\/wp-json\/wp\/v2\/media?parent=206324"}],"wp:term":[{"taxonomy":"category","embeddable":true,"href":"https:\/\/www.europesays.com\/pl\/wp-json\/wp\/v2\/categories?post=206324"},{"taxonomy":"post_tag","embeddable":true,"href":"https:\/\/www.europesays.com\/pl\/wp-json\/wp\/v2\/tags?post=206324"}],"curies":[{"name":"wp","href":"https:\/\/api.w.org\/{rel}","templated":true}]}}