{"id":206326,"date":"2026-01-15T11:25:06","date_gmt":"2026-01-15T11:25:06","guid":{"rendered":"https:\/\/www.europesays.com\/pl\/206326\/"},"modified":"2026-01-15T11:25:06","modified_gmt":"2026-01-15T11:25:06","slug":"oto-co-sie-stalo-w-szatni-realu-madryt-po-klesce-wstyd-na-caly-swiat-przeglad-sportowy-onet","status":"publish","type":"post","link":"https:\/\/www.europesays.com\/pl\/206326\/","title":{"rendered":"Oto co si\u0119 sta\u0142o w szatni Realu Madryt po kl\u0119sce. Wstyd na ca\u0142y \u015bwiat &#8211; Przegl\u0105d Sportowy Onet"},"content":{"rendered":"<ol>\n<li><a href=\"https:\/\/news.google.com\/rss\/articles\/CBMixwFBVV95cUxNUTY1TWdHNFBDaURyN29LTS1PbF8wVTFPT3ZEanhFUmFRbXhzeU1hanNqeWc1eVRDalVLd09TNHliczV6eHJObUlvcXYzMmVNZnBHdDIybDBpM0pLdkxQQmVhTEsxQ2pSRE1DN0U1aGNWdmZ2TUlWd2dKYVR0RFlBUjB0TWg4dEVRTjRERTNGNkxPRFdkZy1lcjMyeVZtUE9rdEVzSVpOWktTZGZ4QzNQSXVIdmdUakVyQzFxVkFzVkVLVVhmbkZ3?oc=5\" target=\"_blank\" rel=\"nofollow noopener\">Oto co si\u0119 sta\u0142o w szatni Realu Madryt po kl\u0119sce. Wstyd na ca\u0142y \u015bwiat<\/a>&nbsp;&nbsp;Przegl\u0105d Sportowy Onet<\/li>\n<li><a href=\"https:\/\/news.google.com\/rss\/articles\/CBMiwAFBVV95cUxNX2lfdWhZNmtMZnd6MnRsZ1d1X3BhNXlMNFM1WHN6TDZkQUJzWmRjRG1MUVlYMmFvMWc3UTUwTWFxd25qY3J5bGNzSGhfTVBvQ2o5dEppamY0NW1kVF9ueUlseHV1MUVTa1lXYnRIXy1tb2FPN0pwUWxMRWxlNE94ZW1DQ1cxTm9YVXBKUmxqUEJvSm5IakdIM090U0o4b2xyczJoRV83WExraF80amdLZjJjbklQOHdQeW5UOEduQVQ?oc=5\" target=\"_blank\" rel=\"nofollow noopener\">Sensacyjna kl\u0119ska, a p\u00f3\u017aniej takie s\u0142owa o Viniciusie. Arbeloa dola\u0142 benzyny<\/a>&nbsp;&nbsp;Sport w INTERIA.PL<\/li>\n<li><a href=\"https:\/\/news.google.com\/rss\/articles\/CBMirgFBVV95cUxOMFM1SzJsdXBKTjVnSTFvdnB1eFlhNkhRUHJkUnFhWDNYWmw1QTd5TjRhZEJ0aldTaGV0anZ0eTdQWksyelZFNld3R2lDUTVJa2tWaklJdmUxcUcxc3lPOTd3cW9SVVc2U3JOaGc2aW80XzVBTy1iNVF2NW45N05oSTBGTGJVV1B5akVtZmpweUdNQTlyUjBiZlpBT3BMbTVDTDZJcDBpMldwRndDdUE?oc=5\" target=\"_blank\" rel=\"nofollow noopener\">Nowy trener Realu nie owija w bawe\u0142n\u0119. Wskaza\u0142 winnego kompromitacji<\/a>&nbsp;&nbsp;SportoweFakty<\/li>\n<li><a href=\"https:\/\/news.google.com\/rss\/articles\/CBMiqwFBVV95cUxONVU3ejNMY0g3N3I2YllWOHdFdGZhWjVTVTNPeU5na0Q0Nks0V3MwcFozUi12V3JKNTBnV0xyX0pLR1luWGZTYzhhdzQyTk82YWI0Z2VrVWhIcHgtMW1XRnozaDJYS1NwZU9mVzUzQUVOYVo3ZllSZC1uZ3Bla1NHRGlXZkdXdy1Mdk9GRTNMWTFaZDQ0SmxjTVcyZmlqSkpOY1BqcDFBMUtlNUE?oc=5\" target=\"_blank\" rel=\"nofollow noopener\">Pique nie m\u00f3g\u0142 przepu\u015bci\u0107 takiej szansy. Napisa\u0142 to od razu po pora\u017cce Realu<\/a>&nbsp;&nbsp;Sport.pl<\/li>\n<li><a href=\"https:\/\/news.google.com\/rss\/articles\/CBMiqAFBVV95cUxPd2ZLUUJtZnlJdjV5NzZfT1NQSm5LSl9WTnQtaWh6aGhhLXVGMkQ1NlczSlNwZGI3SjJkeUFQQVZad25HNE1hZDVHdTlmWjhMbDdDbEUxZEZsdUh5Z3U2NmMxT05zR1RuYTVuOV9QN3dOMlI3V3hMc0VESEhEdzA4Q0dxdzVfWnpTdDc1XzNENlVaenNmSVBMZ0tGTDdLN3IwVHNpNV8zdmE?oc=5\" target=\"_blank\" rel=\"nofollow noopener\">&#8222;Si\u0119gn\u0119li\u015bmy dna. To nasza wina&#8221;. Kapitan Realu nie wytrzyma\u0142<\/a>&nbsp;&nbsp;Meczyki.pl<\/li>\n<\/ol>\n","protected":false},"excerpt":{"rendered":"Oto co si\u0119 sta\u0142o w szatni Realu Madryt po kl\u0119sce. Wstyd na ca\u0142y \u015bwiat&nbsp;&nbsp;Przegl\u0105d Sportowy Onet Sensacyjna kl\u0119ska,&hellip;\n","protected":false},"author":2,"featured_media":206327,"comment_status":"","ping_status":"","sticky":false,"template":"","format":"standard","meta":{"footnotes":""},"categories":[5],"tags":[39501,39585,32,33,36,37,27,67,2051,34,35,194,28,31,25,948,42,38,40,39,41,136,128,30517,2961,47,135,29,30,26,130,14836],"class_list":{"0":"post-206326","1":"post","2":"type-post","3":"status-publish","4":"format-standard","5":"has-post-thumbnail","7":"category-naglowki","8":"tag-albacete","9":"tag-alvaro_arbeloa","10":"tag-breaking-news","11":"tag-breakingnews","12":"tag-featured-news","13":"tag-featurednews","14":"tag-headlines","15":"tag-intextvideo_splayer","16":"tag-laliga","17":"tag-latest-news","18":"tag-latestnews","19":"tag-maja","20":"tag-naglowki","21":"tag-najwazniejsze-artykuly","22":"tag-news","23":"tag-pilka_nozna","24":"tag-pl","25":"tag-poland","26":"tag-polish","27":"tag-polska","28":"tag-polski","29":"tag-ps_detal_new","30":"tag-psv2","31":"tag-puchar_krola","32":"tag-real_madryt","33":"tag-screening_general","34":"tag-sport_sport","35":"tag-top-stories","36":"tag-topstories","37":"tag-wiadomosci","38":"tag-wiadomosci_sportowe","39":"tag-xabi_alonso"},"share_on_mastodon":{"url":"","error":"Validation failed: Text character limit of 500 exceeded"},"_links":{"self":[{"href":"https:\/\/www.europesays.com\/pl\/wp-json\/wp\/v2\/posts\/206326","targetHints":{"allow":["GET"]}}],"collection":[{"href":"https:\/\/www.europesays.com\/pl\/wp-json\/wp\/v2\/posts"}],"about":[{"href":"https:\/\/www.europesays.com\/pl\/wp-json\/wp\/v2\/types\/post"}],"author":[{"embeddable":true,"href":"https:\/\/www.europesays.com\/pl\/wp-json\/wp\/v2\/users\/2"}],"replies":[{"embeddable":true,"href":"https:\/\/www.europesays.com\/pl\/wp-json\/wp\/v2\/comments?post=206326"}],"version-history":[{"count":0,"href":"https:\/\/www.europesays.com\/pl\/wp-json\/wp\/v2\/posts\/206326\/revisions"}],"wp:featuredmedia":[{"embeddable":true,"href":"https:\/\/www.europesays.com\/pl\/wp-json\/wp\/v2\/media\/206327"}],"wp:attachment":[{"href":"https:\/\/www.europesays.com\/pl\/wp-json\/wp\/v2\/media?parent=206326"}],"wp:term":[{"taxonomy":"category","embeddable":true,"href":"https:\/\/www.europesays.com\/pl\/wp-json\/wp\/v2\/categories?post=206326"},{"taxonomy":"post_tag","embeddable":true,"href":"https:\/\/www.europesays.com\/pl\/wp-json\/wp\/v2\/tags?post=206326"}],"curies":[{"name":"wp","href":"https:\/\/api.w.org\/{rel}","templated":true}]}}