{"id":206330,"date":"2026-01-15T11:27:10","date_gmt":"2026-01-15T11:27:10","guid":{"rendered":"https:\/\/www.europesays.com\/pl\/206330\/"},"modified":"2026-01-15T11:27:10","modified_gmt":"2026-01-15T11:27:10","slug":"nigdy-w-zyciu-2-katarzyna-grochola-planuje-adaptacje-nowej-ksiazki","status":"publish","type":"post","link":"https:\/\/www.europesays.com\/pl\/206330\/","title":{"rendered":"&#8222;Nigdy w \u017cyciu 2&#8221;: Katarzyna Grochola planuje adaptacj\u0119 nowej ksi\u0105\u017cki"},"content":{"rendered":"<p>&#8222;<a class=\"internal\" href=\"https:\/\/www.filmweb.pl\/film\/Nigdy+w+%C5%BCyciu-2004-104668\" title=\"Nigdy w \u017cyciu!\" rel=\"nofollow noopener\" target=\"_blank\">Nigdy w \u017cyciu!<\/a>&#8222;, czyli adaptacja bestsellera\u00a0<a class=\"internal\" href=\"https:\/\/www.filmweb.pl\/person\/Katarzyna+Grochola-129438\" title=\"Katarzyny Grocholi\" rel=\"nofollow noopener\" target=\"_blank\">Katarzyny Grocholi<\/a>, to jedna z najpopularniejszych polskich komedii romantycznych. Doczeka\u0142a si\u0119 ona kontynuacji w postaci &#8222;<a class=\"internal\" href=\"https:\/\/www.filmweb.pl\/film\/Ja+wam+poka%C5%BC%C4%99-2006-195203\" title=\"Ja wam poka\u017c\u0119!\" rel=\"nofollow noopener\" target=\"_blank\">Ja wam poka\u017c\u0119!<\/a>&#8222;, gdzie\u00a0<a class=\"internal\" href=\"https:\/\/www.filmweb.pl\/person\/Danuta+Stenka-401\" title=\"Danut\u0119 Stenk\u0119\" rel=\"nofollow noopener\" target=\"_blank\">Danut\u0119 Stenk\u0119<\/a>\u00a0i\u00a0<a class=\"internal\" href=\"https:\/\/www.filmweb.pl\/person\/Artur+%C5%BBmijewski-433\" title=\"Artura \u017bmijewskiego\" rel=\"nofollow noopener\" target=\"_blank\">Artura \u017bmijewskiego<\/a>\u00a0zast\u0105pili\u00a0<a class=\"internal\" href=\"https:\/\/www.filmweb.pl\/person\/Gra%C5%BCyna+Wolszczak-400\" title=\"Gra\u017cyna Wolszczak\" rel=\"nofollow noopener\" target=\"_blank\">Gra\u017cyna Wolszczak<\/a>\u00a0i\u00a0<a class=\"internal\" href=\"https:\/\/www.filmweb.pl\/person\/Pawe%C5%82+Del%C4%85g-417\" title=\"Pawe\u0142 Del\u0105g\" rel=\"nofollow noopener\" target=\"_blank\">Pawe\u0142 Del\u0105g<\/a> \u2013 film nie spotka\u0142 si\u0119 jednak z entuzjazmem krytyk\u00f3w i widowni. Wygl\u0105da na to, \u017ce Judyta Koz\u0142owska nie powiedzia\u0142a jeszcze ostatniego s\u0142owa. &#8222;Nigdy w \u017cyciu 2&#8221;: Katarzyna Grochola ju\u017c pracuje nad adaptacj\u0105?<br \/>Pod koniec ubieg\u0142ego roku <a class=\"internal\" href=\"https:\/\/www.filmweb.pl\/person\/Katarzyna+Grochola-129438\" title=\"Katarzyna Grochola\" rel=\"nofollow noopener\" target=\"_blank\">Katarzyna Grochola<\/a> og\u0142osi\u0142a, \u017ce ko\u0144czy prace nad kontynuacj\u0105 &#8222;<a class=\"internal\" href=\"https:\/\/www.filmweb.pl\/film\/Nigdy+w+%C5%BCyciu-2004-104668\" title=\"Nigdy w \u017cyciu!\" rel=\"nofollow noopener\" target=\"_blank\">Nigdy w \u017cyciu!<\/a>&#8222;. Kr\u00f3tkie wideo, kt\u00f3re autorka opublikowa\u0142a na swoim koncie na Facebooku, mo\u017cecie zobaczy\u0107 poni\u017cej: <\/p>\n<p>W licznych komentarzach fani autorki pisali, \u017ce chcieliby te\u017c filmowej adaptacji zbli\u017caj\u0105cej si\u0119 powie\u015bci (najlepiej z udzia\u0142em <a class=\"internal\" href=\"https:\/\/www.filmweb.pl\/person\/Danuta+Stenka-401\" title=\"Danuty Stenki\" rel=\"nofollow noopener\" target=\"_blank\">Danuty Stenki<\/a>\u00a0i <a class=\"internal\" href=\"https:\/\/www.filmweb.pl\/person\/Artur+%C5%BBmijewski-433\" title=\"Artura \u017bmijewskiego\" rel=\"nofollow noopener\" target=\"_blank\">Artura \u017bmijewskiego<\/a>).\u00a0Wiele wskazuje na to, \u017ce ich marzenie mo\u017ce si\u0119 wkr\u00f3tce spe\u0142ni\u0107. W rejestrze wsparcia finansowego na 2026 rok, kt\u00f3rej zaktualizowan\u0105 wersj\u0119 opublikowa\u0142 w tym tygodniu PISF, znajduje si\u0119 projekt zatytu\u0142owany &#8222;<a class=\"internal\" href=\"https:\/\/www.filmweb.pl\/film\/Nigdy+w+%C5%BCyciu+2-2027-10112667\" title=\"Nigdy w \u017cyciu 2\" rel=\"nofollow noopener\" target=\"_blank\">Nigdy w \u017cyciu 2<\/a>&#8222;. Za\u0142o\u017cone przez pisark\u0119 studio U Sunflower stara si\u0119 o wsparcie w wysoko\u015bci ponad dw\u00f3ch milion\u00f3w z\u0142otych. Aktualnie projekt znajduje si\u0119 na li\u015bcie rezerwowej. <\/p>\n<p><a class=\"markupPhoto\" href=\"https:\/\/fwcdn.pl\/nph\/2025458\/2026\/69405.7.jpg\" data-lightbox=\"true\" data-li=\"\" rel=\"lightbox[photos] nofollow noopener\" data-photo=\"https:\/\/www.europesays.com\/pl\/wp-content\/uploads\/2026\/01\/69405.6.jpg\" target=\"photo-69405\" data-id=\"69405\" data-index=\"69405\"> <img decoding=\"async\" src=\"https:\/\/www.europesays.com\/pl\/wp-content\/uploads\/2026\/01\/69405.6.jpg\" alt=\"EN_01649984_0105.jpg\" class=\"MarkupPhotoHTML-6\" loading=\"lazy\" data-light-box=\"{ &quot;group&quot;: true, &quot;photo&quot;: { &quot;id&quot;: &quot;69405&quot;, &quot;src&quot;: &quot;https:\/\/fwcdn.pl\/nph\/2025458\/2026\/69405.7.jpg&quot;, &quot;thumb&quot;: &quot;https:\/\/fwcdn.pl\/nph\/2025458\/2026\/69405.2.jpg&quot; } }\"\/> <\/a><\/p>\n<p>Fot. Adam Burakowski \/ EastNews<\/p>\n<p>Zobacz zwiastun filmu &#8222;Nigdy w \u017cyciu&#8221;<br \/>W &#8222;<a class=\"internal\" href=\"https:\/\/www.filmweb.pl\/film\/Nigdy+w+%C5%BCyciu-2004-104668\" title=\"Nigdy w \u017cyciu!\" rel=\"nofollow noopener\" target=\"_blank\">Nigdy w \u017cyciu!<\/a>&#8221; w Judyt\u0119 \u2013 kobiet\u0119, kt\u00f3ra po trudnym rozstaniu buduje dom pod Warszaw\u0105 i odnajduje now\u0105 mi\u0142o\u015b\u0107 \u2013 wcieli\u0142a si\u0119 <a class=\"internal\" href=\"https:\/\/www.filmweb.pl\/person\/Danuta+Stenka-401\" title=\"Danuta Stenka\" rel=\"nofollow noopener\" target=\"_blank\">Danuta Stenka<\/a>. Towarzyszyli m.in. <a class=\"internal\" href=\"https:\/\/www.filmweb.pl\/person\/Joanna+Brodzik-56090\" title=\"Joanna Brodzik\" rel=\"nofollow noopener\" target=\"_blank\">Joanna Brodzik<\/a>, <a class=\"internal\" href=\"https:\/\/www.filmweb.pl\/person\/Artur+%C5%BBmijewski-433\" title=\"Artur \u017bmijewski\" rel=\"nofollow noopener\" target=\"_blank\">Artur \u017bmijewski<\/a> i <a class=\"internal\" href=\"https:\/\/www.filmweb.pl\/person\/Jan+Frycz-456\" title=\"Jan Frycz\" rel=\"nofollow noopener\" target=\"_blank\">Jan Frycz<\/a>. Przypominamy zwiastun:\u00a0 <\/p>\n","protected":false},"excerpt":{"rendered":"&#8222;Nigdy w \u017cyciu!&#8222;, czyli adaptacja bestsellera\u00a0Katarzyny Grocholi, to jedna z najpopularniejszych polskich komedii romantycznych. Doczeka\u0142a si\u0119 ona kontynuacji&hellip;\n","protected":false},"author":2,"featured_media":206331,"comment_status":"","ping_status":"","sticky":false,"template":"","format":"standard","meta":{"footnotes":""},"categories":[22],"tags":[122,42,38,40,39,41,123],"class_list":{"0":"post-206330","1":"post","2":"type-post","3":"status-publish","4":"format-standard","5":"has-post-thumbnail","7":"category-rozrywka","8":"tag-entertainment","9":"tag-pl","10":"tag-poland","11":"tag-polish","12":"tag-polska","13":"tag-polski","14":"tag-rozrywka"},"share_on_mastodon":{"url":"https:\/\/pubeurope.com\/@pl\/115898878980903664","error":""},"_links":{"self":[{"href":"https:\/\/www.europesays.com\/pl\/wp-json\/wp\/v2\/posts\/206330","targetHints":{"allow":["GET"]}}],"collection":[{"href":"https:\/\/www.europesays.com\/pl\/wp-json\/wp\/v2\/posts"}],"about":[{"href":"https:\/\/www.europesays.com\/pl\/wp-json\/wp\/v2\/types\/post"}],"author":[{"embeddable":true,"href":"https:\/\/www.europesays.com\/pl\/wp-json\/wp\/v2\/users\/2"}],"replies":[{"embeddable":true,"href":"https:\/\/www.europesays.com\/pl\/wp-json\/wp\/v2\/comments?post=206330"}],"version-history":[{"count":0,"href":"https:\/\/www.europesays.com\/pl\/wp-json\/wp\/v2\/posts\/206330\/revisions"}],"wp:featuredmedia":[{"embeddable":true,"href":"https:\/\/www.europesays.com\/pl\/wp-json\/wp\/v2\/media\/206331"}],"wp:attachment":[{"href":"https:\/\/www.europesays.com\/pl\/wp-json\/wp\/v2\/media?parent=206330"}],"wp:term":[{"taxonomy":"category","embeddable":true,"href":"https:\/\/www.europesays.com\/pl\/wp-json\/wp\/v2\/categories?post=206330"},{"taxonomy":"post_tag","embeddable":true,"href":"https:\/\/www.europesays.com\/pl\/wp-json\/wp\/v2\/tags?post=206330"}],"curies":[{"name":"wp","href":"https:\/\/api.w.org\/{rel}","templated":true}]}}