{"id":206538,"date":"2026-01-15T13:31:07","date_gmt":"2026-01-15T13:31:07","guid":{"rendered":"https:\/\/www.europesays.com\/pl\/206538\/"},"modified":"2026-01-15T13:31:07","modified_gmt":"2026-01-15T13:31:07","slug":"prokuratura-wraca-do-sprawy-kamilka-z-czestochowy","status":"publish","type":"post","link":"https:\/\/www.europesays.com\/pl\/206538\/","title":{"rendered":"Prokuratura wraca do sprawy Kamilka z Cz\u0119stochowy"},"content":{"rendered":"<p>Najwa\u017cniejsze informacje:<\/p>\n<ul>\n<li>S\u0105d w\u00a0Kielcach cz\u0119\u015bciowo uchyli\u0142 umorzenie i\u00a0skierowa\u0142 spraw\u0119 do ponownego zbadania przez prokuratur\u0119.<\/li>\n<li>Post\u0119powanie obejmie odpowiedzialno\u015b\u0107 s\u0105d\u00f3w, prokuratury, policji i\u00a0pracownik\u00f3w socjalnych; oddalono w\u0105tek lekarzy i\u00a0nauczycieli.<\/li>\n<li>O\u015bmioletni Kamilek zmar\u0142 8\u00a0maja 2023 r. w\u00a0G\u00f3rno\u015bl\u0105skim Centrum Zdrowia Dziecka po 35 dniach walki o\u00a0\u017cycie.<\/li>\n<\/ul>\n<p>Prokuratura Regionalna w\u00a0Gda\u0144sku uzna\u0142a wcze\u015bniej, \u017ce nie dosz\u0142o do z\u0142amania prawa, jednak s\u0105d w\u00a0Kielcach nakaza\u0142 powr\u00f3t do kluczowych w\u0105tk\u00f3w dotycz\u0105cych organ\u00f3w wymiaru sprawiedliwo\u015bci, policji i\u00a0wsparcia spo\u0142ecznego. Krytycy umorzenia podkre\u015blali, \u017ce instytucje nie zareagowa\u0142y wystarczaj\u0105co stanowczo na sygna\u0142y o\u00a0przemocy.<\/p>\n<p>Rodzina Kamilka przez lata pozostawa\u0142a pod nadzorem instytucji pomocowych i\u00a0s\u0105du rodzinnego. To te zaniechania by\u0142y przedmiotem \u015bledztwa umorzonego w\u00a02025 r. Pe\u0142nomocnicy reprezentuj\u0105cy rodze\u0144stwo ch\u0142opca z\u0142o\u017cyli za\u017calenie, kt\u00f3re doprowadzi\u0142o do obecnej decyzji kieleckiego s\u0105du. <\/p>\n<p>O\u015bmioletni Kamilek zmar\u0142 8\u00a0maja 2023 r. w\u00a0G\u00f3rno\u015bl\u0105skim Centrum Zdrowia Dziecka po 35 dniach walki o\u00a0\u017cycie. Dziecko trafi\u0142o do szpitala 3\u00a0kwietnia 2023 r. po zg\u0142oszeniu z\u0142o\u017conym przez jego biologicznego ojca. <\/p>\n<p>Ze \u015bledztwa wynika, \u017ce ojczym ch\u0142opca, Dawid B., przez kilka lat zn\u0119ca\u0142 si\u0119 nad nim. Przed \u015bmierci\u0105 mia\u0142 obla\u0107 go wrz\u0105tkiem i\u00a0po\u0142o\u017cy\u0107 na rozgrzanym piecu w\u0119glowym, powoduj\u0105c rozleg\u0142e oparzenia g\u0142owy, klatki piersiowej i\u00a0ko\u0144czyn.<\/p>\n","protected":false},"excerpt":{"rendered":"Najwa\u017cniejsze informacje: S\u0105d w\u00a0Kielcach cz\u0119\u015bciowo uchyli\u0142 umorzenie i\u00a0skierowa\u0142 spraw\u0119 do ponownego zbadania przez prokuratur\u0119. Post\u0119powanie obejmie odpowiedzialno\u015b\u0107 s\u0105d\u00f3w,&hellip;\n","protected":false},"author":2,"featured_media":206539,"comment_status":"","ping_status":"","sticky":false,"template":"","format":"standard","meta":{"footnotes":""},"categories":[5],"tags":[32,33,36,37,27,34,35,28,31,25,42,38,40,39,41,29,30,26],"class_list":{"0":"post-206538","1":"post","2":"type-post","3":"status-publish","4":"format-standard","5":"has-post-thumbnail","7":"category-naglowki","8":"tag-breaking-news","9":"tag-breakingnews","10":"tag-featured-news","11":"tag-featurednews","12":"tag-headlines","13":"tag-latest-news","14":"tag-latestnews","15":"tag-naglowki","16":"tag-najwazniejsze-artykuly","17":"tag-news","18":"tag-pl","19":"tag-poland","20":"tag-polish","21":"tag-polska","22":"tag-polski","23":"tag-top-stories","24":"tag-topstories","25":"tag-wiadomosci"},"share_on_mastodon":{"url":"https:\/\/pubeurope.com\/@pl\/115899366372614871","error":""},"_links":{"self":[{"href":"https:\/\/www.europesays.com\/pl\/wp-json\/wp\/v2\/posts\/206538","targetHints":{"allow":["GET"]}}],"collection":[{"href":"https:\/\/www.europesays.com\/pl\/wp-json\/wp\/v2\/posts"}],"about":[{"href":"https:\/\/www.europesays.com\/pl\/wp-json\/wp\/v2\/types\/post"}],"author":[{"embeddable":true,"href":"https:\/\/www.europesays.com\/pl\/wp-json\/wp\/v2\/users\/2"}],"replies":[{"embeddable":true,"href":"https:\/\/www.europesays.com\/pl\/wp-json\/wp\/v2\/comments?post=206538"}],"version-history":[{"count":0,"href":"https:\/\/www.europesays.com\/pl\/wp-json\/wp\/v2\/posts\/206538\/revisions"}],"wp:featuredmedia":[{"embeddable":true,"href":"https:\/\/www.europesays.com\/pl\/wp-json\/wp\/v2\/media\/206539"}],"wp:attachment":[{"href":"https:\/\/www.europesays.com\/pl\/wp-json\/wp\/v2\/media?parent=206538"}],"wp:term":[{"taxonomy":"category","embeddable":true,"href":"https:\/\/www.europesays.com\/pl\/wp-json\/wp\/v2\/categories?post=206538"},{"taxonomy":"post_tag","embeddable":true,"href":"https:\/\/www.europesays.com\/pl\/wp-json\/wp\/v2\/tags?post=206538"}],"curies":[{"name":"wp","href":"https:\/\/api.w.org\/{rel}","templated":true}]}}