{"id":206577,"date":"2026-01-15T13:52:07","date_gmt":"2026-01-15T13:52:07","guid":{"rendered":"https:\/\/www.europesays.com\/pl\/206577\/"},"modified":"2026-01-15T13:52:07","modified_gmt":"2026-01-15T13:52:07","slug":"macron-nawoluje-do-zmian-francja-jest-w-zasiegu-ostrzalow","status":"publish","type":"post","link":"https:\/\/www.europesays.com\/pl\/206577\/","title":{"rendered":"Macron nawo\u0142uje do zmian. &#8222;Francja jest w zasi\u0119gu ostrza\u0142\u00f3w&#8221;"},"content":{"rendered":"<p>Prezydent Francji Emmanuel Macron powiedzia\u0142 w\u00a0czwartek, \u017ce <a href=\"https:\/\/wiadomosci.wp.pl\/sygnal-dla-zachodu-putin-chwali-sie-potega-armii-w-strategicznym-momencie-7241954743647200a\" rel=\"noopener noreferrer nofollow\" target=\"_blank\">u\u017cycie przez Rosj\u0119 pocisku Oriesznik<\/a> jest &#8222;bardzo jasnym sygna\u0142em&#8221; i\u00a0powinni go doskonale zrozumie\u0107 ci, kt\u00f3rzy uwa\u017caj\u0105, \u017ce Rosja to &#8222;sprawa, kt\u00f3ra nas nie dotyczy&#8221;. &#8211;\u00a0Francja jest w\u00a0zasi\u0119gu tych ostrza\u0142\u00f3w &#8211;\u00a0zaznaczy\u0142 prezydent.<\/p>\n<p>Przemawiaj\u0105c przed francuskimi si\u0142ami zbrojnymi, Macron stwierdzi\u0142, \u017ce je\u015bli kraje europejskie chc\u0105 zachowa\u0107 wiarygodno\u015b\u0107, powinny wykorzysta\u0107 mo\u017cliwo\u015bci, jakie daj\u0105 nowe rodzaje uzbrojenia, kt\u00f3re zmieni\u0105 sytuacj\u0119 w\u00a0kr\u00f3tkiej perspektywie. Wcze\u015bniej w\u00a0tym kontek\u015bcie wymieni\u0142 europejski program zbrojeniowy ELSA.<\/p>\n<p>Atak rakiet\u0105 Oriesznik. Dlaczego by\u0142 inny ni\u017c reszta? <\/p>\n<p>W nocy z\u00a0czwartku na pi\u0105tek rosyjska armia <a href=\"https:\/\/wiadomosci.wp.pl\/rosjanie-potwierdzaja-wystrzelili-rakiety-oriesznik-7241481869584896a\" rel=\"noopener noreferrer nofollow\" target=\"_blank\">dokona\u0142a kolejnego ataku na Lw\u00f3w i\u00a0stolic\u0119 Ukrainy<\/a>. Jednak ten ostrza\u0142 by\u0142 inny ni\u017c poprzednie. Rosjanie twierdz\u0105, \u017ce u\u017cyli hipersonicznego pocisku balistycznego Oriesznik. Zdaniem agencji Reuters, atak wydaje si\u0119 mie\u0107 na celu zastraszenie Ukrainy i\u00a0wys\u0142anie sygna\u0142u o\u00a0pot\u0119dze militarnej Rosji do Europy i\u00a0Stan\u00f3w Zjednoczonych.<\/p>\n<p>Oriesznik to rosyjski system rakietowy \u015bredniego zasi\u0119gu (IRBM). Zdaniem zachodnich ekspert\u00f3w to zmodyfikowana wersja mi\u0119dzykontynentalnego pocisku balistycznego RS-26 Rubie\u017c. <a href=\"https:\/\/wiadomosci.wp.pl\/sygnal-dla-zachodu-putin-chwali-sie-potega-armii-w-strategicznym-momencie-7241954743647200a\" rel=\"noopener noreferrer nofollow\" target=\"_blank\">Pocisk porusza si\u0119 z\u00a0pr\u0119dko\u015bci\u0105 nawet do 8-10 mach\u00f3w<\/a> (ponad 10-12 tys. km\/godz.) i\u00a0ma zasi\u0119g do 5,5 tys. km. Teoretycznie mo\u017ce on przenosi\u0107 g\u0142owice j\u0105drowe, ale dotychczasowe przypadki jego zastosowania wskazuj\u0105 na u\u017cycie \u0142adunk\u00f3w kinetycznych, kt\u00f3re powoduj\u0105 zniszczenia dzi\u0119ki du\u017cej masie i\u00a0pr\u0119dko\u015bci.<\/p>\n","protected":false},"excerpt":{"rendered":"Prezydent Francji Emmanuel Macron powiedzia\u0142 w\u00a0czwartek, \u017ce u\u017cycie przez Rosj\u0119 pocisku Oriesznik jest &#8222;bardzo jasnym sygna\u0142em&#8221; i\u00a0powinni go&hellip;\n","protected":false},"author":2,"featured_media":206578,"comment_status":"","ping_status":"","sticky":false,"template":"","format":"standard","meta":{"footnotes":""},"categories":[5],"tags":[32,33,36,37,27,34,35,28,31,25,42,38,40,39,41,29,30,26],"class_list":{"0":"post-206577","1":"post","2":"type-post","3":"status-publish","4":"format-standard","5":"has-post-thumbnail","7":"category-naglowki","8":"tag-breaking-news","9":"tag-breakingnews","10":"tag-featured-news","11":"tag-featurednews","12":"tag-headlines","13":"tag-latest-news","14":"tag-latestnews","15":"tag-naglowki","16":"tag-najwazniejsze-artykuly","17":"tag-news","18":"tag-pl","19":"tag-poland","20":"tag-polish","21":"tag-polska","22":"tag-polski","23":"tag-top-stories","24":"tag-topstories","25":"tag-wiadomosci"},"share_on_mastodon":{"url":"https:\/\/pubeurope.com\/@pl\/115899448960745361","error":""},"_links":{"self":[{"href":"https:\/\/www.europesays.com\/pl\/wp-json\/wp\/v2\/posts\/206577","targetHints":{"allow":["GET"]}}],"collection":[{"href":"https:\/\/www.europesays.com\/pl\/wp-json\/wp\/v2\/posts"}],"about":[{"href":"https:\/\/www.europesays.com\/pl\/wp-json\/wp\/v2\/types\/post"}],"author":[{"embeddable":true,"href":"https:\/\/www.europesays.com\/pl\/wp-json\/wp\/v2\/users\/2"}],"replies":[{"embeddable":true,"href":"https:\/\/www.europesays.com\/pl\/wp-json\/wp\/v2\/comments?post=206577"}],"version-history":[{"count":0,"href":"https:\/\/www.europesays.com\/pl\/wp-json\/wp\/v2\/posts\/206577\/revisions"}],"wp:featuredmedia":[{"embeddable":true,"href":"https:\/\/www.europesays.com\/pl\/wp-json\/wp\/v2\/media\/206578"}],"wp:attachment":[{"href":"https:\/\/www.europesays.com\/pl\/wp-json\/wp\/v2\/media?parent=206577"}],"wp:term":[{"taxonomy":"category","embeddable":true,"href":"https:\/\/www.europesays.com\/pl\/wp-json\/wp\/v2\/categories?post=206577"},{"taxonomy":"post_tag","embeddable":true,"href":"https:\/\/www.europesays.com\/pl\/wp-json\/wp\/v2\/tags?post=206577"}],"curies":[{"name":"wp","href":"https:\/\/api.w.org\/{rel}","templated":true}]}}