{"id":206661,"date":"2026-01-15T14:41:09","date_gmt":"2026-01-15T14:41:09","guid":{"rendered":"https:\/\/www.europesays.com\/pl\/206661\/"},"modified":"2026-01-15T14:41:09","modified_gmt":"2026-01-15T14:41:09","slug":"orban-wprowadzil-nowe-prawo-dla-azylantow-wegierski-prawnik-wyjasnia-czy-przepisy-pomoga-ziobrze","status":"publish","type":"post","link":"https:\/\/www.europesays.com\/pl\/206661\/","title":{"rendered":"Orban wprowadzi\u0142 nowe prawo dla azylant\u00f3w. W\u0119gierski prawnik wyja\u015bnia czy przepisy pomog\u0105 Ziobrze"},"content":{"rendered":"<p class=\"article-p\" data-section=\"detail-body\">22 grudnia w w\u0119gierskim Dzienniku Ustaw opublikowano nowelizacj\u0119 ustawy o wsp\u00f3\u0142pracy karnej z pa\u0144stwami cz\u0142onkowskimi UE. Zgodnie z nowymi przepisami, kt\u00f3re wesz\u0142y w \u017cycie 1 stycznia 2026 r., s\u0105dy na W\u0119grzech b\u0119d\u0105 mog\u0142y odm\u00f3wi\u0107 wykonania Europejskiego Nakazu Aresztowania (ENA) wobec os\u00f3b posiadaj\u0105cych status uchod\u017acy (nabyty na W\u0119grzech lub w innym kraju UE). Blokada ta ma zastosowanie w przypadku, gdy nakaz zosta\u0142 wystawiony przez pa\u0144stwo pochodzenia, z kt\u00f3rego dana osoba uciek\u0142a.<\/p>\n<p class=\"article-p\" data-section=\"detail-body\"><a href=\"https:\/\/www.fakt.pl\/polityka\/posiedzenie-aresztowe-zbigniewa-ziobry-nowe-informacje\/48msj43\" id=\"affbad68-59d0-4406-a352-5ac42c3af4cf\" rel=\"nofollow noopener\" target=\"_blank\">Posiedzenie aresztowe Zbigniewa Ziobry. Nowe informacje<\/a><\/p>\n<p>        Nowe przepisy na W\u0119grzech. Zmiana w prawie pomo\u017ce Ziobrze i Romanowskiemu?<\/p>\n<p class=\"article-p\" data-section=\"detail-body\">By\u0142y minister sprawiedliwo\u015bci zosta\u0142 obj\u0119ty ochron\u0105 mi\u0119dzynarodow\u0105, o kt\u00f3r\u0105 <a href=\"https:\/\/www.fakt.pl\/polityka\/zbigniew-ziobro-chce-azylu-dla-zony-prawnik-podsumowal-to-krotko\/l5xx9fl\" id=\"2cf34cab-0ced-4cb5-a97d-05308ecc9755\" rel=\"nofollow noopener\" target=\"_blank\">wyst\u0105pi\u0142 te\u017c dla swojej \u017cony<\/a>. Para przebywa obecnie na W\u0119grzech, gdzie od ubieg\u0142ego roku mieszka Marcin Romanowski. Pose\u0142 PiS otrzyma\u0142 azyl w grudniu 2024 roku. Czy nowe regulacje mog\u0105 utrudni\u0107 egzekwowanie ENA wobec azylant\u00f3w w Budapeszcie?<\/p>\n<p class=\"article-p\" data-section=\"detail-body\">Zapytali\u015bmy o to eksperta. \u2014 Kr\u00f3tko m\u00f3wi\u0105c: nie s\u0105dz\u0119. Cho\u0107 ramy Europejskiego Nakazu Aresztowania (ENA), z uzasadnionych powod\u00f3w, nigdy nie zawiera\u0142y konkretnych wytycznych dotycz\u0105cych uchod\u017ac\u00f3w, prawo uchod\u017acze jasno m\u00f3wi o odsy\u0142aniu osoby obj\u0119tej ochron\u0105 mi\u0119dzynarodow\u0105 do kraju, z kt\u00f3rego uciek\u0142a. M\u00f3wi ono, \u017ce jest to zabronione (zasada non-refoulement). Innymi s\u0142owy, nawet bez tej poprawki, gdyby obywatel UE, kt\u00f3ry otrzyma\u0142 status uchod\u017acy, argumentowa\u0142 w procesie ekstradycyjnym, \u017ce w\u0142a\u015bnie ze wzgl\u0119du na ten status nie mo\u017ce zosta\u0107 odes\u0142any, s\u0119dzia \u2014 chc\u0105c przestrzega\u0107 zasady non-refoulement \u2014 musia\u0142by odrzuci\u0107 wniosek o ekstradycj\u0119 \u2014 wyja\u015bnia Andras Lederer z W\u0119gierskiego Komitetu Helsi\u0144skiego, gdzie kieruje dzia\u0142aniami dotycz\u0105cymi ochrony mi\u0119dzynarodowej i praworz\u0105dno\u015bci.<\/p>\n<p>        Zbigniew Ziobro otrzyma\u0142 azyl. W\u0119gry utrudni\u0105 egzekwowanie ENA?<\/p>\n<p class=\"article-p\" data-section=\"detail-body\">Jest jednak kwestia, kt\u00f3ra mo\u017ce otworzy\u0107 sp\u00f3r prawny. Ekspert wyja\u015bnia, \u017ce prawo w\u0119gierskie przewiduje dwa statusy o tej samej nazwie, ale prawnie s\u0105 one zasadniczo r\u00f3\u017cne. Istnieje status uchod\u017acy, przyznawany w drodze procedury przez organ ds. azylu, regulowany przez unijne prawo azylowe. Drugi status o dok\u0142adnie tej samej nazwie jest przyznawany w spos\u00f3b uznaniowy przez ministra spraw wewn\u0119trznych osobom, &#8222;kt\u00f3re nie spe\u0142niaj\u0105 kryteri\u00f3w uznania za uchod\u017ac\u00f3w&#8221;.<\/p>\n<p class=\"article-p\" data-section=\"detail-body\">\u2014 Jest to zatem sytuacja, kt\u00f3ra mo\u017ce wyst\u0105pi\u0107 tylko wtedy, gdy dana osoba nie mo\u017ce zosta\u0107 uznana za (zwyczajnego) uchod\u017ac\u0119, np. dlatego, \u017ce w rzeczywisto\u015bci nie jest prze\u015bladowana w swoim kraju. Je\u015bli uwa\u017cnie przeczyta\u0107 poprawk\u0119, o kt\u00f3rej mowa, wyra\u017anie uwzgl\u0119dnia ona ten uznaniowy status uchod\u017acy jako podstaw\u0119, na kt\u00f3rej nale\u017cy odm\u00f3wi\u0107 wykonania ENA. W tym miejscu mo\u017ce doj\u015b\u0107 do kolizji z prawem UE i mi\u0119dzynarodowym prawem uchod\u017aczym \u2014 m\u00f3wi nam Andras Lederer.<\/p>\n<p>        W\u0119gry maj\u0105 nowe prawo dotycz\u0105ce azylant\u00f3w. Czy Budapeszt rzuci wyzwanie TSUE?<\/p>\n<p class=\"article-p\" data-section=\"detail-body\">Specjalista z W\u0119gierskiego Komitetu Helsi\u0144skiego wskazuje, \u017ce prawo UE bardzo jasno definiuje, kto jest uchod\u017ac\u0105 (na podstawie Konwencji Genewskiej), wi\u0119c konsekwencje ochronne dotycz\u0105 tylko takich os\u00f3b. \u2014 Istnieje orzecznictwo TSUE dotycz\u0105ce status\u00f3w, kt\u00f3re w poszczeg\u00f3lnych pa\u0144stwach cz\u0142onkowskich mog\u0105 by\u0107 potocznie nazywane &#8222;statusem uchod\u017acy&#8221;, ale s\u0105 przyznawane osobom niespe\u0142niaj\u0105cym kryteri\u00f3w uznania za uchod\u017ac\u0119 w rozumieniu prawa UE \u2014 dodaje.<\/p>\n<p class=\"article-p\" data-section=\"detail-body\">Lederer przypomina orzeczenie TSUE, z kt\u00f3rego wynika, \u017ce w takich przypadkach \u2014 bez wzgl\u0119du na to, jak nazywaj\u0105 si\u0119 one w ustawodawstwie krajowym \u2014 nie s\u0105 to statusy uchod\u017acy do cel\u00f3w prawa UE (innymi s\u0142owy, tre\u015b\u0107 tej kategorii nie mo\u017ce by\u0107 taka sama) i nie podlegaj\u0105 one wzajemnemu uznawaniu przez pa\u0144stwa cz\u0142onkowskie UE. \u2014 Nie wiemy, czy pan Ziobro lub jego \u017cona otrzymali taki uznaniowy status, czy nie, ale w\u0142\u0105czenie tego zapisu do poprawki sugeruje, \u017ce jest to zdecydowanie brana pod uwag\u0119 opcja. Technicznie rzecz bior\u0105c, gdy przeciwko danej osobie wystawiony jest ENA, organy \u015bcigania maj\u0105 obowi\u0105zek j\u0105 aresztowa\u0107 i doprowadzi\u0107 przed s\u0105d. To nie organy \u015bcigania, lecz s\u0105d decyduje o tym, czy faktycznie dokona\u0107 ekstradycji (czyli wykona\u0107 ENA). S\u0119dzia orzekaj\u0105cy w sprawie mo\u017ce zawiesi\u0107 post\u0119powanie, je\u015bli uzna, \u017ce maj\u0105ce zastosowanie prawo krajowe jest sprzeczne z prawem UE, i skierowa\u0107 spraw\u0119 do TSUE \u2014 wyja\u015bnia.<\/p>\n<p>        Ilu azylant\u00f3w rezyduje na W\u0119grzech?<\/p>\n<p class=\"article-p\" data-section=\"detail-body\">W kontek\u015bcie udzielenia azylu w Budapeszcie szczeg\u00f3lne zainteresowanie budzi osoba Ziobry czy Romanowskiego. Czy wiadomo, ile os\u00f3b rezyduje obecnie na W\u0119grzech?\u2014 Niestety nie dysponujemy precyzyjnymi danymi, ale mi\u0119dzy rokiem 2000 a wrze\u015bniem 2025 r. W\u0119gry przyzna\u0142y \u0142\u0105cznie 2797 status\u00f3w uchod\u017acy. Nie wiemy, ilu z tych ludzi nadal przebywa na W\u0119grzech, ilu wr\u00f3ci\u0142o do domu lub wyjecha\u0142o do kraj\u00f3w trzecich, a ilu uzyska\u0142o obywatelstwo w\u0119gierskie (lub innego kraju UE), trac\u0105c tym samym status uchod\u017acy \u2014 m\u00f3wi Lederer.<\/p>\n<p class=\"article-p\" data-section=\"detail-body\">Ekspert zwraca uwag\u0119, \u017ce cho\u0107 intencje rz\u0105du nie s\u0105 znane, to nowe regulacje nie chroni\u0105 nikogo przed przysz\u0142ymi zmianami. \u2014 Status uchod\u017acy, je\u015bli zostanie przyznany w trybie uznaniowym, mo\u017ce zosta\u0107 cofni\u0119ty przez ministra spraw wewn\u0119trznych. Statusy przyznane w zwyk\u0142ych procedurach musz\u0105 by\u0107, zgodnie z obecnymi przepisami, weryfikowane przynajmniej co trzy lata \u2014 podsumowuje.<\/p>\n<p class=\"article-p\" data-section=\"detail-body\"><a href=\"https:\/\/www.fakt.pl\/polityka\/zbigniew-ziobro-otrzymal-azyl-prawnik-o-posiedzeniu-aresztowym\/s4sw5j2\" id=\"f9023173-854e-4918-aae7-8afa9620a686\" rel=\"nofollow noopener\" target=\"_blank\">S\u0105d decyduje o areszcie dla Zbigniewa Ziobry. G\u0142o\u015bny azyl na W\u0119grzech<\/a><\/p>\n","protected":false},"excerpt":{"rendered":"22 grudnia w w\u0119gierskim Dzienniku Ustaw opublikowano nowelizacj\u0119 ustawy o wsp\u00f3\u0142pracy karnej z pa\u0144stwami cz\u0142onkowskimi UE. Zgodnie z&hellip;\n","protected":false},"author":2,"featured_media":206662,"comment_status":"","ping_status":"","sticky":false,"template":"","format":"standard","meta":{"footnotes":""},"categories":[5],"tags":[32,33,36,37,27,34,35,28,31,25,42,38,40,39,41,29,30,26],"class_list":{"0":"post-206661","1":"post","2":"type-post","3":"status-publish","4":"format-standard","5":"has-post-thumbnail","7":"category-naglowki","8":"tag-breaking-news","9":"tag-breakingnews","10":"tag-featured-news","11":"tag-featurednews","12":"tag-headlines","13":"tag-latest-news","14":"tag-latestnews","15":"tag-naglowki","16":"tag-najwazniejsze-artykuly","17":"tag-news","18":"tag-pl","19":"tag-poland","20":"tag-polish","21":"tag-polska","22":"tag-polski","23":"tag-top-stories","24":"tag-topstories","25":"tag-wiadomosci"},"share_on_mastodon":{"url":"https:\/\/pubeurope.com\/@pl\/115899641715619016","error":""},"_links":{"self":[{"href":"https:\/\/www.europesays.com\/pl\/wp-json\/wp\/v2\/posts\/206661","targetHints":{"allow":["GET"]}}],"collection":[{"href":"https:\/\/www.europesays.com\/pl\/wp-json\/wp\/v2\/posts"}],"about":[{"href":"https:\/\/www.europesays.com\/pl\/wp-json\/wp\/v2\/types\/post"}],"author":[{"embeddable":true,"href":"https:\/\/www.europesays.com\/pl\/wp-json\/wp\/v2\/users\/2"}],"replies":[{"embeddable":true,"href":"https:\/\/www.europesays.com\/pl\/wp-json\/wp\/v2\/comments?post=206661"}],"version-history":[{"count":0,"href":"https:\/\/www.europesays.com\/pl\/wp-json\/wp\/v2\/posts\/206661\/revisions"}],"wp:featuredmedia":[{"embeddable":true,"href":"https:\/\/www.europesays.com\/pl\/wp-json\/wp\/v2\/media\/206662"}],"wp:attachment":[{"href":"https:\/\/www.europesays.com\/pl\/wp-json\/wp\/v2\/media?parent=206661"}],"wp:term":[{"taxonomy":"category","embeddable":true,"href":"https:\/\/www.europesays.com\/pl\/wp-json\/wp\/v2\/categories?post=206661"},{"taxonomy":"post_tag","embeddable":true,"href":"https:\/\/www.europesays.com\/pl\/wp-json\/wp\/v2\/tags?post=206661"}],"curies":[{"name":"wp","href":"https:\/\/api.w.org\/{rel}","templated":true}]}}