{"id":206681,"date":"2026-01-15T14:52:08","date_gmt":"2026-01-15T14:52:08","guid":{"rendered":"https:\/\/www.europesays.com\/pl\/206681\/"},"modified":"2026-01-15T14:52:08","modified_gmt":"2026-01-15T14:52:08","slug":"inflacja-bedzie-jeszcze-nizsza-to-oznacza-spadki-stop-procentowych","status":"publish","type":"post","link":"https:\/\/www.europesays.com\/pl\/206681\/","title":{"rendered":"Inflacja b\u0119dzie jeszcze ni\u017csza. To oznacza spadki st\u00f3p procentowych"},"content":{"rendered":"<p data-section=\"detail-body\">Potwierdzi\u0142y si\u0119 wcze\u015bniejsze szacunkowe wyliczenia, \u017ce inflacja w Polsce w grudniu 2025 r. spad\u0142a do najni\u017cszego poziomu od kwietnia 2024 r. \u2014 wynios\u0142a 2,4 proc. O tyle wzr\u00f3s\u0142 \u015brednio poziom cen d\u00f3br i us\u0142ug konsumpcyjnych w por\u00f3wnaniu z grudniem 2024 r. Miesi\u0105c temu by\u0142a na poziomie 2,5 proc.<\/p>\n<p class=\"article_p\" data-section=\"detail-body\">Dalsza cz\u0119\u015b\u0107 artyku\u0142u znajduje si\u0119 poni\u017cej materia\u0142u wideo<\/p>\n<p>        Inflacja w grudniu 2025 spad\u0142a. Ekonomi\u015bci komentuj\u0105<\/p>\n<p class=\"article_p\" data-section=\"detail-body\">&#8222;Istotny wk\u0142ad w hamowanie inflacji maj\u0105 w ostatnich miesi\u0105cach ceny \u017cywno\u015bci \u2014 w grudniu wzrost cen wyhamowa\u0142 do 2 proc. z 2,3 proc. r\/r w listopadzie. Szacujemy, \u017ce inflacja bazowa w grudniu wynios\u0142a 2,7 proc., tyle samo co w listopadzie&#8221; \u2014 komentuj\u0105 ekonomi\u015bci PKO BP.<\/p>\n<p class=\"article_p\" data-section=\"detail-body\">&#8222;To jeszcze nie koniec procesu dezinflacji w Polsce, cho\u0107 tempo spadku inflacji w 2026 r. wyra\u017anie spowolni&#8221; \u2014 prognozuj\u0105 eksperci Banku Pekao. Przy okazji podsumowali, kt\u00f3re produkty najmocniej zmieni\u0142y ceny w 2025 r.<\/p>\n<p>            Czytaj tak\u017ce w BUSINESS INSIDER<\/p>\n<p class=\"article_p\" data-section=\"detail-body\">Zobacz tak\u017ce: <a href=\"https:\/\/businessinsider.com.pl\/praca\/emerytury\/waloryzacja-emerytur-i-rent-gus-podal-kluczowe-wskazniki-inflacji\/zpwqpyz\" id=\"b8093b2c-5548-4597-b045-6b8e4c825a08\" rel=\"nofollow noopener\" target=\"_blank\">Waloryzacja emerytur i rent. Ile wyniesie? Sprawd\u017a kluczowe wska\u017aniki inflacji<\/a><\/p>\n<p class=\"article_p\" data-section=\"detail-body\">Jakub Olipra z Credit Agricole zwraca te\u017c uwag\u0119, \u017ce ju\u017c sz\u00f3sty miesi\u0105c z rz\u0119du spada dynamika cen us\u0142ug. Tym samym, cho\u0107 tempo wzrostu cen us\u0142ug nadal znacz\u0105co przewy\u017csza tempo wzrostu cen towar\u00f3w, jego obni\u017cenie sygnalizuje \u2014 wraz ze spadkiem inflacji bazowej \u2014 stopniowe zmniejszenie presji inflacyjnej.<\/p>\n<p class=\"article_p\" data-section=\"detail-body\">&#8222;Oczekujemy, \u017ce w kolejnych kwarta\u0142ach inflacja og\u00f3\u0142em b\u0119dzie kszta\u0142towa\u0107 si\u0119 w pobli\u017cu celu inflacyjnego. W czwartym kwartale 2026 r. przyspieszy do 3,3 proc., co wynika\u0107 b\u0119dzie z efekt\u00f3w niskiej bazy dla cen \u017cywno\u015bci i paliw&#8221; \u2014 prognozuje ekspert Credit Agricole.<\/p>\n<p>        Inflacja spada. Co dalej ze stopami procentowymi?<\/p>\n<p class=\"article_p\" data-section=\"detail-body\">&#8222;Ze wzgl\u0119du na prognozowan\u0105 przez nas perspektyw\u0119 przej\u015bciowego spadku inflacji poni\u017cej celu inflacyjnego w pierwszym kwartale 2026 r. (lokalne minimum r\u00f3wne 2,1 proc. w lutym) podtrzymujemy nasz scenariusz, zgodnie z kt\u00f3rym Rada Polityki Pieni\u0119\u017cnej dokona jeszcze jednej obni\u017cki st\u00f3p procentowych o 0,25 pkt proc. w marcu 2026 r. Tym samym stopa referencyjna osi\u0105gnie sw\u00f3j docelowy poziom r\u00f3wny 3,75 proc.&#8221; \u2014 wskazuje Jakub Olipra.<\/p>\n<p class=\"article_p\" data-section=\"detail-body\">Zobacz tak\u017ce: <a href=\"https:\/\/businessinsider.com.pl\/finanse\/joanna-tyrowicz-zmienia-ton-inflacja-w-polsce-blizej-celu-nbp-ogien-i-lod\/sthf2cr\" id=\"d2e20d35-1c05-459a-b22d-5d4ca0d73b03\" rel=\"nofollow noopener\" target=\"_blank\">Jedna noga w ogniu, druga w lodzie. Zaskakuj\u0105cy g\u0142os z Rady Polityki Pieni\u0119\u017cnej<\/a><\/p>\n<p class=\"article_p\" data-section=\"detail-body\">O wp\u0142ywie inflacji na stopy procentowe m\u00f3wi\u0105 te\u017c ekonomi\u015bci ING Banku \u015al\u0105skiego. &#8222;Spadek inflacji poni\u017cej celu NBP nie przekona\u0142 wczoraj RPP do obni\u017cki st\u00f3p procentowych. W naszej ocenie trend dezinflacyjny jest silny, a pauza w \u0142agodzeniu polityki pieni\u0119\u017cnej b\u0119dzie kr\u00f3tka. Kolejne ci\u0119cie st\u00f3p mo\u017cliwe ju\u017c w marcu&#8221; \u2014 czytamy w ich wpisie na platformie X.<\/p>\n","protected":false},"excerpt":{"rendered":"Potwierdzi\u0142y si\u0119 wcze\u015bniejsze szacunkowe wyliczenia, \u017ce inflacja w Polsce w grudniu 2025 r. spad\u0142a do najni\u017cszego poziomu od&hellip;\n","protected":false},"author":2,"featured_media":206682,"comment_status":"","ping_status":"","sticky":false,"template":"","format":"standard","meta":{"footnotes":""},"categories":[16],"tags":[113,112,42,38,40,39,41],"class_list":{"0":"post-206681","1":"post","2":"type-post","3":"status-publish","4":"format-standard","5":"has-post-thumbnail","7":"category-biznes","8":"tag-biznes","9":"tag-business","10":"tag-pl","11":"tag-poland","12":"tag-polish","13":"tag-polska","14":"tag-polski"},"share_on_mastodon":{"url":"https:\/\/pubeurope.com\/@pl\/115899684906689300","error":""},"_links":{"self":[{"href":"https:\/\/www.europesays.com\/pl\/wp-json\/wp\/v2\/posts\/206681","targetHints":{"allow":["GET"]}}],"collection":[{"href":"https:\/\/www.europesays.com\/pl\/wp-json\/wp\/v2\/posts"}],"about":[{"href":"https:\/\/www.europesays.com\/pl\/wp-json\/wp\/v2\/types\/post"}],"author":[{"embeddable":true,"href":"https:\/\/www.europesays.com\/pl\/wp-json\/wp\/v2\/users\/2"}],"replies":[{"embeddable":true,"href":"https:\/\/www.europesays.com\/pl\/wp-json\/wp\/v2\/comments?post=206681"}],"version-history":[{"count":0,"href":"https:\/\/www.europesays.com\/pl\/wp-json\/wp\/v2\/posts\/206681\/revisions"}],"wp:featuredmedia":[{"embeddable":true,"href":"https:\/\/www.europesays.com\/pl\/wp-json\/wp\/v2\/media\/206682"}],"wp:attachment":[{"href":"https:\/\/www.europesays.com\/pl\/wp-json\/wp\/v2\/media?parent=206681"}],"wp:term":[{"taxonomy":"category","embeddable":true,"href":"https:\/\/www.europesays.com\/pl\/wp-json\/wp\/v2\/categories?post=206681"},{"taxonomy":"post_tag","embeddable":true,"href":"https:\/\/www.europesays.com\/pl\/wp-json\/wp\/v2\/tags?post=206681"}],"curies":[{"name":"wp","href":"https:\/\/api.w.org\/{rel}","templated":true}]}}