{"id":206688,"date":"2026-01-15T14:56:12","date_gmt":"2026-01-15T14:56:12","guid":{"rendered":"https:\/\/www.europesays.com\/pl\/206688\/"},"modified":"2026-01-15T14:56:12","modified_gmt":"2026-01-15T14:56:12","slug":"igrzyska-2026-rosjanie-grzmia-po-decyzji-lotyszy-batalia-sadowa-na-horyzoncie","status":"publish","type":"post","link":"https:\/\/www.europesays.com\/pl\/206688\/","title":{"rendered":"Igrzyska 2026. Rosjanie grzmi\u0105 po decyzji \u0141otyszy. Batalia s\u0105dowa na horyzoncie"},"content":{"rendered":"<p>Rosjanie wracaj\u0105 do sportu. MKOl wyda\u0142 zgod\u0119, a lista nie jest zamkni\u0119ta<\/p>\n<p class=\"typography ids-typeset-body ids-typeset-body--preset-large link paragraph ids-paragraph ids-paragraph--default\">Oczywi\u015bcie sportowcy z Rosji i Bia\u0142orusi musz\u0105 spe\u0142ni\u0107 wiele wymog\u00f3w, aby zosta\u0107 dopuszczeni do startu. W trakcie zawod\u00f3w b\u0119d\u0105 wyst\u0119powa\u0107 w neutralnych barwach, bez flag i symboli narodowych. Nie mog\u0105 tak\u017ce wzi\u0105\u0107 udzia\u0142u w defiladzie sportowc\u00f3w podczas ceremonii otwarcia i zamkni\u0119cia imprezy.<\/p>\n<p>Rosjanie w\u015bciekli na \u0141otyszy. &#8222;To ha\u0144ba&#8221;<\/p>\n<p class=\"typography ids-typeset-body ids-typeset-body--preset-large link paragraph ids-paragraph ids-paragraph--default\">W ostatnim czasie Rosjanie si\u0119 jednak mocno w\u015bciekli na dzia\u0142ania \u0141otewskiego Komitetu Olimpijskiego. Ten zaleci\u0142 swoim sportowcom, aby unikali jakiegokolwiek kontaktu, udost\u0119pniania zdj\u0119\u0107 i komunikowania si\u0119 z przedstawicielami Rosji i Bia\u0142orusi.<\/p>\n<blockquote role=\"blockquote\" class=\"quote ids-quote ids-quote--nosurface--short--medium\"><p>Zalecenia \u0141otewskiego Komitetu Olimpijskiego to nie tylko ra\u017c\u0105cy przyk\u0142ad dyskryminacji. Stanowi\u0105 one celowe podwa\u017canie samych fundament\u00f3w ruchu olimpijskiego, kt\u00f3rego duchem zawsze by\u0142a r\u00f3wno\u015b\u0107, uczciwa rywalizacja i jedno\u015b\u0107 ponad polityk\u0105\u00a0powiedzia\u0142 Dmitrij Swiszczew, pierwszy zast\u0119pca przewodnicz\u0105cego Komisji Dumy Pa\u0144stwowej ds. Kultury Fizycznej i Sportu, w wywiadzie dla Match TV.<\/p><\/blockquote>\n<p class=\"typography ids-typeset-body ids-typeset-body--preset-large link paragraph ids-paragraph ids-paragraph--default\">Swiszczew zapowiedzia\u0142, \u017ce w zwi\u0105zku z tym przygotowuje pozew do Europejskiego Trybuna\u0142u Praw Cz\u0142owieka, a tak\u017ce wy\u015ble skarg\u0119 do MKOl.<\/p>\n<p class=\"typography ids-typeset-body ids-typeset-body--preset-large link paragraph ids-paragraph ids-paragraph--default\">&#8211; Sport powinien \u0142\u0105czy\u0107, a nie dzieli\u0107. Wygl\u0105da jednak na to, \u017ce \u0142otewscy dzia\u0142acze nie stawiaj\u0105 na pierwszym miejscu wynik\u00f3w, ani fair play, ale demonstrowanie swoich rasistowskich i rusofobicznych pogl\u0105d\u00f3w. To ha\u0144ba dla ca\u0142ej \u015bwiatowej spo\u0142eczno\u015bci sportowej &#8211; doda\u0142.<\/p>\n<p class=\"typography ids-typeset-body ids-typeset-body--preset-large link paragraph ids-paragraph ids-paragraph--default\">Igrzyska olimpijskie we W\u0142oszech rozpoczynaj\u0105 si\u0119 6 lutego.<\/p>\n<p>100 dni do XXV Zimowych Igrzysk Olimpijskich Mediolan-Cortina 2026. WIDEOANDREA BERNARDI \/ AFPTV \/ AFPAFP<\/p>\n<p><img decoding=\"async\" class=\"ids-image-holder__img\" loading=\"lazy\" alt=\"Zawodnik ubrany w sportowy str\u00f3j narciarski niesie du\u017c\u0105 rosyjsk\u0105 flag\u0119, kt\u00f3ra zas\u0142ania jego twarz. W r\u0119kach trzyma kijki narciarskie. T\u0142o rozmyte, skupia uwag\u0119 na sportowcu i fladze.\" title=\"Rosjanie s\u0105 w\u015bciekli po wykluczeniu przez FIS\" width=\"1024\" height=\"779\" src=\"https:\/\/www.europesays.com\/pl\/wp-content\/uploads\/2025\/12\/000LUZ6OEU3TUW1D-C323-F4.webp.webp\"\/><\/p>\n<p>Rosjanie s\u0105 w\u015bciekli po wykluczeniu przez FISHendrik SchmidtAFP<\/p>\n<p><img decoding=\"async\" class=\"ids-image-holder__img\" loading=\"lazy\" alt=\"M\u0119\u017cczyzna w ciemnym garniturze z krawatem siedzi przy stole trzymaj\u0105c kartki papieru, w tle widoczne barwy rosyjskiej flagi.\" title=\"W\u0142adimir Putin. Rosjanie wracaj\u0105 do Pucharu \u015awiata\" width=\"2000\" height=\"1395\" src=\"https:\/\/www.europesays.com\/pl\/wp-content\/uploads\/2025\/12\/000LNWM0HO27TJ8J-C323-F4.webp.webp\"\/><\/p>\n<p>W\u0142adimir Putin. Rosjanie wracaj\u0105 do Pucharu \u015awiataVYACHESLAV PROKOFYEV\/AFP\/East NewsEast News<\/p>\n<p><img decoding=\"async\" class=\"ids-image-holder__img\" loading=\"lazy\" alt=\"M\u0119\u017cczyzna w garniturze stoi na tle niebieskich i bia\u0142ych flag, trzyma r\u0119k\u0119 przy twarzy, wygl\u0105daj\u0105c powa\u017cnie.\" title=\"Prezydent Rosji W\u0142adimir Putin\" width=\"2400\" height=\"1600\" src=\"https:\/\/www.europesays.com\/pl\/wp-content\/uploads\/2025\/12\/000LZDAISI6A07W1-C323-F4.webp.webp\"\/><\/p>\n<p>Prezydent Rosji W\u0142adimir PutinPAVEL GOLOVKIN \/ POOLAFP<\/p>\n<p><a class=\"ids-undecorated-link source ids-page-info--source__link\" href=\"https:\/\/www.interia.pl\" rel=\"nofollow noopener\" target=\"_blank\"><img decoding=\"async\" class=\"ids-image-holder__img\" loading=\"lazy\" alt=\"\" title=\"\" height=\"24px\" src=\"https:\/\/www.europesays.com\/pl\/wp-content\/uploads\/2026\/01\/1768417092_915_0009A60QQ5I2TYF7-C202-F4.webp.webp\"\/><\/a><\/p>\n<p>Masz sugestie, uwagi albo widzisz b\u0142\u0105d? Napisz do nas<\/p>\n","protected":false},"excerpt":{"rendered":"Rosjanie wracaj\u0105 do sportu. MKOl wyda\u0142 zgod\u0119, a lista nie jest zamkni\u0119ta Oczywi\u015bcie sportowcy z Rosji i Bia\u0142orusi&hellip;\n","protected":false},"author":2,"featured_media":206689,"comment_status":"","ping_status":"","sticky":false,"template":"","format":"standard","meta":{"footnotes":""},"categories":[24],"tags":[42,38,40,39,41,127,126],"class_list":{"0":"post-206688","1":"post","2":"type-post","3":"status-publish","4":"format-standard","5":"has-post-thumbnail","7":"category-sport","8":"tag-pl","9":"tag-poland","10":"tag-polish","11":"tag-polska","12":"tag-polski","13":"tag-sport","14":"tag-sports"},"share_on_mastodon":{"url":"https:\/\/pubeurope.com\/@pl\/115899700643697025","error":""},"_links":{"self":[{"href":"https:\/\/www.europesays.com\/pl\/wp-json\/wp\/v2\/posts\/206688","targetHints":{"allow":["GET"]}}],"collection":[{"href":"https:\/\/www.europesays.com\/pl\/wp-json\/wp\/v2\/posts"}],"about":[{"href":"https:\/\/www.europesays.com\/pl\/wp-json\/wp\/v2\/types\/post"}],"author":[{"embeddable":true,"href":"https:\/\/www.europesays.com\/pl\/wp-json\/wp\/v2\/users\/2"}],"replies":[{"embeddable":true,"href":"https:\/\/www.europesays.com\/pl\/wp-json\/wp\/v2\/comments?post=206688"}],"version-history":[{"count":0,"href":"https:\/\/www.europesays.com\/pl\/wp-json\/wp\/v2\/posts\/206688\/revisions"}],"wp:featuredmedia":[{"embeddable":true,"href":"https:\/\/www.europesays.com\/pl\/wp-json\/wp\/v2\/media\/206689"}],"wp:attachment":[{"href":"https:\/\/www.europesays.com\/pl\/wp-json\/wp\/v2\/media?parent=206688"}],"wp:term":[{"taxonomy":"category","embeddable":true,"href":"https:\/\/www.europesays.com\/pl\/wp-json\/wp\/v2\/categories?post=206688"},{"taxonomy":"post_tag","embeddable":true,"href":"https:\/\/www.europesays.com\/pl\/wp-json\/wp\/v2\/tags?post=206688"}],"curies":[{"name":"wp","href":"https:\/\/api.w.org\/{rel}","templated":true}]}}