{"id":206714,"date":"2026-01-15T15:10:09","date_gmt":"2026-01-15T15:10:09","guid":{"rendered":"https:\/\/www.europesays.com\/pl\/206714\/"},"modified":"2026-01-15T15:10:09","modified_gmt":"2026-01-15T15:10:09","slug":"aukcja-igi-swiatek-na-wosp-przebila-wszystkich-astronomiczna-kwota","status":"publish","type":"post","link":"https:\/\/www.europesays.com\/pl\/206714\/","title":{"rendered":"Aukcja Igi \u015awi\u0105tek na WO\u015aP przebi\u0142a wszystkich. Astronomiczna kwota"},"content":{"rendered":"<p class=\"Paragraph_desktopParagraph__U31Gm\">Wiele gwiazd ponownie wystawi\u0142o liczne aukcje z okazji zbli\u017caj\u0105cego si\u0119 34. Fina\u0142u <a href=\"https:\/\/plejada.pl\/temat\/wielka-orkiestra-swiatecznej-pomocy-wosp\/8hhw1k2\" id=\"342968d5-f3bb-4bbf-9a9f-dffcc0478ac5\" rel=\"nofollow noopener\" target=\"_blank\">Wielkiej Orkiestry \u015awi\u0105tecznej Pomocy<\/a>. Nie zabraknie licytacji od Joanny Przetakiewicz, Ewy Chodakowskiej, Jana Lubomirskiego-Lanckoro\u0144skiego, a tak\u017ce Joanny Krupy i Roberta Biedronia. Akcj\u0119 postanowi\u0142a wesprze\u0107 r\u00f3wnie\u017c <a href=\"https:\/\/plejada.pl\/temat\/iga-swiatek-tenisistka\/xqlg6hk\" id=\"5994a089-7a1f-4c83-82b5-8d3cbcda14e3\" rel=\"nofollow noopener\" target=\"_blank\">Iga \u015awi\u0105tek<\/a>.<\/p>\n<ul class=\"OchatFollowUps_wrapper__1ry7X\">\n<li class=\"OchatFollowUps_item__Dhyly OchatFollowUps_itemDesktop__R6aBv\">Jakie przedmioty wystawi\u0142a Iga \u015awi\u0105tek na aukcj\u0119?<\/li>\n<li class=\"OchatFollowUps_item__Dhyly OchatFollowUps_itemDesktop__R6aBv\">Jak\u0105 kwot\u0119 osi\u0105gn\u0119\u0142a aukcja Igi \u015awi\u0105tek?<\/li>\n<li class=\"OchatFollowUps_item__Dhyly OchatFollowUps_itemDesktop__R6aBv\">Kto jeszcze wystawi\u0142 przedmioty na aukcj\u0119 WO\u015aP?<\/li>\n<li class=\"OchatFollowUps_item__Dhyly OchatFollowUps_itemDesktop__R6aBv\">Do kiedy zwyci\u0119zca aukcji musi odebra\u0107 pami\u0105tki?<\/li>\n<\/ul>\n<p>Aukcja Igi \u015awi\u0105tek na WO\u015aP przebi\u0142a wszystkich. Astronomiczna kwota <\/p>\n<p class=\"Paragraph_desktopParagraph__U31Gm\">Wyj\u0105tkowe pami\u0105tki Igi \u015awi\u0105tek trafi\u0142y na aukcj\u0119 WO\u015aP. Internauci mog\u0105 wylicytowa\u0107 podpisan\u0105 przez ni\u0105 rakiet\u0119, kt\u00f3r\u0105 24-latka zwyci\u0119\u017cy\u0142a w lipcu Wimbledon 2025. Do tego do\u0142\u0105czono tak\u017ce r\u0119cznik ze wspomnianego turnieju.<\/p>\n<blockquote>\n<p class=\"Paragraph_desktopParagraph__U31Gm\">To autentyczne pami\u0105tki zwi\u0105zane z jednym z najwi\u0119kszych sukces\u00f3w w historii polskiego sportu. Niepowtarzalna okazja, by sta\u0107 si\u0119 w\u0142a\u015bcicielem fragmentu tenisowej historii i jednocze\u015bnie wesprze\u0107 szczytny cel<\/p>\n<\/blockquote>\n<p class=\"Paragraph_desktopParagraph__U31Gm\">\u2014 czytamy. Zwyci\u0119zca otrzyma tak\u017ce certyfikat i b\u0119dize musia\u0142 odebra\u0107 pami\u0105tki do czerwca 2026 r. Co ciekawe, w momencie publikacji artyku\u0142u aukcja wynosi a\u017c 95 tys. 750 z\u0142 \u2014 jest to obecnie najwy\u017csza kwota wszystkich licytacji w ramach 34. Fina\u0142u WO\u015aP.<\/p>\n<p><img decoding=\"async\" class=\"Image_image__0tuHp Image_autoHeight__f2n87 \" height=\"437\" width=\"940\" src=\"https:\/\/www.europesays.com\/pl\/wp-content\/uploads\/2026\/01\/zAYk9kpTURBXy81NzQ2NjlhNTkyMGNmYmE5YmNjYTAwM2ZjNjNiNmZmMy5wbmeSlQLNA6wAwsOVAgDNAkvCw94AA6EwAaExAaEzw.jpeg\" alt=\"Aukcja Igi \u015awi\u0105tek na WO\u015aP\" loading=\"lazy\" \/>Allegro<\/p>\n<p>Aukcja Igi \u015awi\u0105tek na WO\u015aP<\/p>\n<p class=\"Paragraph_desktopParagraph__U31Gm\">Sam Jerzy Owsiak pozytywnie wypowiada si\u0119 na temat tenisistki.<\/p>\n<p class=\"Paragraph_desktopParagraph__U31Gm\">&#8222;Patrz\u0119 na jej buty, patrz\u0119 na jej spodnie, patrz\u0119, jak ona jest ubrana, jaki sweter ma na sobie. Jak si\u0119 odzywa, co m\u00f3wi. Jakbym w og\u00f3le z kumpel\u0105 rozmawia\u0142. Tak\u0105 kumpel\u0105 z rodziny, co jest c\u00f3rk\u0105 znajomych i ona przyjdzie tutaj co\u015b pom\u00f3c nam robi\u0107. Normalno\u015b\u0107, normalno\u015b\u0107, przemi\u0142a normalno\u015b\u0107&#8221; \u2014 m\u00f3wi\u0142 w rozmowie z Radiem Zet.<\/p>\n<p><img decoding=\"async\" class=\"Image_image__0tuHp Image_autoHeight__f2n87 \" height=\"587\" width=\"880\" src=\"https:\/\/www.europesays.com\/pl\/wp-content\/uploads\/2026\/01\/zOek9kpTURBXy85YzNlMjg2MmIzMWVkYjlhZjNiZWMzMTNlMTVhNWI5MC5qcGeSlQLNA6wAwsOVAgDNAkvCw94AA6EwAaExAaEzw.jpeg\" alt=\"Iga \u015awi\u0105tek\" loading=\"lazy\" \/>Oscar Gonzalez Fuentes \/ Shutterstock<\/p>\n<p>Iga \u015awi\u0105tek<\/p>\n<p class=\"Paragraph_desktopParagraph__U31Gm\">Dzi\u0119kujemy, \u017ce przeczyta\u0142a\u015b\/e\u015b nasz artyku\u0142 do ko\u0144ca. W serwisie Plejada.pl ka\u017cdego dnia piszemy o najwa\u017cniejszych wydarzeniach show-biznesowych. B\u0105d\u017a na bie\u017c\u0105co! <a rel=\"nofollow noopener\" href=\"https:\/\/profile.google.com\/cp\/Cg0vZy8xMWJ6X19wdHBx\" id=\"963cea99-7a90-40fd-96c0-af2c9f7df85f\" target=\"_blank\">Obserwuj<\/a> Plejad\u0119 w Google. Odwied\u017a nas tak\u017ce na <a rel=\"nofollow noopener\" href=\"https:\/\/www.facebook.com\/plejadapl\" id=\"edf284e6-cf79-401d-8139-1e48df676305\" target=\"_blank\">Facebooku<\/a>, <a rel=\"nofollow noopener\" href=\"https:\/\/www.instagram.com\/plejadapl\/\" id=\"78a31806-caf9-4c8f-9b12-0c8f24610176\" target=\"_blank\">Instagramie<\/a>, <a rel=\"nofollow noopener\" href=\"https:\/\/www.youtube.com\/c\/plejada\" id=\"ac27b36f-0347-400c-bb5a-07305457d32a\" target=\"_blank\">YouTubie<\/a> oraz <a rel=\"nofollow noopener\" href=\"https:\/\/www.tiktok.com\/@plejada_pl\" id=\"a4812738-bb2a-448f-a64f-7554a7967d2b\" target=\"_blank\">TikToku<\/a>.<\/p>\n<p class=\"Paragraph_desktopParagraph__U31Gm\">Chcesz podzieli\u0107 si\u0119 ciekawym newsem lub zaproponowa\u0107 temat? Skontaktuj si\u0119 z nami, pisz\u0105c maila na adres: <a href=\"https:\/\/www.onet.pl\/styl-zycia\/plejada\/aukcja-igi-swiatek-na-wosp-przebila-wszystkich-astronomiczna-kwota\/mailto:plejada@redakcjaonet.pl\" id=\"d0a9bde4-dc39-4301-9c4e-c01443d7a51e\" rel=\"nofollow noopener\" target=\"_blank\">plejada@redakcjaon<\/a><a rel=\"nofollow noopener\" href=\"https:\/\/et.pl\/\" id=\"f523cb1b-88ce-4552-8119-6aec319267a3\" target=\"_blank\">et.pl<\/a>.<\/p>\n<p><script async src=\"\/\/www.instagram.com\/embed.js\"><\/script><script async src=\"\/\/www.tiktok.com\/embed.js\"><\/script><\/p>\n","protected":false},"excerpt":{"rendered":"Wiele gwiazd ponownie wystawi\u0142o liczne aukcje z okazji zbli\u017caj\u0105cego si\u0119 34. Fina\u0142u Wielkiej Orkiestry \u015awi\u0105tecznej Pomocy. Nie zabraknie&hellip;\n","protected":false},"author":2,"featured_media":206715,"comment_status":"","ping_status":"","sticky":false,"template":"","format":"standard","meta":{"footnotes":""},"categories":[24],"tags":[10226,67,15858,53,52,68,51,55,42,38,40,39,41,47,127,126,196,50,24008],"class_list":{"0":"post-206714","1":"post","2":"type-post","3":"status-publish","4":"format-standard","5":"has-post-thumbnail","7":"category-sport","8":"tag-iga_swiatek_tenisistka","9":"tag-intextvideo_splayer","10":"tag-jerzy_owsiak_jurek_owsiak","11":"tag-new_header","12":"tag-onet3","13":"tag-onet3d","14":"tag-onet3d_2i","15":"tag-phx","16":"tag-pl","17":"tag-poland","18":"tag-polish","19":"tag-polska","20":"tag-polski","21":"tag-screening_general","22":"tag-sport","23":"tag-sports","24":"tag-styl_zycia","25":"tag-v2021","26":"tag-wielka_orkiestra_swiatecznej_pomocy_wosp"},"share_on_mastodon":{"url":"https:\/\/pubeurope.com\/@pl\/115899755734716870","error":""},"_links":{"self":[{"href":"https:\/\/www.europesays.com\/pl\/wp-json\/wp\/v2\/posts\/206714","targetHints":{"allow":["GET"]}}],"collection":[{"href":"https:\/\/www.europesays.com\/pl\/wp-json\/wp\/v2\/posts"}],"about":[{"href":"https:\/\/www.europesays.com\/pl\/wp-json\/wp\/v2\/types\/post"}],"author":[{"embeddable":true,"href":"https:\/\/www.europesays.com\/pl\/wp-json\/wp\/v2\/users\/2"}],"replies":[{"embeddable":true,"href":"https:\/\/www.europesays.com\/pl\/wp-json\/wp\/v2\/comments?post=206714"}],"version-history":[{"count":0,"href":"https:\/\/www.europesays.com\/pl\/wp-json\/wp\/v2\/posts\/206714\/revisions"}],"wp:featuredmedia":[{"embeddable":true,"href":"https:\/\/www.europesays.com\/pl\/wp-json\/wp\/v2\/media\/206715"}],"wp:attachment":[{"href":"https:\/\/www.europesays.com\/pl\/wp-json\/wp\/v2\/media?parent=206714"}],"wp:term":[{"taxonomy":"category","embeddable":true,"href":"https:\/\/www.europesays.com\/pl\/wp-json\/wp\/v2\/categories?post=206714"},{"taxonomy":"post_tag","embeddable":true,"href":"https:\/\/www.europesays.com\/pl\/wp-json\/wp\/v2\/tags?post=206714"}],"curies":[{"name":"wp","href":"https:\/\/api.w.org\/{rel}","templated":true}]}}