{"id":206762,"date":"2026-01-15T15:36:09","date_gmt":"2026-01-15T15:36:09","guid":{"rendered":"https:\/\/www.europesays.com\/pl\/206762\/"},"modified":"2026-01-15T15:36:09","modified_gmt":"2026-01-15T15:36:09","slug":"wiceprezydent-lublina-beata-stepaniuk-kusmierzak-zatrzymana-przez-cba-uslyszala-zarzuty","status":"publish","type":"post","link":"https:\/\/www.europesays.com\/pl\/206762\/","title":{"rendered":"Wiceprezydent Lublina Beata Stepaniuk-Ku\u015bmierzak zatrzymana przez CBA. Us\u0142ysza\u0142a zarzuty"},"content":{"rendered":"<ul class=\"UnorderedList_container__nmfSl\">\n<li class=\"UnorderedList_listElement__Py7xi\" data-id=\"ai-summary-link\">Du\u017co czytania, a ma\u0142o czasu? Sprawd\u017a\u00a0skr\u00f3t\u00a0artyku\u0142u<\/li>\n<\/ul>\n<p class=\"Paragraph_desktopParagraph__U31Gm\">W \u015brod\u0119 14 stycznia br. o godz. 6 rano agenci CBA weszli do domu Beaty Stepaniuk-Ku\u015bmierzak, zast\u0119pcy prezydenta Lublina ds. kultury, partycypacji i sportu. Po przeszukaniu nieruchomo\u015bci wiceprezydent zosta\u0142a wyprowadzona i przewieziona na przes\u0142uchanie. P\u00f3\u0142torej godziny p\u00f3\u017aniej przeszukano r\u00f3wnie\u017c jej gabinet w ratuszu. Informacj\u0119 o zatrzymaniu Stepaniuk-Ku\u015bmierzak, jako pierwszy poda\u0142 &#8222;Dziennik Wschodni&#8221;.<\/p>\n<p class=\"Paragraph_desktopParagraph__U31Gm\">W\u015br\u00f3d zatrzymanych s\u0105 r\u00f3wnie\u017c dyrektor i kierownik Wydzia\u0142u Sportu i Turystyki Urz\u0119du Miasta Lublin oraz przedsi\u0119biorcy z bran\u017cy eventowej. W sumie na polecenie Prokuratury Krajowej Lubelskiego Wydzia\u0142u Zamiejscowego Departamentu ds. Przest\u0119pczo\u015bci Zorganizowanej i Korupcji zatrzymano siedem os\u00f3b.<\/p>\n<p>Ustawianie przetarg\u00f3w i bilety VIP <\/p>\n<p class=\"Paragraph_desktopParagraph__U31Gm\">Jak informuj\u0105 s\u0142u\u017cby, post\u0119powanie dotyczy podejrzenia pope\u0142nienia przest\u0119pstwa przekroczenia uprawnie\u0144 oraz ustawiania przetarg\u00f3w. Proceder mia\u0142 polega\u0107 na bezprawnym wywarciu wp\u0142ywu na decyzj\u0119 osoby pe\u0142ni\u0105cej funkcj\u0119 publiczn\u0105 w zwi\u0105zku z przygotowaniem i rozstrzygni\u0119ciem zam\u00f3wienia publicznego.<\/p>\n<p class=\"Paragraph_desktopParagraph__U31Gm\">Z ustale\u0144 \u015bledztwa wynika, \u017ce zatrzymani mieli ustala\u0107 tryb oraz warto\u015b\u0107 zam\u00f3wienia, a tak\u017ce kierowa\u0107 zapytania ofertowe do wcze\u015bniej wskazanych podmiot\u00f3w, co skutkowa\u0142o wyborem z g\u00f3ry okre\u015blonego wykonawcy.<\/p>\n<p class=\"Paragraph_desktopParagraph__U31Gm\">Prokurator przedstawi\u0142 trzem urz\u0119dnikom Urz\u0119du Miasta Lublin, w tym wiceprezydent Lublina, zarzuty przekroczenia uprawnie\u0144 oraz wywierania bezprawnego wp\u0142ywu na post\u0119powanie dotycz\u0105ce organizacji &#8222;Strefy Kibica Euro 2024&#8221;.<\/p>\n<p class=\"Paragraph_desktopParagraph__U31Gm\">\u2014 Z dokonanych ustale\u0144 wynika, i\u017c podejrzani mieli ustala\u0107 tryb oraz warto\u015b\u0107 zam\u00f3wienia, a tak\u017ce kierowa\u0107 zapytania ofertowe do wcze\u015bniej wskazanych podmiot\u00f3w, co skutkowa\u0142o wyborem z g\u00f3ry okre\u015blonego wykonawcy. Zast\u0119pcy prezydenta miasta Lublin zarzucono ponadto przyj\u0119cie korzy\u015bci maj\u0105tkowej w postaci bilet\u00f3w typu VIP \u2014 informuje prokurator Katarzyna Cal\u00f3w\u2013Jaszewska z biura prasowego Prokuratury Krajowej.<\/p>\n<p class=\"Paragraph_desktopParagraph__U31Gm\">Z kolei zatrzymani przedsi\u0119biorcy us\u0142yszeli zarzuty dotycz\u0105ce ingerowania w procedury udzielania zam\u00f3wie\u0144 publicznych. Mia\u0142o to polega\u0107 na zmowach ofertowych oraz pozorowaniu konkurencji, by zapewni\u0107 wygran\u0105 z g\u00f3ry wybranemu podmiotowi. Dodatkowo zarzuca si\u0119 im wywieranie bezprawnego wp\u0142ywu na urz\u0119dnik\u00f3w samorz\u0105dowych oraz wr\u0119czanie i obiecywanie wr\u0119czenia korzy\u015bci maj\u0105tkowych.<\/p>\n<p class=\"VideoPlayerText_videoPlayerText__iDwyz\">Dalszy ci\u0105g materia\u0142u pod wideo<\/p>\n<ul class=\"OchatFollowUps_wrapper__1ry7X\">\n<li class=\"OchatFollowUps_item__Dhyly OchatFollowUps_itemDesktop__R6aBv\">Jakie zarzuty us\u0142ysza\u0142a Beata Stepaniuk-Ku\u015bmierzak?<\/li>\n<li class=\"OchatFollowUps_item__Dhyly OchatFollowUps_itemDesktop__R6aBv\">Kto jeszcze zosta\u0142 zatrzymany w tej sprawie?<\/li>\n<li class=\"OchatFollowUps_item__Dhyly OchatFollowUps_itemDesktop__R6aBv\">Jakie \u015brodki zapobiegawcze zastosowano wobec podejrzanych?<\/li>\n<li class=\"OchatFollowUps_item__Dhyly OchatFollowUps_itemDesktop__R6aBv\">Czy Urz\u0105d Miasta Lublin wsp\u00f3\u0142pracuje z organami \u015bcigania?<\/li>\n<\/ul>\n<p>Wiceprezydent zawieszona w obowi\u0105zkach <\/p>\n<p class=\"Paragraph_desktopParagraph__U31Gm\">Prokurator zastosowa\u0142 wobec podejrzanych \u015brodki zapobiegawcze o charakterze wolno\u015bciowym. Wobec sze\u015bciu podejrzanych zastosowano por\u0119czenia maj\u0105tkowe oraz doz\u00f3r policji, po\u0142\u0105czony z zakazem kontaktowania si\u0119 z innymi podejrzanymi.<\/p>\n<p class=\"Paragraph_desktopParagraph__U31Gm\">\u2014 Dodatkowo wobec dwojga urz\u0119dnik\u00f3w, w tym wiceprezydent Lublina, zastosowano \u015brodek zapobiegawczy w postaci zawieszenia w czynno\u015bciach s\u0142u\u017cbowych. Wobec jednego z podejrzanych przedsi\u0119biorc\u00f3w zastosowano r\u00f3wnie\u017c zakaz opuszczania kraju \u2014 informuje Prokuratura Krajowa.<\/p>\n<p class=\"Paragraph_desktopParagraph__U31Gm\">S\u0142u\u017cby zabezpieczy\u0142y materia\u0142 dowodowy w postaci urz\u0105dze\u0144 elektronicznych oraz obszernej dokumentacji. CBA zaznacza, \u017ce sprawa ma charakter rozwojowy.<\/p>\n<p class=\"Paragraph_desktopParagraph__U31Gm\">Beata Stepaniuk-Ku\u015bmierzak nie chce komentowa\u0107 sprawy \u2014 odsy\u0142a nas do biura prasowego ratusza. Zgadza si\u0119 na podawanie jej pe\u0142nego imienia i nazwiska.<\/p>\n<p>Ratusz: zale\u017cy nam na rzetelnym wyja\u015bnieniu sprawy <\/p>\n<p class=\"Paragraph_desktopParagraph__U31Gm\">Urz\u0105d Miasta potwierdza, \u017ce s\u0142u\u017cby przeprowadzi\u0142y czynno\u015bci dotycz\u0105ce post\u0119powa\u0144 realizowanych przez Wydzia\u0142 Sportu.<\/p>\n<p class=\"Paragraph_desktopParagraph__U31Gm\">\u2014 Urz\u0105d pozostaje do dyspozycji w\u0142a\u015bciwych organ\u00f3w i w pe\u0142ni z nimi wsp\u00f3\u0142pracuje, przekazuj\u0105c wszelkie wymagane dokumenty i informacje. Zale\u017cy nam na rzetelnym i szybkim wyja\u015bnieniu wszystkich okoliczno\u015bci sprawy. Jednocze\u015bnie informujemy, \u017ce realizacja bie\u017c\u0105cych zada\u0144 w departamencie, kt\u00f3rego dotyczy sprawa, przebiega bez zak\u0142\u00f3ce\u0144 \u2014 zaznacza Justyna G\u00f3\u017ad\u017a, rzecznik prasowy prezydenta Lublina.<\/p>\n<p class=\"Paragraph_desktopParagraph__U31Gm\">Jednocze\u015bnie rzecznik podkre\u015bla, \u017ce wszystkie materia\u0142y, o kt\u00f3re poprosi\u0142y s\u0142u\u017cby, zosta\u0142y im udost\u0119pnione, a do czasu wyja\u015bnienia sprawy Stepaniuk-Ku\u015bmierzak nie wykonuje obowi\u0105zk\u00f3w s\u0142u\u017cbowych.<\/p>\n","protected":false},"excerpt":{"rendered":"Du\u017co czytania, a ma\u0142o czasu? Sprawd\u017a\u00a0skr\u00f3t\u00a0artyku\u0142u W \u015brod\u0119 14 stycznia br. o godz. 6 rano agenci CBA weszli&hellip;\n","protected":false},"author":2,"featured_media":206763,"comment_status":"","ping_status":"","sticky":false,"template":"","format":"standard","meta":{"footnotes":""},"categories":[12],"tags":[39647,32,33,348,36,37,27,67,7871,34,35,7446,28,31,53,25,52,68,51,55,42,38,40,39,41,47,29,30,50,26],"class_list":{"0":"post-206762","1":"post","2":"type-post","3":"status-publish","4":"format-standard","5":"has-post-thumbnail","7":"category-polska","8":"tag-beata_stepaniuk_kusmierzak","9":"tag-breaking-news","10":"tag-breakingnews","11":"tag-cba_centralne_biuro_antykorupcyjne","12":"tag-featured-news","13":"tag-featurednews","14":"tag-headlines","15":"tag-intextvideo_splayer","16":"tag-korupcja_lapowka_lapowki","17":"tag-latest-news","18":"tag-latestnews","19":"tag-lublin_miasto","20":"tag-naglowki","21":"tag-najwazniejsze-artykuly","22":"tag-new_header","23":"tag-news","24":"tag-onet3","25":"tag-onet3d","26":"tag-onet3d_2i","27":"tag-phx","28":"tag-pl","29":"tag-poland","30":"tag-polish","31":"tag-polska","32":"tag-polski","33":"tag-screening_general","34":"tag-top-stories","35":"tag-topstories","36":"tag-v2021","37":"tag-wiadomosci"},"share_on_mastodon":{"url":"","error":"Validation failed: Text character limit of 500 exceeded"},"_links":{"self":[{"href":"https:\/\/www.europesays.com\/pl\/wp-json\/wp\/v2\/posts\/206762","targetHints":{"allow":["GET"]}}],"collection":[{"href":"https:\/\/www.europesays.com\/pl\/wp-json\/wp\/v2\/posts"}],"about":[{"href":"https:\/\/www.europesays.com\/pl\/wp-json\/wp\/v2\/types\/post"}],"author":[{"embeddable":true,"href":"https:\/\/www.europesays.com\/pl\/wp-json\/wp\/v2\/users\/2"}],"replies":[{"embeddable":true,"href":"https:\/\/www.europesays.com\/pl\/wp-json\/wp\/v2\/comments?post=206762"}],"version-history":[{"count":0,"href":"https:\/\/www.europesays.com\/pl\/wp-json\/wp\/v2\/posts\/206762\/revisions"}],"wp:featuredmedia":[{"embeddable":true,"href":"https:\/\/www.europesays.com\/pl\/wp-json\/wp\/v2\/media\/206763"}],"wp:attachment":[{"href":"https:\/\/www.europesays.com\/pl\/wp-json\/wp\/v2\/media?parent=206762"}],"wp:term":[{"taxonomy":"category","embeddable":true,"href":"https:\/\/www.europesays.com\/pl\/wp-json\/wp\/v2\/categories?post=206762"},{"taxonomy":"post_tag","embeddable":true,"href":"https:\/\/www.europesays.com\/pl\/wp-json\/wp\/v2\/tags?post=206762"}],"curies":[{"name":"wp","href":"https:\/\/api.w.org\/{rel}","templated":true}]}}