{"id":206886,"date":"2026-01-15T16:45:08","date_gmt":"2026-01-15T16:45:08","guid":{"rendered":"https:\/\/www.europesays.com\/pl\/206886\/"},"modified":"2026-01-15T16:45:08","modified_gmt":"2026-01-15T16:45:08","slug":"dobry-moment-by-zaczac-pic-kallas-zaskoczyla-europoslow","status":"publish","type":"post","link":"https:\/\/www.europesays.com\/pl\/206886\/","title":{"rendered":"&#8222;Dobry moment, by zacz\u0105\u0107 pi\u0107&#8221;. Kallas zaskoczy\u0142a europos\u0142\u00f3w"},"content":{"rendered":"\n<p>&#13;<br \/>\nJak informuje &#8222;Politico&#8221;, powo\u0142uj\u0105c si\u0119 na\u00a0dwa \u017ar\u00f3d\u0142a uczestnicz\u0105ce w\u00a0spotkaniu, esto\u0144ska polityk, wiceprzewodnicz\u0105ca Komisji Europejskiej, wysoki przedstawiciel Unii do\u00a0spraw zagranicznych i\u00a0polityki bezpiecze\u0144stwa Kaja Kallas mia\u0142a ironicznie stwierdzi\u0107, \u017ce\u00a0&#8222;obecna sytuacja na\u00a0\u015bwiecie jest tak trudna, \u017ce\u00a0mo\u017ce to\u00a0by\u0107 dobry moment, by\u00a0zacz\u0105\u0107 pi\u0107&#8221;. &#13;\n<\/p>\n<p> Ironia, kt\u00f3ra zosta\u0142a odebrana jako sygna\u0142 s\u0142abo\u015bci <\/p>\n<p>&#13;<br \/>\nWypowied\u017a pad\u0142a podczas rozmowy z\u00a0liderami grup politycznych i\u00a0mia\u0142a odnosi\u0107 si\u0119 do\u00a0narastaj\u0105cych napi\u0119\u0107 na\u00a0arenie mi\u0119dzynarodowej. Zachodnie media wskazuj\u0105, \u017ce\u00a0komentarz Kallas by\u0142 reakcj\u0105 na\u00a0rosn\u0105ce wyzwania zwi\u0105zane m.in. z\u00a0wojn\u0105 na\u00a0Ukrainie oraz\u00a0dzia\u0142aniami Donalda Trumpa, kt\u00f3re zwi\u0119kszaj\u0105 presj\u0119 na\u00a0europejsk\u0105 dyplomacj\u0119 i\u00a0bezpiecze\u0144stwo. S\u0142owa Kallas odnotowa\u0142y r\u00f3wnie\u017c ukrai\u0144skie media, w\u00a0tym Radio RBC, kt\u00f3re zwr\u00f3ci\u0142y uwag\u0119, \u017ce\u00a0ironiczny ton wypowiedzi mia\u0142 podkre\u015bla\u0107 skal\u0119 skomplikowania obecnej sytuacji. Jednocze\u015bnie w\u00a0komentarzach pojawiaj\u0105 si\u0119 opinie, \u017ce\u00a0podobne sformu\u0142owania, nawet je\u015bli wypowiedziane p\u00f3\u0142\u017cartem, mog\u0105 uderza\u0107 w\u00a0wiarygodno\u015b\u0107 unijnych instytucji. &#13;\n<\/p>\n<p>&#13;<br \/>\nW ocenie cz\u0119\u015bci obserwator\u00f3w niefortunny komentarz w\u00a0praktyce zosta\u0142 odebrany jako sygna\u0142 bezradno\u015bci UE wobec eskaluj\u0105cych problem\u00f3w, a\u00a0nie jako pr\u00f3ba roz\u0142adowania napi\u0119cia. Dziennikarze wskazuj\u0105, \u017ce\u00a0w\u00a0sytuacji, gdy Unia Europejska mierzy si\u0119 z\u00a0realnymi zagro\u017ceniami bezpiecze\u0144stwa, oczekiwana jest przede wszystkim stanowcza i\u00a0sp\u00f3jna komunikacja. &#13;\n<\/p>\n<p>Napi\u0119cia wok\u00f3\u0142 Grenlandii i\u00a0Arktyki w\u00a0tle wypowiedzi<\/p>\n<p>&#13;<br \/>\n&#8222;Politico&#8221; diagnozuje, \u017ce\u00a0wypowied\u017a Kallas mog\u0142a odnosi\u0107 si\u0119 m.in. do\u00a0napi\u0119\u0107 na\u00a0linii Dania\u2013USA w\u00a0kontek\u015bcie \u017c\u0105da\u0144 Donalda Trumpa dotycz\u0105cych Grenlandii i\u00a0rosn\u0105cej rywalizacji o\u00a0wp\u0142ywy w\u00a0Arktyce. W\u00a0tym tygodniu w\u00a0Waszyngtonie dosz\u0142o do\u00a0spotkania sekretarza stanu USA Marco Rubio i\u00a0wiceprezydenta J.D. Vance\u2019a z\u00a0przedstawicielami du\u0144skich i\u00a0grenlandzkich w\u0142adz, jednak rozmowy nie\u00a0przynios\u0142y <a href=\"https:\/\/dorzeczy.pl\/opinie\/832073\/rozmowy-o-grenlandii-dania-nie-zmienilismy-stanowiska-usa.html\" rel=\"nofollow noopener\" target=\"_blank\">\u017cadnego prze\u0142omu<\/a>. &#13;\n<\/p>\n<p>&#13;<br \/>\nW komentarzach pojawia si\u0119 tak\u017ce w\u0105tek rosn\u0105cych napi\u0119\u0107 w\u00a0regionie Morza Ba\u0142tyckiego. Jak wskazuj\u0105 dziennikarze, w\u00a0tym kontek\u015bcie s\u0142owa szefowej unijnej dyplomacji mia\u0142y zosta\u0107 odebrane jako szczeg\u00f3lnie nieadekwatne do\u00a0skali wyzwa\u0144, przed jakimi stoi Europa. &#13;\n<\/p>\n<p>&#13;<br \/>\nCzytaj te\u017c:<br \/><a href=\"https:\/\/dorzeczy.pl\/unia-europejska\/815894\/kallas-krytyka-europy-ze-strony-usa-czesciowo-uzasadniona.html\" rel=\"follow nofollow noopener\" data-schema=\"DORZECZY\" data-image=\"https:\/\/img.dorzeczy.pl\/_thumb\/d2\/9a\/f74a860127f09ab2394c8bxx4b41.jpeg\" target=\"_blank\">Szefowa dyplomacji UE: Krytyka USA jest cz\u0119\u015bciowo uzasadniona<\/a>Czytaj te\u017c:<br \/><a href=\"https:\/\/dorzeczy.pl\/swiat\/817970\/fundusze-ue-trafily-do-hamasu-francja-zada-wyjasnien.html\" rel=\"follow nofollow noopener\" data-schema=\"DORZECZY\" data-image=\"https:\/\/img.dorzeczy.pl\/_thumb\/5b\/66\/4c16e0a1019d376b153517eff8f9.jpeg\" target=\"_blank\">Europejskie fundusze trafi\u0142y do\u00a0Hamasu? Francja \u017c\u0105da wyja\u015bnie\u0144 od\u00a0KE<\/a>&#13;<\/p>\n","protected":false},"excerpt":{"rendered":"&#13; Jak informuje &#8222;Politico&#8221;, powo\u0142uj\u0105c si\u0119 na\u00a0dwa \u017ar\u00f3d\u0142a uczestnicz\u0105ce w\u00a0spotkaniu, esto\u0144ska polityk, wiceprzewodnicz\u0105ca Komisji Europejskiej, wysoki przedstawiciel Unii&hellip;\n","protected":false},"author":2,"featured_media":206887,"comment_status":"","ping_status":"","sticky":false,"template":"","format":"standard","meta":{"footnotes":""},"categories":[14],"tags":[906,32,33,98,9796,27,39654,703,34,35,28,31,25,102,20013,40,41,87,80,39655,29,30,415,104,71,26,82,83,84],"class_list":{"0":"post-206886","1":"post","2":"type-post","3":"status-publish","4":"format-standard","5":"has-post-thumbnail","7":"category-swiat","8":"tag-alkohol","9":"tag-breaking-news","10":"tag-breakingnews","11":"tag-dorzeczy","12":"tag-grenlandia","13":"tag-headlines","14":"tag-kaja-kallas","15":"tag-kryzys","16":"tag-latest-news","17":"tag-latestnews","18":"tag-naglowki","19":"tag-najwazniejsze-artykuly","20":"tag-news","21":"tag-opinie","22":"tag-parlament-europejski","23":"tag-polish","24":"tag-polski","25":"tag-rosja","26":"tag-swiat","27":"tag-szefowa-dyplomacji","28":"tag-top-stories","29":"tag-topstories","30":"tag-ukraina","31":"tag-unia-europejska","32":"tag-usa","33":"tag-wiadomosci","34":"tag-world","35":"tag-world-news","36":"tag-worldnews"},"share_on_mastodon":{"url":"https:\/\/pubeurope.com\/@pl\/115900129240573189","error":""},"_links":{"self":[{"href":"https:\/\/www.europesays.com\/pl\/wp-json\/wp\/v2\/posts\/206886","targetHints":{"allow":["GET"]}}],"collection":[{"href":"https:\/\/www.europesays.com\/pl\/wp-json\/wp\/v2\/posts"}],"about":[{"href":"https:\/\/www.europesays.com\/pl\/wp-json\/wp\/v2\/types\/post"}],"author":[{"embeddable":true,"href":"https:\/\/www.europesays.com\/pl\/wp-json\/wp\/v2\/users\/2"}],"replies":[{"embeddable":true,"href":"https:\/\/www.europesays.com\/pl\/wp-json\/wp\/v2\/comments?post=206886"}],"version-history":[{"count":0,"href":"https:\/\/www.europesays.com\/pl\/wp-json\/wp\/v2\/posts\/206886\/revisions"}],"wp:featuredmedia":[{"embeddable":true,"href":"https:\/\/www.europesays.com\/pl\/wp-json\/wp\/v2\/media\/206887"}],"wp:attachment":[{"href":"https:\/\/www.europesays.com\/pl\/wp-json\/wp\/v2\/media?parent=206886"}],"wp:term":[{"taxonomy":"category","embeddable":true,"href":"https:\/\/www.europesays.com\/pl\/wp-json\/wp\/v2\/categories?post=206886"},{"taxonomy":"post_tag","embeddable":true,"href":"https:\/\/www.europesays.com\/pl\/wp-json\/wp\/v2\/tags?post=206886"}],"curies":[{"name":"wp","href":"https:\/\/api.w.org\/{rel}","templated":true}]}}