{"id":206890,"date":"2026-01-15T16:47:10","date_gmt":"2026-01-15T16:47:10","guid":{"rendered":"https:\/\/www.europesays.com\/pl\/206890\/"},"modified":"2026-01-15T16:47:10","modified_gmt":"2026-01-15T16:47:10","slug":"zwrot-w-sprawie-smierci-kamilka-z-czestochowy-sad-zdecydowal","status":"publish","type":"post","link":"https:\/\/www.europesays.com\/pl\/206890\/","title":{"rendered":"Zwrot w sprawie \u015bmierci Kamilka z Cz\u0119stochowy. S\u0105d zdecydowa\u0142"},"content":{"rendered":"<p class=\"ods-c-paragraph \">Prokuratura Regionalna w Gda\u0144sku post\u0119powanie dotycz\u0105ce podejrzenia niedope\u0142nienia obowi\u0105zk\u00f3w przez urz\u0119dnik\u00f3w i pracownik\u00f3w instytucji pomocowych, kt\u00f3rzy mieli nadzorowa\u0107 rodzin\u0119 Kamilka, umorzy\u0142a w styczniu 2025 r. Prokuratorzy uznali, \u017ce nie dosz\u0142o do z\u0142amania prawa.<\/p>\n<p> Dalszy ci\u0105g artyku\u0142u pod materia\u0142em wideo    <\/p>\n<p> Jakie decyzje podj\u0105\u0142 S\u0105d Rejonowy w Kielcach? <\/p>\n<p> Kiedy zmar\u0142 Kamilek? <\/p>\n<p> Jakie dzia\u0142ania podj\u0119\u0142a prokuratura w sprawie Kamilka? <\/p>\n<p> Co sta\u0142o si\u0119 z za\u017caleniem rodziny Kamilka? <\/p>\n<p>  \u015amier\u0107 Kamilka z Cz\u0119stochowy. Sprawa umorzona, rodzina sk\u0142ada za\u017calenie<\/p>\n<p class=\"ods-c-paragraph \">Rodzina Kamilka przez lata pozostawa\u0142a pod nadzorem instytucji pomocowych i s\u0105du rodzinnego. To w\u0142a\u015bnie zaniechania urz\u0119dnik\u00f3w by\u0142y przedmiotem umorzonego \u015bledztwa. Zdaniem krytyk\u00f3w umorzenia instytucje nie zareagowa\u0142y wystarczaj\u0105co stanowczo na sygna\u0142y o przemocy, a tym samym nie ochroni\u0142y dziecka.<\/p>\n<p class=\"ods-c-paragraph \">Pe\u0142nomocnicy reprezentuj\u0105cy rodze\u0144stwo Kamilka wnie\u015bli za\u017calenie na decyzj\u0119 prokuratury.<\/p>\n<p>Zwrot w sprawie \u015bmierci Kamilka z Cz\u0119stochowy. S\u0105d zdecydowa\u0142<\/p>\n<p class=\"ods-c-paragraph \">S\u0105d Rejonowy w Kielcach podczas czwartkowego posiedzenia cz\u0119\u015bciowo uwzgl\u0119dni\u0142 to za\u017calenie. Zdecydowa\u0142, \u017ce prokuratura ponownie zajmie si\u0119 spraw\u0105 odpowiedzialno\u015bci s\u0105d\u00f3w, prokuratury, policji i pracownik\u00f3w socjalnych w tej sprawie. Jednocze\u015bnie s\u0105d oddali\u0142 za\u017calenie w zakresie lekarzy i nauczycieli. To orzeczenie jest prawomocne.<\/p>\n<p class=\"ods-c-paragraph \">O\u015bmioletni Kamilek zmar\u0142 8 maja 2023 r. w G\u00f3rno\u015bl\u0105skim Centrum Zdrowia Dziecka po 35 dniach walki o \u017cycie. Dziecko trafi\u0142o do szpitala 3 kwietnia 2023 r. po zg\u0142oszeniu z\u0142o\u017conym przez jego biologicznego ojca. Ze \u015bledztwa wynika, \u017ce ojczym ch\u0142opca, Dawid B., przez kilka lat zn\u0119ca\u0142 si\u0119 nad nim. Przed \u015bmierci\u0105 mia\u0142 obla\u0107 go wrz\u0105tkiem i po\u0142o\u017cy\u0107 na rozgrzanym piecu w\u0119glowym, powoduj\u0105c rozleg\u0142e oparzenia g\u0142owy, klatki piersiowej i ko\u0144czyn.<\/p>\n","protected":false},"excerpt":{"rendered":"Prokuratura Regionalna w Gda\u0144sku post\u0119powanie dotycz\u0105ce podejrzenia niedope\u0142nienia obowi\u0105zk\u00f3w przez urz\u0119dnik\u00f3w i pracownik\u00f3w instytucji pomocowych, kt\u00f3rzy mieli nadzorowa\u0107&hellip;\n","protected":false},"author":2,"featured_media":206891,"comment_status":"","ping_status":"","sticky":false,"template":"","format":"standard","meta":{"footnotes":""},"categories":[5],"tags":[32,33,183,36,37,27,39657,2121,49,34,35,39656,28,31,48,25,46,42,38,40,39,41,412,1627,25179,47,29,30,26],"class_list":{"0":"post-206890","1":"post","2":"type-post","3":"status-publish","4":"format-standard","5":"has-post-thumbnail","7":"category-naglowki","8":"tag-breaking-news","9":"tag-breakingnews","10":"tag-dzieci_dziecko","11":"tag-featured-news","12":"tag-featurednews","13":"tag-headlines","14":"tag-kamilek_z_czestochowy","15":"tag-kielce","16":"tag-kraj","17":"tag-latest-news","18":"tag-latestnews","19":"tag-lex_kamilek","20":"tag-naglowki","21":"tag-najwazniejsze-artykuly","22":"tag-nat_styl","23":"tag-news","24":"tag-omp","25":"tag-pl","26":"tag-poland","27":"tag-polish","28":"tag-polska","29":"tag-polski","30":"tag-prawo_sady_prawnicy","31":"tag-prokuratura","32":"tag-sad_rejonowy","33":"tag-screening_general","34":"tag-top-stories","35":"tag-topstories","36":"tag-wiadomosci"},"share_on_mastodon":{"url":"https:\/\/pubeurope.com\/@pl\/115900137177634795","error":""},"_links":{"self":[{"href":"https:\/\/www.europesays.com\/pl\/wp-json\/wp\/v2\/posts\/206890","targetHints":{"allow":["GET"]}}],"collection":[{"href":"https:\/\/www.europesays.com\/pl\/wp-json\/wp\/v2\/posts"}],"about":[{"href":"https:\/\/www.europesays.com\/pl\/wp-json\/wp\/v2\/types\/post"}],"author":[{"embeddable":true,"href":"https:\/\/www.europesays.com\/pl\/wp-json\/wp\/v2\/users\/2"}],"replies":[{"embeddable":true,"href":"https:\/\/www.europesays.com\/pl\/wp-json\/wp\/v2\/comments?post=206890"}],"version-history":[{"count":0,"href":"https:\/\/www.europesays.com\/pl\/wp-json\/wp\/v2\/posts\/206890\/revisions"}],"wp:featuredmedia":[{"embeddable":true,"href":"https:\/\/www.europesays.com\/pl\/wp-json\/wp\/v2\/media\/206891"}],"wp:attachment":[{"href":"https:\/\/www.europesays.com\/pl\/wp-json\/wp\/v2\/media?parent=206890"}],"wp:term":[{"taxonomy":"category","embeddable":true,"href":"https:\/\/www.europesays.com\/pl\/wp-json\/wp\/v2\/categories?post=206890"},{"taxonomy":"post_tag","embeddable":true,"href":"https:\/\/www.europesays.com\/pl\/wp-json\/wp\/v2\/tags?post=206890"}],"curies":[{"name":"wp","href":"https:\/\/api.w.org\/{rel}","templated":true}]}}