{"id":206999,"date":"2026-01-15T17:43:08","date_gmt":"2026-01-15T17:43:08","guid":{"rendered":"https:\/\/www.europesays.com\/pl\/206999\/"},"modified":"2026-01-15T17:43:08","modified_gmt":"2026-01-15T17:43:08","slug":"afera-w-funduszu-sprawiedliwosci-nowa-decyzja-sadu-w-sprawie-jednej-z-urzedniczek","status":"publish","type":"post","link":"https:\/\/www.europesays.com\/pl\/206999\/","title":{"rendered":"Afera w Funduszu Sprawiedliwo\u015bci. Nowa decyzja s\u0105du w sprawie jednej z urz\u0119dniczek"},"content":{"rendered":"<ul class=\"UnorderedList_container__nmfSl\">\n<li class=\"UnorderedList_listElement__Py7xi\" data-id=\"ai-summary-link\">Du\u017co czytania, a ma\u0142o czasu? Sprawd\u017a\u00a0skr\u00f3t\u00a0artyku\u0142u<\/li>\n<\/ul>\n<p class=\"Paragraph_desktopParagraph__U31Gm\">Wniosek obro\u0144c\u00f3w o uchylenie lub zmian\u0119 \u015brodk\u00f3w zapobiegawczych by\u0142ej dyrektor rozpatrywa\u0142a s\u0119dzia Justyna Koska-Janusz. Posiedzenie s\u0105du by\u0142o niejawne i by\u0142o ostatnim przed <a href=\"https:\/\/wiadomosci.onet.pl\/warszawa\/ks-olszewski-stanie-przed-sadem-adwokat-zdradza-co-sie-z-nim-teraz-dzieje\/nmgfpv2\" id=\"68084106-aa50-47d5-87e3-504c5f962208\" rel=\"nofollow noopener\" target=\"_blank\">rozpoczynaj\u0105cym si\u0119 w przysz\u0142\u0105 \u015brod\u0119 procesie Urszuli D., a tak\u017ce ks. Micha\u0142a Olszewskiego<\/a>, i pozosta\u0142ych czterech os\u00f3b, dotycz\u0105cym ustawiania konkurs\u00f3w na wielomilionowe dotacje z Funduszu Sprawiedliwo\u015bci.<\/p>\n<p class=\"VideoPlayerText_videoPlayerText__iDwyz\">Dalszy ci\u0105g materia\u0142u pod wideo<\/p>\n<p class=\"Paragraph_desktopParagraph__U31Gm\">Jak dowiedzia\u0142a si\u0119 PAP od jednej ze stron post\u0119powania, s\u0105d wyda\u0142 postanowienie, w kt\u00f3rym nie uwzgl\u0119dni\u0142 wniosk\u00f3w obro\u0144c\u00f3w Urszuli D. \u2014 ani o uchylenie zakazu opuszczania kraju, ani o zmniejszenie wysoko\u015bci por\u0119czenia maj\u0105tkowego.<\/p>\n<ul class=\"OchatFollowUps_wrapper__1ry7X\">\n<li class=\"OchatFollowUps_item__Dhyly OchatFollowUps_itemDesktop__R6aBv\">Jaka by\u0142a decyzja s\u0105du w sprawie Urszuli D.?<\/li>\n<li class=\"OchatFollowUps_item__Dhyly OchatFollowUps_itemDesktop__R6aBv\">Kiedy rusza proces dotycz\u0105cy Funduszu Sprawiedliwo\u015bci?<\/li>\n<li class=\"OchatFollowUps_item__Dhyly OchatFollowUps_itemDesktop__R6aBv\">Kto jest oskar\u017cony obok Urszuli D.?<\/li>\n<li class=\"OchatFollowUps_item__Dhyly OchatFollowUps_itemDesktop__R6aBv\">Jakie zarzuty ci\u0105\u017c\u0105 na by\u0142ym ministrze Zbigniewie Ziobrze?<\/li>\n<\/ul>\n<p class=\"Paragraph_desktopParagraph__U31Gm\">Akt oskar\u017cenia w tej sprawie \u2014 pierwszy w sprawie nieprawid\u0142owo\u015bci zwi\u0105zanych z wydawaniem pieni\u0119dzy z Funduszu Sprawiedliwo\u015bci \u2014 trafi\u0142 do S\u0105du Okr\u0119gowego w Warszawie na pocz\u0105tku lutego ub.r. Dotyczy jednego z wielu w\u0105tk\u00f3w \u015bledztwa Prokuratury Krajowej, w tym przypadku zwi\u0105zanego z dzia\u0142alno\u015bci\u0105 Fundacji Profeto, kt\u00f3rej szefem jest ks. Olszewski. Do tej fundacji trafi\u0142o z Funduszu ponad 66 mln z\u0142, mimo \u017ce nie spe\u0142nia\u0142a ona wymaga\u0144 formalnych i merytorycznych, by otrzyma\u0107 pieni\u0105dze.<\/p>\n<p class=\"Paragraph_desktopParagraph__U31Gm\">Oskar\u017cone: Urszula D., by\u0142a dyrektor Departamentu Funduszu Sprawiedliwo\u015bci, oraz Karolina K., by\u0142a naczelnik jednego z wydzia\u0142\u00f3w tego departamentu, odpowiadaj\u0105 za przyznanie tych \u015brodk\u00f3w i \u2014 wed\u0142ug prokuratury \u2014 mia\u0142y dzia\u0142a\u0107 wsp\u00f3lnie i w porozumieniu z ks. Olszewskim. Poza nimi oskar\u017cony jest ks. Olszewski, kt\u00f3remu prokuratura zarzuci\u0142a tak\u017ce m.in. pranie brudnych pieni\u0119dzy.<\/p>\n<p class=\"Paragraph_desktopParagraph__U31Gm\">Na tr\u00f3jce tych oskar\u017conych ci\u0105\u017c\u0105 r\u00f3wnie\u017c zarzuty udzia\u0142u w zorganizowanej grupie przest\u0119pczej, przekraczanie uprawnie\u0144 i niedope\u0142nianie obowi\u0105zk\u00f3w, a tak\u017ce po\u015bwiadczanie nieprawdy w dokumentach.<\/p>\n<p class=\"Paragraph_desktopParagraph__U31Gm\">Oskar\u017cenie obejmuje okres, gdy resortem sprawiedliwo\u015bci, kt\u00f3remu podlega Fundusz Sprawiedliwo\u015bci, kierowa\u0142 Zbigniew Ziobro, obecnie pose\u0142 PiS, kt\u00f3ry jest jednym z podejrzanych w \u015bledztwie dotycz\u0105cym Funduszu Sprawiedliwo\u015bci. By\u0142y minister, kt\u00f3ry ostatnio przebywa\u0142 w Budapeszcie, obj\u0119ty jest ochron\u0105 mi\u0119dzynarodow\u0105 przez w\u0142adze W\u0119gier, kt\u00f3re uzna\u0142y, \u017ce gro\u017c\u0105 mu prze\u015bladowania polityczne.<\/p>\n<p>S\u0105d odracza posiedzenie w sprawie Ziobry <\/p>\n<p class=\"Paragraph_desktopParagraph__U31Gm\">W czwartek S\u0105d Rejonowy dla Warszawy-Mokotowa <a href=\"https:\/\/wiadomosci.onet.pl\/kraj\/wniosek-o-areszt-dla-zbigniewa-ziobry-posiedzenie-zostalo-odroczone\/lrzv797\" id=\"60d38986-8784-49fa-9bce-d6c5726f0ffc\" rel=\"nofollow noopener\" target=\"_blank\">odroczy\u0142 do 5 lutego posiedzenie w sprawie aresztu dla Ziobry<\/a> po z\u0142o\u017ceniu przez obro\u0144c\u00f3w wniosku o wy\u0142\u0105czenie s\u0119dzi Agnieszki Prokopowicz. Wniosek ten dotyczy dotychczasowego przebiegu post\u0119powania oraz przynale\u017cno\u015bci s\u0119dzi do Stowarzyszenia S\u0119dzi\u00f3w Polskich &#8222;Iustitia&#8221; i jej deklarowanego stanowiska politycznego wobec by\u0142ego ministra.<\/p>\n<p class=\"Paragraph_desktopParagraph__U31Gm\">Fundusz Pomocy Pokrzywdzonym oraz Pomocy Postpenitencjarnej, okre\u015blany jako Fundusz Sprawiedliwo\u015bci, jest funduszem celowym, czyli jego \u015brodki musz\u0105 by\u0107 wydatkowane wy\u0142\u0105cznie na cele funduszu. Fundusz ten powsta\u0142 w 1997 r., by pomaga\u0107 ofiarom i \u015bwiadkom przest\u0119pstw oraz osobom, kt\u00f3re odby\u0142y kar\u0119 wi\u0119zienia i wracaj\u0105 do uczciwego \u017cycia w spo\u0142ecze\u0144stwie (to pomoc postpenitencjarna). Od 2017 r. fundusz ten otrzyma\u0142 dodatkowy cel polegaj\u0105cy na przeciwdzia\u0142aniu przest\u0119pczo\u015bci.<\/p>\n","protected":false},"excerpt":{"rendered":"Du\u017co czytania, a ma\u0142o czasu? Sprawd\u017a\u00a0skr\u00f3t\u00a0artyku\u0142u Wniosek obro\u0144c\u00f3w o uchylenie lub zmian\u0119 \u015brodk\u00f3w zapobiegawczych by\u0142ej dyrektor rozpatrywa\u0142a s\u0119dzia&hellip;\n","protected":false},"author":2,"featured_media":207000,"comment_status":"","ping_status":"","sticky":false,"template":"","format":"standard","meta":{"footnotes":""},"categories":[5],"tags":[32,33,36,37,5024,27,67,34,35,28,31,53,25,52,68,51,55,42,38,40,39,41,984,47,29,30,65,50,26,4070],"class_list":{"0":"post-206999","1":"post","2":"type-post","3":"status-publish","4":"format-standard","5":"has-post-thumbnail","7":"category-naglowki","8":"tag-breaking-news","9":"tag-breakingnews","10":"tag-featured-news","11":"tag-featurednews","12":"tag-fundusz_sprawiedliwosci_fundusz_panstwowy","13":"tag-headlines","14":"tag-intextvideo_splayer","15":"tag-latest-news","16":"tag-latestnews","17":"tag-naglowki","18":"tag-najwazniejsze-artykuly","19":"tag-new_header","20":"tag-news","21":"tag-onet3","22":"tag-onet3d","23":"tag-onet3d_2i","24":"tag-phx","25":"tag-pl","26":"tag-poland","27":"tag-polish","28":"tag-polska","29":"tag-polski","30":"tag-prawo_sady_sedziowie_sedzia_sad_sadownictwo_prawnik_prawnicy_prawniczka","31":"tag-screening_general","32":"tag-top-stories","33":"tag-topstories","34":"tag-update_me","35":"tag-v2021","36":"tag-wiadomosci","37":"tag-zbigniew_ziobro_polityk"},"share_on_mastodon":{"url":"","error":"Validation failed: Text character limit of 500 exceeded"},"_links":{"self":[{"href":"https:\/\/www.europesays.com\/pl\/wp-json\/wp\/v2\/posts\/206999","targetHints":{"allow":["GET"]}}],"collection":[{"href":"https:\/\/www.europesays.com\/pl\/wp-json\/wp\/v2\/posts"}],"about":[{"href":"https:\/\/www.europesays.com\/pl\/wp-json\/wp\/v2\/types\/post"}],"author":[{"embeddable":true,"href":"https:\/\/www.europesays.com\/pl\/wp-json\/wp\/v2\/users\/2"}],"replies":[{"embeddable":true,"href":"https:\/\/www.europesays.com\/pl\/wp-json\/wp\/v2\/comments?post=206999"}],"version-history":[{"count":0,"href":"https:\/\/www.europesays.com\/pl\/wp-json\/wp\/v2\/posts\/206999\/revisions"}],"wp:featuredmedia":[{"embeddable":true,"href":"https:\/\/www.europesays.com\/pl\/wp-json\/wp\/v2\/media\/207000"}],"wp:attachment":[{"href":"https:\/\/www.europesays.com\/pl\/wp-json\/wp\/v2\/media?parent=206999"}],"wp:term":[{"taxonomy":"category","embeddable":true,"href":"https:\/\/www.europesays.com\/pl\/wp-json\/wp\/v2\/categories?post=206999"},{"taxonomy":"post_tag","embeddable":true,"href":"https:\/\/www.europesays.com\/pl\/wp-json\/wp\/v2\/tags?post=206999"}],"curies":[{"name":"wp","href":"https:\/\/api.w.org\/{rel}","templated":true}]}}