{"id":207009,"date":"2026-01-15T17:49:08","date_gmt":"2026-01-15T17:49:08","guid":{"rendered":"https:\/\/www.europesays.com\/pl\/207009\/"},"modified":"2026-01-15T17:49:08","modified_gmt":"2026-01-15T17:49:08","slug":"andrzej-duda-skomentowal-sytuacje-zbigniewa-ziobry-mowi-o-fatalnej-decyzji","status":"publish","type":"post","link":"https:\/\/www.europesays.com\/pl\/207009\/","title":{"rendered":"Andrzej Duda skomentowa\u0142 sytuacj\u0119 Zbigniewa Ziobry. M\u00f3wi o &#8222;fatalnej decyzji&#8221;"},"content":{"rendered":"<p>        Ziobro na W\u0119grzech. Duda: minister Ziobro nie stch\u00f3rzy\u0142 z punktu widzenia swojej osobistej sytuacji<\/p>\n<p class=\"article-p\" data-section=\"detail-body\">W czwartek 15 stycznia warszawski s\u0105d rejonowy odroczy\u0142 do 5 lutego posiedzenie w sprawie wniosku prokuratury o zastosowanie tymczasowego aresztu wobec by\u0142ego ministra sprawiedliwo\u015bci, obecnie pos\u0142a PiS Zbigniewa Ziobry. Polityk przebywa na W\u0119grzech, gdzie uzyska\u0142 azyl, podobnie jak jego partyjny kolega Marcin Romanowski.<\/p>\n<p class=\"article-p\" data-section=\"detail-body\"><a href=\"https:\/\/www.fakt.pl\/polityka\/sad-odroczyl-posiedzenie-ws-wniosku-o-areszt-dla-ziobry\/4jd6c0g\" id=\"c412753f-949e-4f2c-9667-ac835ab4e741\" rel=\"nofollow noopener\" target=\"_blank\">Nie by\u0142o jeszcze takiego przypadku w Polsce. Nowy etap w sprawie Ziobry. S\u0105d odroczy\u0142 posiedzenie<\/a><\/p>\n<p class=\"article-p\" data-section=\"detail-body\">\u2014 Je\u017celi popatrzymy na to czysto politycznie, to oczywi\u015bcie musieliby\u015bmy powiedzie\u0107: to by\u0142a fatalna decyzja, kt\u00f3ra politycznie go eliminuje w ogromnym stopniu. Tak, to prawda, ale my\u015bl\u0119, \u017ce te wzgl\u0119dy polityczne mia\u0142y tutaj dla ministra Zbigniewa Ziobro dalece mniejsze znaczenie, bo wszyscy doskonale wiemy o tym, \u017ce ma ci\u0119\u017ck\u0105 chorob\u0119 nowotworow\u0105 \u2014 doda\u0142 Andrzej Duda. \u2014 Minister Ziobro nie stch\u00f3rzy\u0142 z punktu widzenia swojej osobistej sytuacji, podkre\u015blam osobistej sytuacji. Pewnie podj\u0105\u0142 decyzj\u0119 racjonaln\u0105.<\/p>\n<p class=\"article-p\" data-section=\"detail-body\"><a href=\"https:\/\/www.fakt.pl\/polityka\/orban-wprowadzil-nowe-prawo-dla-azylantow-wegierski-prawnik-wyjasnia-czy-przepisy\/xmzc9q6\" id=\"e31e2607-b4c2-4cbb-bdb5-aa58d4b55208\" rel=\"nofollow noopener\" target=\"_blank\">Ziobro i Romanowski bezpieczni na W\u0119grzech? Kontrowersyjny przepis Orbana mo\u017ce wywo\u0142a\u0107 sp\u00f3r prawny<\/a><\/p>\n<p class=\"article-p\" data-section=\"detail-body\">W ocenie by\u0142ego prezydenta, zarzuty dla Ziobry s\u0105 &#8222;absurdalne&#8221;. \u2014 Podj\u0105\u0142 tak\u0105 decyzj\u0119, jak\u0105 podj\u0105\u0142. Druga strona medalu to jest absurdalno\u015b\u0107 tych oskar\u017ce\u0144 \u2014 dodawa\u0142. \u2014 To nie jest tak, \u017ce schowa\u0142 sobie pieni\u0105dze publiczne do kieszeni \u2014 podkre\u015bli\u0142 Andrzej Duda.<\/p>\n<p class=\"article-p\" data-section=\"detail-body\">Politycy koalicji rz\u0105dowej m\u00f3wi\u0105, \u017ce Ziobro uciek\u0142 do cz\u0142owieka, kt\u00f3ry jest najbli\u017cej Putina w Europie, czyli do Viktora Orbana. Jak Andrzej Duda reaguje na takie argumenty?<\/p>\n<p class=\"article-p\" data-section=\"detail-body\">\u2014 Koalicja rz\u0105dz\u0105ca b\u0119dzie atakowa\u0142a ministra Zbigniewa Ziobro. Prosz\u0119 pami\u0119ta\u0107, \u017ce nie bez przyczyny postawi\u0142a mu tak\u017ce zupe\u0142nie absurdalne oskar\u017cenia po to, \u017ceby krzycze\u0107, \u017ce jest ich a\u017c 26. Bo to jest spektakl polityczny, kt\u00f3ry oni sobie dzisiaj robi\u0105, przykrywaj\u0105c swoj\u0105 nieudolno\u015b\u0107 w wielu r\u00f3\u017cnych obszarach, przykrywaj\u0105c demonta\u017c Polski w wielu obszarach \u2014 powiedzia\u0142.<\/p>\n<p class=\"article-p\" data-section=\"detail-body\"><a href=\"https:\/\/www.fakt.pl\/polityka\/donald-trump-zmienil-zdanie-ws-iranu-nie-dali-gwarancji\/86ttj5l\" id=\"d7a9afcd-5bdf-4212-a323-5a4e4988b3a9\" rel=\"nofollow noopener\" target=\"_blank\">Trump us\u0142ysza\u0142 to od doradc\u00f3w i zmieni\u0142 zdanie w sprawie Iranu. &#8222;Wstrzymano przygotowania&#8221;<\/a><\/p>\n<p class=\"article-p\" data-section=\"detail-body\">Przypomnijmy, \u017ce wed\u0142ug \u015bledczych z Prokuratury Krajowej, Zbigniew Ziobro mia\u0142 wykorzystywa\u0107 stanowisko ministerialne do dzia\u0142a\u0144 o charakterze przest\u0119pczym. Polityk temu zaprzecza.<\/p>\n<p class=\"article-p\" data-section=\"detail-body\">Prokuratura twierdzi, \u017ce pose\u0142 PiS, gdy kierowa\u0142 resortem sprawiedliwo\u015bci, mia\u0142 pope\u0142ni\u0107 26 przest\u0119pstw, m.in. wydawa\u0107 swoim podw\u0142adnym polecenia \u0142amania prawa, by zapewni\u0107 wybranym podmiotom dotacje z Funduszu Sprawiedliwo\u015bci, ingerowa\u0107 w przygotowanie ofert konkursowych i dopuszcza\u0107 do przyznawania \u015brodk\u00f3w nieuprawnionym podmiotom.<\/p>\n<p class=\"article-p\" data-section=\"detail-body\">Ziobro uwa\u017ca, \u017ce jest ofiara nagonki politycznej. &#8222;Wybieram walk\u0119 z politycznym bandytyzmem i bezprawiem. Stawiam op\u00f3r post\u0119puj\u0105cej dyktaturze. Czyni\u0119 to w imi\u0119 zasad, kt\u00f3rymi zawsze si\u0119 kierowa\u0142em i z powodu kt\u00f3rych sta\u0142em si\u0119 dzi\u015b celem osobistej zemsty Donalda Tuska i jego \u015brodowiska. Sta\u0142em si\u0119 obiektem polowania i nagonki dlatego, \u017ce jako Prokurator Generalny zainicjowa\u0142em liczne \u015bledztwa dotycz\u0105ce ich korupcji i z\u0142odziejstwa&#8221; \u2014 pisa\u0142 12 stycznia na portalu X Ziobro.<\/p>\n","protected":false},"excerpt":{"rendered":"Ziobro na W\u0119grzech. Duda: minister Ziobro nie stch\u00f3rzy\u0142 z punktu widzenia swojej osobistej sytuacji W czwartek 15 stycznia&hellip;\n","protected":false},"author":2,"featured_media":207010,"comment_status":"","ping_status":"","sticky":false,"template":"","format":"standard","meta":{"footnotes":""},"categories":[12],"tags":[32,33,36,37,27,34,35,28,31,25,42,38,40,39,41,29,30,26],"class_list":{"0":"post-207009","1":"post","2":"type-post","3":"status-publish","4":"format-standard","5":"has-post-thumbnail","7":"category-polska","8":"tag-breaking-news","9":"tag-breakingnews","10":"tag-featured-news","11":"tag-featurednews","12":"tag-headlines","13":"tag-latest-news","14":"tag-latestnews","15":"tag-naglowki","16":"tag-najwazniejsze-artykuly","17":"tag-news","18":"tag-pl","19":"tag-poland","20":"tag-polish","21":"tag-polska","22":"tag-polski","23":"tag-top-stories","24":"tag-topstories","25":"tag-wiadomosci"},"share_on_mastodon":{"url":"https:\/\/pubeurope.com\/@pl\/115900381017730663","error":""},"_links":{"self":[{"href":"https:\/\/www.europesays.com\/pl\/wp-json\/wp\/v2\/posts\/207009","targetHints":{"allow":["GET"]}}],"collection":[{"href":"https:\/\/www.europesays.com\/pl\/wp-json\/wp\/v2\/posts"}],"about":[{"href":"https:\/\/www.europesays.com\/pl\/wp-json\/wp\/v2\/types\/post"}],"author":[{"embeddable":true,"href":"https:\/\/www.europesays.com\/pl\/wp-json\/wp\/v2\/users\/2"}],"replies":[{"embeddable":true,"href":"https:\/\/www.europesays.com\/pl\/wp-json\/wp\/v2\/comments?post=207009"}],"version-history":[{"count":0,"href":"https:\/\/www.europesays.com\/pl\/wp-json\/wp\/v2\/posts\/207009\/revisions"}],"wp:featuredmedia":[{"embeddable":true,"href":"https:\/\/www.europesays.com\/pl\/wp-json\/wp\/v2\/media\/207010"}],"wp:attachment":[{"href":"https:\/\/www.europesays.com\/pl\/wp-json\/wp\/v2\/media?parent=207009"}],"wp:term":[{"taxonomy":"category","embeddable":true,"href":"https:\/\/www.europesays.com\/pl\/wp-json\/wp\/v2\/categories?post=207009"},{"taxonomy":"post_tag","embeddable":true,"href":"https:\/\/www.europesays.com\/pl\/wp-json\/wp\/v2\/tags?post=207009"}],"curies":[{"name":"wp","href":"https:\/\/api.w.org\/{rel}","templated":true}]}}