{"id":207021,"date":"2026-01-15T17:55:09","date_gmt":"2026-01-15T17:55:09","guid":{"rendered":"https:\/\/www.europesays.com\/pl\/207021\/"},"modified":"2026-01-15T17:55:09","modified_gmt":"2026-01-15T17:55:09","slug":"brytyjczycy-chca-pozbyc-sie-floty-cieni-maria-zacharowa-sie-nie-hamuje","status":"publish","type":"post","link":"https:\/\/www.europesays.com\/pl\/207021\/","title":{"rendered":"Brytyjczycy chc\u0105 pozby\u0107 si\u0119 floty cieni. Maria Zacharowa si\u0119 nie hamuje"},"content":{"rendered":"\n<p class=\"article_p\" data-section=\"detail-body\">&#8222;By\u0142by to podw\u00f3jny cios dla rosyjskiej machiny wojennej. Nie tylko pozbawiliby\u015bmy ich nielegalnych dochod\u00f3w wojennych, ale tak\u017ce znale\u017aliby\u015bmy spos\u00f3b, by wesprze\u0107 op\u00f3r Ukrainy&#8221; \u2014 stwierdzi\u0142 anonimowy rozm\u00f3wca &#8222;The Times&#8221;.<\/p>\n<ul class=\"article_ul\">\n<li class=\"article_ul_li\"><a href=\"https:\/\/www.komputerswiat.pl\/artykuly\/redakcyjne\/puma-odyniec-i-rekin-w-akcji-polskie-lodolamacze-na-wisle-i-odrze\/eek5cgt\" rel=\"nofollow noopener\" target=\"_blank\">Lodo\u0142amacze wyp\u0142yn\u0105\u0142 na Wis\u0142\u0119 i Odr\u0119. Polska b\u0119dzie wsp\u00f3\u0142pracowa\u0107 z Niemcami<\/a><\/li>\n<\/ul>\n<p class=\"article_p\" data-section=\"detail-body\">Brytyjskie si\u0142y specjalne s\u0105 przygotowywane do aborda\u017cu statk\u00f3w rosyjskiej floty cieni w ramach akcji wymierzonej w rosyjsk\u0105 gospodark\u0119. Elitarne jednostki s\u0105 obecnie szkolone do zjazdu po linach na pok\u0142ad z helikopter\u00f3w i przejmowania za\u0142\u00f3g. To najprostszy spos\u00f3b przejmowania kontroli nad statkami floty cieni W\u0142adimira Putina.<\/p>\n<ul class=\"article_ul\">\n<li class=\"article_ul_li\"><a href=\"https:\/\/wiadomosci.onet.pl\/swiat\/niemcy-uderzaja-we-flote-cieni-na-morzu-baltyckim-punkt-zwrotny\/ne2p0yg\" rel=\"nofollow noopener\" target=\"_blank\">&#8222;Punkt zwrotny&#8221; na Ba\u0142tyku? Zdecydowane ruchy Niemiec wobec floty cieni<\/a><\/li>\n<\/ul>\n<p>        Maria Zacharowa reaguje na doniesienia w sprawie floty cieni<\/p>\n<p class=\"article_p\" data-section=\"detail-body\">Do doniesie\u0144 prasowych podczas konferencji odnios\u0142a si\u0119 rzeczniczka MSZ Rosji Maria Zacharowa. Dyplomatka stwierdzi\u0142a, \u017ce Londyn zacz\u0105\u0142 rozwa\u017ca\u0107 mo\u017cliwo\u015b\u0107 wykorzystania ustawy o sankcjach narodowych i praniu brudnych pieni\u0119dzy z 2018 r. jako podstawy prawnej do rozmieszczenia brytyjskich si\u0142 zbrojnych w celu zatrzymania statk\u00f3w na pe\u0142nym morzu.<\/p>\n<ul class=\"article_ul\">\n<li class=\"article_ul_li\"><a href=\"https:\/\/www.fakt.pl\/polityka\/amerykanie-zajeli-tankowiec-na-atlantyku-czy-mozliwe-jest-przejecie-floty-cieni-na\/8e96mcp\" rel=\"nofollow noopener\" target=\"_blank\">Czy podobna akcja mo\u017cliwa jest na Ba\u0142tyku? Tak Amerykanie radz\u0105 sobie z flot\u0105 cieni<\/a><\/li>\n<\/ul>\n<p>            Czytaj tak\u017ce w BUSINESS INSIDER<\/p>\n<p class=\"article_p\" data-section=\"detail-body\">&#8222;Ten proces rozwa\u017ca\u0144 koncentruje si\u0119 przede wszystkim na wyrz\u0105dzeniu szkody rosyjskim interesom. Realizacj\u0119 takich agresywnych zamiar\u00f3w b\u0119dziemy traktowa\u0107 jako bezpo\u015brednie naruszenie postanowie\u0144 Konwencji ONZ o prawie morza z 1982 r., kt\u00f3rej przestrzegania tak gorliwie domagaj\u0105 si\u0119 sami Brytyjczycy&#8221; \u2014 m\u00f3wi\u0142a, cytowana przez TASS Zacharowa.<\/p>\n<p class=\"article_p\" data-section=\"detail-body\">Wed\u0142ug oficjalnych danych i wypowiedzi rosyjskich urz\u0119dnik\u00f3w udzia\u0142 dochod\u00f3w z ropy naftowej i gazu w bud\u017cecie federalnym Rosji w 2025 r. nie przekroczy 30 proc. Jednak to nie efekt dywersyfikacji zysk\u00f3w, a skutek sankcji i mniejszego zainteresowania rosyjsk\u0105 rop\u0105.<\/p>\n","protected":false},"excerpt":{"rendered":"&#8222;By\u0142by to podw\u00f3jny cios dla rosyjskiej machiny wojennej. Nie tylko pozbawiliby\u015bmy ich nielegalnych dochod\u00f3w wojennych, ale tak\u017ce znale\u017aliby\u015bmy&hellip;\n","protected":false},"author":2,"featured_media":207022,"comment_status":"","ping_status":"","sticky":false,"template":"","format":"standard","meta":{"footnotes":""},"categories":[14],"tags":[32,33,27,34,35,28,31,25,40,41,80,29,30,26,82,83,84],"class_list":{"0":"post-207021","1":"post","2":"type-post","3":"status-publish","4":"format-standard","5":"has-post-thumbnail","7":"category-swiat","8":"tag-breaking-news","9":"tag-breakingnews","10":"tag-headlines","11":"tag-latest-news","12":"tag-latestnews","13":"tag-naglowki","14":"tag-najwazniejsze-artykuly","15":"tag-news","16":"tag-polish","17":"tag-polski","18":"tag-swiat","19":"tag-top-stories","20":"tag-topstories","21":"tag-wiadomosci","22":"tag-world","23":"tag-world-news","24":"tag-worldnews"},"share_on_mastodon":{"url":"https:\/\/pubeurope.com\/@pl\/115900404582082035","error":""},"_links":{"self":[{"href":"https:\/\/www.europesays.com\/pl\/wp-json\/wp\/v2\/posts\/207021","targetHints":{"allow":["GET"]}}],"collection":[{"href":"https:\/\/www.europesays.com\/pl\/wp-json\/wp\/v2\/posts"}],"about":[{"href":"https:\/\/www.europesays.com\/pl\/wp-json\/wp\/v2\/types\/post"}],"author":[{"embeddable":true,"href":"https:\/\/www.europesays.com\/pl\/wp-json\/wp\/v2\/users\/2"}],"replies":[{"embeddable":true,"href":"https:\/\/www.europesays.com\/pl\/wp-json\/wp\/v2\/comments?post=207021"}],"version-history":[{"count":0,"href":"https:\/\/www.europesays.com\/pl\/wp-json\/wp\/v2\/posts\/207021\/revisions"}],"wp:featuredmedia":[{"embeddable":true,"href":"https:\/\/www.europesays.com\/pl\/wp-json\/wp\/v2\/media\/207022"}],"wp:attachment":[{"href":"https:\/\/www.europesays.com\/pl\/wp-json\/wp\/v2\/media?parent=207021"}],"wp:term":[{"taxonomy":"category","embeddable":true,"href":"https:\/\/www.europesays.com\/pl\/wp-json\/wp\/v2\/categories?post=207021"},{"taxonomy":"post_tag","embeddable":true,"href":"https:\/\/www.europesays.com\/pl\/wp-json\/wp\/v2\/tags?post=207021"}],"curies":[{"name":"wp","href":"https:\/\/api.w.org\/{rel}","templated":true}]}}