{"id":207038,"date":"2026-01-15T18:04:10","date_gmt":"2026-01-15T18:04:10","guid":{"rendered":"https:\/\/www.europesays.com\/pl\/207038\/"},"modified":"2026-01-15T18:04:10","modified_gmt":"2026-01-15T18:04:10","slug":"donald-tusk-reaguje-po-slowach-donalda-trumpa-wszyscy-o-tym-wiecie","status":"publish","type":"post","link":"https:\/\/www.europesays.com\/pl\/207038\/","title":{"rendered":"Donald Tusk reaguje po s\u0142owach Donalda Trumpa. &#8222;Wszyscy o tym wiecie&#8221;"},"content":{"rendered":"<p> Dlaczego o tym piszemy? <\/p>\n<p class=\"ods-c-paragraph \">Donald Trump w wywiadzie udzielonym Reutersowi w Gabinecie Owalnym Bia\u0142ego Domu <a href=\"https:\/\/wiadomosci.onet.pl\/swiat\/donald-trump-oskarza-wolodymyra-zelenskiego-jest-przeszkoda-do-pokoju\/fjm9el6\" id=\"7f015cd1-8c44-44f2-81b4-7e765f5527be\" rel=\"nofollow noopener\" target=\"_blank\">uzna\u0142 postaw\u0119 Ukrainy i jej prezydenta za g\u0142\u00f3wn\u0105 przeszkod\u0119 w zako\u0144czeniu wojny<\/a>. \u2014 My\u015bl\u0119, \u017ce on (Putin) jest gotowy do zawarcia uk\u0142adu. My\u015bl\u0119, \u017ce Ukraina jest mniej gotowa \u2014 powiedzia\u0142. Dopytywany, co stoi na przeszkodzie, odpar\u0142: \u2014 Ze\u0142enski. Musimy sk\u0142oni\u0107 prezydenta Ze\u0142enskiego, \u017ceby si\u0119 zgodzi\u0142.<\/p>\n<p>  Jak zareagowa\u0142 Donald Tusk? <\/p>\n<p class=\"ods-c-paragraph \">Po tej wypowiedzi wpis opublikowa\u0142 polski premier. W platformie X jednoznacznie wskaza\u0142, kto odpowiada za to, \u017ce w Ukrainie wci\u0105\u017c trwa wojna.<\/p>\n<p class=\"ods-c-paragraph \">&#8222;To Rosja odrzuci\u0142a plan pokojowy przygotowany przez Stany Zjednoczone, a nie Wo\u0142odymyr Ze\u0142enski. Jedyn\u0105 odpowiedzi\u0105 Rosji by\u0142y kolejne ataki rakietowe na ukrai\u0144skie miasta. Dlatego jedynym rozwi\u0105zaniem jest zwi\u0119kszenie presji na Rosj\u0119. Wszyscy o tym wiecie&#8221; \u2014 napisa\u0142 w X premier Donald Tusk.<\/p>\n<p> Jak zareagowa\u0142 Donald Tusk na s\u0142owa Donalda Trumpa? <\/p>\n<p> Co m\u00f3wi\u0142 Donald Trump o Ukrainie? <\/p>\n<p> Jakie s\u0105 obecne warunki w Ukrainie? <\/p>\n<p> Co jest przeszkod\u0105 w zako\u0144czeniu wojny wed\u0142ug Trumpa? <\/p>\n<p>    Co dalej z negocjacjami pokojowymi? <\/p>\n<p class=\"ods-c-paragraph \">Na kr\u00f3tko przed \u015bwi\u0119tami, po spotkaniach w Miami w formacie USA-Ukraina i USA-Rosja, Trump przekaza\u0142, \u017ce rozmowy &#8222;przebiegaj\u0105 w porz\u0105dku&#8221;. W o\u015bwiadczeniach po negocjacjach zapewniono, \u017ce by\u0142y &#8222;produktywne i konstruktywne&#8221;. 28 grudnia Wo\u0142odymyr Ze\u0142enski spotka\u0142 si\u0119 z prezydentem Trumpem w jego rezydencji Mar-a-Lago, a obaj przyw\u00f3dcy okre\u015blili rozmowy jako &#8222;owocne&#8221;.<\/p>\n<p class=\"ods-c-paragraph \">20-punktowy plan pokojowy wci\u0105\u017c odrzuca Rosja. W niedawnym raporcie ameryka\u0144ski think tank Instytut Studi\u00f3w nad Wojn\u0105 (ISW) oceni\u0142, \u017ce Moskwa nie zaakceptuje \u017cadnego porozumienia pokojowego ani gwarancji bezpiecze\u0144stwa, kt\u00f3re w \u015bredniej albo d\u0142ugiej perspektywie nie zagwarantowa\u0142yby jej pe\u0142nej kontroli nad Ukrain\u0105.<\/p>\n<p>    Co obecnie dzieje si\u0119 w Ukrainie? <\/p>\n<p class=\"ods-c-paragraph \">Ukraina wprowadzi\u0142a w \u015brod\u0119 stan wyj\u0105tkowy w energetyce po zmasowanych atakach Rosji na wa\u017cn\u0105 spo\u0142ecznie infrastruktur\u0119. W stolicy Ukrainy brakuje pr\u0105du, ciep\u0142a i wody. Mer Kijowa Witalij Kliczko oceni\u0142, \u017ce w tak ekstremalnych warunkach ukrai\u0144ska stolica nie funkcjonowa\u0142a od pocz\u0105tku wybuchu wojny z Rosj\u0105 na pe\u0142n\u0105 skal\u0119 w lutym 2022 r.<\/p>\n<p class=\"ods-c-paragraph \">Zobacz tak\u017ce:<\/p>\n","protected":false},"excerpt":{"rendered":"Dlaczego o tym piszemy? Donald Trump w wywiadzie udzielonym Reutersowi w Gabinecie Owalnym Bia\u0142ego Domu uzna\u0142 postaw\u0119 Ukrainy&hellip;\n","protected":false},"author":2,"featured_media":189902,"comment_status":"","ping_status":"","sticky":false,"template":"","format":"standard","meta":{"footnotes":""},"categories":[5],"tags":[32,33,44,212,36,37,27,76,49,34,35,28,31,48,25,46,42,38,40,39,41,87,47,29,30,415,70,26,408,309],"class_list":{"0":"post-207038","1":"post","2":"type-post","3":"status-publish","4":"format-standard","5":"has-post-thumbnail","7":"category-naglowki","8":"tag-breaking-news","9":"tag-breakingnews","10":"tag-donald_trump","11":"tag-donald_tusk","12":"tag-featured-news","13":"tag-featurednews","14":"tag-headlines","15":"tag-inwazja_rosji_na_ukraine","16":"tag-kraj","17":"tag-latest-news","18":"tag-latestnews","19":"tag-naglowki","20":"tag-najwazniejsze-artykuly","21":"tag-nat_styl","22":"tag-news","23":"tag-omp","24":"tag-pl","25":"tag-poland","26":"tag-polish","27":"tag-polska","28":"tag-polski","29":"tag-rosja","30":"tag-screening_general","31":"tag-top-stories","32":"tag-topstories","33":"tag-ukraina","34":"tag-w_skrocie","35":"tag-wiadomosci","36":"tag-wladimir_putin","37":"tag-wolodymyr_zelenski"},"share_on_mastodon":{"url":"https:\/\/pubeurope.com\/@pl\/115900439888351366","error":""},"_links":{"self":[{"href":"https:\/\/www.europesays.com\/pl\/wp-json\/wp\/v2\/posts\/207038","targetHints":{"allow":["GET"]}}],"collection":[{"href":"https:\/\/www.europesays.com\/pl\/wp-json\/wp\/v2\/posts"}],"about":[{"href":"https:\/\/www.europesays.com\/pl\/wp-json\/wp\/v2\/types\/post"}],"author":[{"embeddable":true,"href":"https:\/\/www.europesays.com\/pl\/wp-json\/wp\/v2\/users\/2"}],"replies":[{"embeddable":true,"href":"https:\/\/www.europesays.com\/pl\/wp-json\/wp\/v2\/comments?post=207038"}],"version-history":[{"count":0,"href":"https:\/\/www.europesays.com\/pl\/wp-json\/wp\/v2\/posts\/207038\/revisions"}],"wp:featuredmedia":[{"embeddable":true,"href":"https:\/\/www.europesays.com\/pl\/wp-json\/wp\/v2\/media\/189902"}],"wp:attachment":[{"href":"https:\/\/www.europesays.com\/pl\/wp-json\/wp\/v2\/media?parent=207038"}],"wp:term":[{"taxonomy":"category","embeddable":true,"href":"https:\/\/www.europesays.com\/pl\/wp-json\/wp\/v2\/categories?post=207038"},{"taxonomy":"post_tag","embeddable":true,"href":"https:\/\/www.europesays.com\/pl\/wp-json\/wp\/v2\/tags?post=207038"}],"curies":[{"name":"wp","href":"https:\/\/api.w.org\/{rel}","templated":true}]}}